{"id":129019,"date":"2026-04-29T10:04:24","date_gmt":"2026-04-29T10:04:24","guid":{"rendered":"https:\/\/enfoquenoticioso.com\/?p=129019"},"modified":"2026-04-29T10:04:24","modified_gmt":"2026-04-29T10:04:24","slug":"el-ceo-de-xiaomi-revela-si-lanzaran-coches-baratos-no-van-a-bajar-de-este-precio","status":"publish","type":"post","link":"https:\/\/enfoquenoticioso.com\/?p=129019","title":{"rendered":"El CEO de Xiaomi revela si lanzar\u00e1n coches baratos: no van a bajar de este precio"},"content":{"rendered":"<figure><img loading=\"lazy\" decoding=\"async\" width=\"800\" height=\"450\" src=\"https:\/\/i0.wp.com\/imgs.hipertextual.com\/wp-content\/uploads\/2026\/02\/Xiaomi-SU7-4.jpg?fit=800%2C450&amp;quality=70&amp;strip=all&amp;ssl=1\" class=\"attachment-rss-image-size size-rss-image-size wp-post-image\" alt=\"Xiaomi coche\" \/><\/figure>\n<p><strong>Xiaomi<\/strong> contin\u00faa lanzando coches en Asia mientras <a href=\"https:\/\/hipertextual.com\/movilidad\/xiaomi-roba-a-tesla-una-de-sus-piezas-mas-importantes-el-maximo-responsable-de-entregas-en-europa\/\" target=\"_blank\" rel=\"noopener\">preparan su expansi\u00f3n en Europa<\/a> para 2027. Este pr\u00f3ximo (y cada vez m\u00e1s cercano) gran paso para la compa\u00f1\u00eda china nos hace plantearnos muchas preguntas, y una de las m\u00e1s sonadas es si, del mismo modo que con sus smartphones, apostar\u00e1n por veh\u00edculos baratos. Lei Jun, CEO\u00a0de Xiaomi, por fin ha resuelto esta duda y <strong>ha revelado si la compa\u00f1\u00eda lanzar\u00e1 coches econ\u00f3micos en un futuro<\/strong>. <\/p>\n<p>Y tenemos malas noticias para ti. El CEO de Xiaomi confirm\u00f3 en una retransmisi\u00f3n en directo hace unas semanas que la compa\u00f1\u00eda <strong>no tiene intenci\u00f3n de lanzar veh\u00edculos que bajen del umbral de 100.000 yuanes<\/strong> (unos 12.000 euros al cambio). Por supuesto, hablamos de costes en el mercado asi\u00e1tico. <\/p>\n<p>En Europa, 12.000 euros es un precio extremadamente econ\u00f3mico para un coche. No obstante, es cero probable que los veh\u00edculos de la marca se lancen en pa\u00edses como Espa\u00f1a por este coste. Al precio total hay que sumarle costes de importaci\u00f3n, aranceles, impuestos, adaptaci\u00f3n t\u00e9cnica al mercado europeo, m\u00e1rgenes de beneficios y otros factores que <strong>van a incrementar el precio considerablemente<\/strong>.<\/p>\n<div id=\"ez-toc-container\" class=\"ez-toc-v2_0_81 counter-hierarchy ez-toc-counter ez-toc-grey ez-toc-container-direction\">\n<div class=\"ez-toc-title-container\">\n<p class=\"ez-toc-title\" style=\"cursor:inherit\">Tabla de Contenido<\/p>\n<span class=\"ez-toc-title-toggle\"><a href=\"#\" class=\"ez-toc-pull-right ez-toc-btn ez-toc-btn-xs ez-toc-btn-default ez-toc-toggle\" aria-label=\"Alternar tabla de contenidos\"><span class=\"ez-toc-js-icon-con\"><span class=\"\"><span class=\"eztoc-hide\" style=\"display:none;\">Toggle<\/span><span class=\"ez-toc-icon-toggle-span\"><svg style=\"fill: #999;color:#999\" xmlns=\"http:\/\/www.w3.org\/2000\/svg\" class=\"list-377408\" width=\"20px\" height=\"20px\" viewBox=\"0 0 24 24\" fill=\"none\"><path d=\"M6 6H4v2h2V6zm14 0H8v2h12V6zM4 11h2v2H4v-2zm16 0H8v2h12v-2zM4 16h2v2H4v-2zm16 0H8v2h12v-2z\" fill=\"currentColor\"><\/path><\/svg><svg style=\"fill: #999;color:#999\" class=\"arrow-unsorted-368013\" xmlns=\"http:\/\/www.w3.org\/2000\/svg\" width=\"10px\" height=\"10px\" viewBox=\"0 0 24 24\" version=\"1.2\" baseProfile=\"tiny\"><path d=\"M18.2 9.3l-6.2-6.3-6.2 6.3c-.2.2-.3.4-.3.7s.1.5.3.7c.2.2.4.3.7.3h11c.3 0 .5-.1.7-.3.2-.2.3-.5.3-.7s-.1-.5-.3-.7zM5.8 14.7l6.2 6.3 6.2-6.3c.2-.2.3-.5.3-.7s-.1-.5-.3-.7c-.2-.2-.4-.3-.7-.3h-11c-.3 0-.5.1-.7.3-.2.2-.3.5-.3.7s.1.5.3.7z\"\/><\/svg><\/span><\/span><\/span><\/a><\/span><\/div>\n<nav><ul class='ez-toc-list ez-toc-list-level-1 ' ><li class='ez-toc-page-1 ez-toc-heading-level-2'><a class=\"ez-toc-link ez-toc-heading-1\" href=\"https:\/\/enfoquenoticioso.com\/?p=129019\/#El_motivo_por_el_que_Xiaomi_no_fabricara_coches_baratos\" >El motivo por el que Xiaomi no fabricar\u00e1 coches baratos<\/a><\/li><\/ul><\/nav><\/div>\n<h2 class=\"wp-block-heading\" id=\"h-el-motivo-por-el-que-xiaomi-no-fabricara-coches-baratos\"><span class=\"ez-toc-section\" id=\"El_motivo_por_el_que_Xiaomi_no_fabricara_coches_baratos\"><\/span>El motivo por el que Xiaomi no fabricar\u00e1 coches baratos<span class=\"ez-toc-section-end\"><\/span><\/h2>\n<figure class=\"wp-block-image alignwide size-large\"><img loading=\"lazy\" decoding=\"async\" data-recalc-dims=\"1\" width=\"780\" height=\"454\" src=\"https:\/\/i0.wp.com\/imgs.hipertextual.com\/wp-content\/uploads\/2023\/12\/Xiaomi-SU7-1-1500x873.jpg?resize=780%2C454&#038;quality=70&#038;strip=all&#038;ssl=1\" alt=\"Xiaomi SU7, coches el\u00e9ctricos chinos\" class=\"wp-image-1772650\" \/><\/figure>\n<p>Lei Jun tambi\u00e9n ha aprovechado para explicar el motivo de por qu\u00e9 Xiaomi no tendr\u00e1 coches baratos. El ejecutivo revela que los veh\u00edculos dependen cada vez m\u00e1s de <strong>sistemas inteligentes de ayuda a la conducci\u00f3n<\/strong>, los cuales tienen un coste elevado que, a su vez, hacen que sus veh\u00edculos no puedan tener un precio inferior a los 100.000 yuanes. Un ejemplo claro es la <a href=\"https:\/\/hipertextual.com\/movilidad\/xiaomi-deja-a-tesla-tiritando-asi-es-el-nuevo-xiaomi-su7-con-hasta-902-km-de-autonomia\/\" target=\"_blank\" rel=\"noopener\">nueva versi\u00f3n del SU7<\/a> que Xiaomi anunci\u00f3 hace unas semanas, el cual incluye m\u00e1s de 100 mejoras frente al modelo anterior. <\/p>\n<p>En cualquier caso, Xiaomi ha demostrado durante los \u00faltimos a\u00f1os que su objetivo es l<strong>anzar coches de gama media \/ alta <\/strong>que destaquen por sus prestaciones. Es algo que el resto de fabricantes chinos tambi\u00e9n est\u00e1 haciendo teniendo en cuenta la demanda y el cada vez m\u00e1s bajo inter\u00e9s por los coches econ\u00f3micos en China. De hecho, y tal y como afirma <em><a href=\"https:\/\/carnewschina.com\/2026\/04\/17\/no-cheap-evs-xiaomi-rules-out-sub-13800-usd-models-as-lei-jun-confirms-no-budget-plans\/\" target=\"_blank\" rel=\"noopener\">CarNewsChina<\/a><\/em>, las ventas de \u201cveh\u00edculos el\u00e9ctricos de nivel b\u00e1sico\u201d de marcas como BYD o Wuling han ca\u00eddo en hasta un 58 % durante los primeros meses del a\u00f1o. Tendremos que esperar para ver a qu\u00e9 precio llegan los coches de Xiaomi al mercado europeo.<\/p>\n<p>Seguir leyendo: <a href=\"https:\/\/hipertextual.com\/movilidad\/el-ceo-de-xiaomi-revela-si-lanzaran-coches-baratos-no-van-a-bajar-de-este-precio\/\" target=\"_blank\" rel=\"noopener\">El CEO de Xiaomi revela si lanzar\u00e1n coches baratos: no van a bajar de este precio<\/a><\/p>\n<p><a href=\"https:\/\/hipertextual.com\/movilidad\/el-ceo-de-xiaomi-revela-si-lanzaran-coches-baratos-no-van-a-bajar-de-este-precio\/\" class=\" target=\" title=\"El CEO de Xiaomi revela si lanzar\u00e1n coches baratos: no van a bajar de este precio\" target=\"_blank\" rel=\"noopener\">Ver fuente<\/a><\/p>\n","protected":false},"excerpt":{"rendered":"<p>Xiaomi contin\u00faa lanzando coches en Asia mientras preparan su expansi\u00f3n en Europa para 2027. Este pr\u00f3ximo (y cada vez m\u00e1s cercano) gran paso para la compa\u00f1\u00eda china nos hace plantearnos muchas preguntas, y una de las m\u00e1s sonadas es si, del mismo modo que con sus smartphones, apostar\u00e1n por veh\u00edculos baratos. Lei Jun, CEO\u00a0de Xiaomi, [&hellip;]<\/p>\n","protected":false},"author":2,"featured_media":129020,"comment_status":"open","ping_status":"closed","sticky":false,"template":"","format":"standard","meta":{"footnotes":""},"categories":[9],"tags":[],"class_list":["post-129019","post","type-post","status-publish","format-standard","has-post-thumbnail","hentry","category-tecnologia"],"_links":{"self":[{"href":"https:\/\/enfoquenoticioso.com\/index.php?rest_route=\/wp\/v2\/posts\/129019","targetHints":{"allow":["GET"]}}],"collection":[{"href":"https:\/\/enfoquenoticioso.com\/index.php?rest_route=\/wp\/v2\/posts"}],"about":[{"href":"https:\/\/enfoquenoticioso.com\/index.php?rest_route=\/wp\/v2\/types\/post"}],"author":[{"embeddable":true,"href":"https:\/\/enfoquenoticioso.com\/index.php?rest_route=\/wp\/v2\/users\/2"}],"replies":[{"embeddable":true,"href":"https:\/\/enfoquenoticioso.com\/index.php?rest_route=%2Fwp%2Fv2%2Fcomments&post=129019"}],"version-history":[{"count":0,"href":"https:\/\/enfoquenoticioso.com\/index.php?rest_route=\/wp\/v2\/posts\/129019\/revisions"}],"wp:featuredmedia":[{"embeddable":true,"href":"https:\/\/enfoquenoticioso.com\/index.php?rest_route=\/wp\/v2\/media\/129020"}],"wp:attachment":[{"href":"https:\/\/enfoquenoticioso.com\/index.php?rest_route=%2Fwp%2Fv2%2Fmedia&parent=129019"}],"wp:term":[{"taxonomy":"category","embeddable":true,"href":"https:\/\/enfoquenoticioso.com\/index.php?rest_route=%2Fwp%2Fv2%2Fcategories&post=129019"},{"taxonomy":"post_tag","embeddable":true,"href":"https:\/\/enfoquenoticioso.com\/index.php?rest_route=%2Fwp%2Fv2%2Ftags&post=129019"}],"curies":[{"name":"wp","href":"https:\/\/api.w.org\/{rel}","templated":true}]}}