{"id":129021,"date":"2026-04-29T10:14:08","date_gmt":"2026-04-29T10:14:08","guid":{"rendered":"https:\/\/enfoquenoticioso.com\/?p=129021"},"modified":"2026-04-29T10:14:08","modified_gmt":"2026-04-29T10:14:08","slug":"despedidas-que-duelen-duelen","status":"publish","type":"post","link":"https:\/\/enfoquenoticioso.com\/?p=129021","title":{"rendered":"Despedidas que duelen, duelen\u2026"},"content":{"rendered":"<p><img loading=\"lazy\" decoding=\"async\" width=\"300\" height=\"200\" src=\"https:\/\/www.liderendeportes.com\/wp-content\/uploads\/2026\/04\/Fernando-Aristeguieta-300x200.webp\" class=\"webfeedsFeaturedVisual wp-post-image\" alt=\"Fernando Aristeguieta\" style=\"margin-bottom: 10px;clear:both;max-width: 100%\" \/><\/p>\n<p>El adi\u00f3s es un acto que no deber\u00eda existir. Algo tendr\u00e1 alguna vez que suplantarlo, porque suele ser un episodio de vac\u00edo y dolor. Especialmente cuando esa despedida es con alguien querido, \u201cel alma del Caracas\u201d, como fueron las palabras del equipo de la ciudad capital. As\u00ed ha sido con la renuncia de Fernando Aristeguieta a la direcci\u00f3n del equipo, en una se\u00f1al de honestidad del hombre que se encarg\u00f3 del grupo dejando atr\u00e1s sus firmes y apreciados pasos en M\u00e9xico. Al Caracas lleg\u00f3 con promesas de todos, sobre todo de aquella gente ilusionada que fue a buscarlo en multitud al aeropuerto de Maiquet\u00eda. Rodeado de sue\u00f1os, vivi\u00f3 todo este tiempo en la utop\u00eda de hacer de \u201cLos Rojos del \u00c1vila\u201d uno de los m\u00e1s encumbrados clubes de Am\u00e9rica del Sur. Y estaba en el sendero, apuntando firme hacia grandes y coloridos destinos, pretendiendo cambiar lo que hab\u00eda que cambiar\u2026<\/p>\n<p>Pero Venezuela no es M\u00e9xico, el f\u00fatbol venezolano no es el f\u00fatbol mexicano, y Aristeguieta debi\u00f3 tropezar con la misma piedra cientos de veces. Ven\u00eda del Puebla, de ser entrenador del Sub23 del equipo blanco y azul, y con un porvenir ancho y propio. Aqu\u00ed se consigui\u00f3, como el mismo dec\u00eda, con \u201cpoca cultura futbol\u00edstica\u201d, con desd\u00e9n en el sentido de entender el verdadero significado de todo lo que el f\u00fatbol debe ser. Acarreando este peso debi\u00f3 transitar por los estadios del pa\u00eds y el poco respaldo de la afici\u00f3n ausente de los grader\u00edos, y aunque siempre mantuvo el respaldo de la directiva caraquista, su atenci\u00f3n y afecto, pero al final del sendero y cuando hay que pararse ante la luz de las verdades prefiri\u00f3 dejar sus esfuerzos y mirar hacia una nueva realidad. Una \u201cnueva realidad\u201d que podr\u00eda estar, porque as\u00ed lo apunta el destino, en la selecci\u00f3n Vinotinto para el tipo que, por causas del juego, por aquellos accidentes imprevistos y crueles, debi\u00f3 irse prematuramente de las cancha de juego y ahogar en la garganta de la gente los goles que alg\u00fan d\u00eda quisieron cantar\u2026<\/p>\n<p>El \u201cColorao\u201d, como se le dice en la familia y en el universo del f\u00fatbol, deja una estela en la que siempre quiso inculcar a los jugadores sus valores, sus convicciones, ya demostradas, de alguna manera, en la campa\u00f1a en la Copa Suramericana de este a\u00f1o: una victoria y un empate ante, vaya logro, el Botafogo y en R\u00edo de Janeiro. Se va Fernando Aristeguieta y ah\u00ed queda su estela; ah\u00ed quedan sus ense\u00f1anzas no obstante sus j\u00f3venes treinta y cuatro a\u00f1os de edad, sus valores de f\u00fatbol y de comportamiento social, y el recuerdo de alguien que quiso cambiar todo lo que hab\u00eda que cambiar. <\/p>\n<p>Nos vemos por ah\u00ed.<\/p>\n<p>La entrada <a href=\"https:\/\/www.liderendeportes.com\/noticias\/opinion\/cristobal_guerra\/despedidas-que-duelen-duelen\/\" target=\"_blank\" rel=\"noopener\">Despedidas que duelen, duelen\u2026<\/a> se public\u00f3 primero en <a href=\"https:\/\/www.liderendeportes.com\" target=\"_blank\" rel=\"noopener\">L\u00edder en deportes<\/a>.<\/p>\n<p><a href=\"https:\/\/www.liderendeportes.com\/noticias\/opinion\/cristobal_guerra\/despedidas-que-duelen-duelen\/\" class=\" target=\" title=\"Despedidas que duelen, duelen\u2026\" target=\"_blank\" rel=\"noopener\">Ver fuente<\/a><\/p>\n","protected":false},"excerpt":{"rendered":"<p>El adi\u00f3s es un acto que no deber\u00eda existir. Algo tendr\u00e1 alguna vez que suplantarlo, porque suele ser un episodio de vac\u00edo y dolor. Especialmente cuando esa despedida es con alguien querido, \u201cel alma del Caracas\u201d, como fueron las palabras del equipo de la ciudad capital. As\u00ed ha sido con la renuncia de Fernando Aristeguieta [&hellip;]<\/p>\n","protected":false},"author":2,"featured_media":127302,"comment_status":"open","ping_status":"closed","sticky":false,"template":"","format":"standard","meta":{"footnotes":""},"categories":[7],"tags":[],"class_list":["post-129021","post","type-post","status-publish","format-standard","has-post-thumbnail","hentry","category-deporte"],"_links":{"self":[{"href":"https:\/\/enfoquenoticioso.com\/index.php?rest_route=\/wp\/v2\/posts\/129021","targetHints":{"allow":["GET"]}}],"collection":[{"href":"https:\/\/enfoquenoticioso.com\/index.php?rest_route=\/wp\/v2\/posts"}],"about":[{"href":"https:\/\/enfoquenoticioso.com\/index.php?rest_route=\/wp\/v2\/types\/post"}],"author":[{"embeddable":true,"href":"https:\/\/enfoquenoticioso.com\/index.php?rest_route=\/wp\/v2\/users\/2"}],"replies":[{"embeddable":true,"href":"https:\/\/enfoquenoticioso.com\/index.php?rest_route=%2Fwp%2Fv2%2Fcomments&post=129021"}],"version-history":[{"count":0,"href":"https:\/\/enfoquenoticioso.com\/index.php?rest_route=\/wp\/v2\/posts\/129021\/revisions"}],"wp:featuredmedia":[{"embeddable":true,"href":"https:\/\/enfoquenoticioso.com\/index.php?rest_route=\/wp\/v2\/media\/127302"}],"wp:attachment":[{"href":"https:\/\/enfoquenoticioso.com\/index.php?rest_route=%2Fwp%2Fv2%2Fmedia&parent=129021"}],"wp:term":[{"taxonomy":"category","embeddable":true,"href":"https:\/\/enfoquenoticioso.com\/index.php?rest_route=%2Fwp%2Fv2%2Fcategories&post=129021"},{"taxonomy":"post_tag","embeddable":true,"href":"https:\/\/enfoquenoticioso.com\/index.php?rest_route=%2Fwp%2Fv2%2Ftags&post=129021"}],"curies":[{"name":"wp","href":"https:\/\/api.w.org\/{rel}","templated":true}]}}