{"id":129026,"date":"2026-04-29T11:06:43","date_gmt":"2026-04-29T11:06:43","guid":{"rendered":"https:\/\/enfoquenoticioso.com\/?p=129026"},"modified":"2026-04-29T11:06:43","modified_gmt":"2026-04-29T11:06:43","slug":"vodafone-sube-los-precios-de-algunas-de-sus-tarifas-a-partir-de-esta-fecha-como-saber-si-te-afecta-y-como-evitarlo","status":"publish","type":"post","link":"https:\/\/enfoquenoticioso.com\/?p=129026","title":{"rendered":"Vodafone sube los precios de algunas de sus tarifas a partir de esta fecha: c\u00f3mo saber si te afecta y c\u00f3mo evitarlo"},"content":{"rendered":"<figure><img loading=\"lazy\" decoding=\"async\" width=\"1024\" height=\"627\" src=\"https:\/\/i0.wp.com\/imgs.hipertextual.com\/wp-content\/uploads\/2019\/02\/hipertextual-2019621223.jpg?fit=1024%2C627&amp;quality=70&amp;strip=all&amp;ssl=1\" class=\"attachment-rss-image-size size-rss-image-size wp-post-image\" alt=\"Logotipo de Vodafone\" \/><\/figure>\n<p>Malas noticias para los clientes de Vodafone. El operador ha confirmado <strong>un aumento en algunas de sus tarifas<\/strong> con incrementos de hasta 2 euros m\u00e1s en la cuota mensual, que se traduce en un aumento de hasta 24 euros al a\u00f1o. \u00bfEl culpable? <strong>Netflix<\/strong> y <a href=\"https:\/\/hipertextual.com\/cine-television\/netflix-sube-los-precios-en-espana-preparate-para-pagar-mas-en-todos-los-planes-a-partir-de-esta-fecha\/\" target=\"_blank\" rel=\"noopener\">su reci\u00e9n aumento en el precio<\/a> de todos sus planes en Espa\u00f1a. <\/p>\n<p>Tal y como <a href=\"https:\/\/ayudacliente.vodafone.es\/particulares\/television\/netflix\/conoce-la-actualizacion-de-precios-realizada-por-netflix\/\" target=\"_blank\" rel=\"noopener\">ha revelado<\/a> el operador, la subida de precios afectar\u00e1 a todas las tarifas que incluyan Netflix, aunque el aumento depende del plan que hayas contratado en la plataforma de streaming. Por ejemplo, si tu tarifa incluye el plan Est\u00e1ndar con anuncios, pagar\u00e1s hasta 2 euros m\u00e1s. En cambio, si incluye el plan Est\u00e1ndar sin anuncios, el aumento ser\u00e1 de 1 euro sobre el precio final de tu tarifa. Por otro lado, si tienes contratado el plan Premium, tambi\u00e9n<strong> pagar\u00e1s 2 euros m\u00e1s cada mes<\/strong>. <\/p>\n<p>Para que te hagas una idea, los planes de Netflix quedan de la siguiente manera con la nueva subida. <\/p>\n<ul class=\"wp-block-list\">\n<li><strong>Est\u00e1ndar con anuncios: 8,99 euros al mes<\/strong> (antes 6,99 euros al mes). Incluye  resoluci\u00f3n Full HD, anuncios y reproducci\u00f3n hasta en 2 dispositivos simult\u00e1neos.<\/li>\n<li><strong>Est\u00e1ndar: 14,99 euros al mes<\/strong> (antes 13,99 euros). Incluye todo lo del plan anterior, pero sin anuncios. <\/li>\n<li><strong>Premium: 21,99 euros al mes<\/strong> (anteriormente 19,99 euros). Incluye resoluci\u00f3n Ultra HD (4K) + HDR con reproducci\u00f3n hasta en 4 dispositivos del mismo hogar. <\/li>\n<\/ul>\n<div id=\"ez-toc-container\" class=\"ez-toc-v2_0_81 counter-hierarchy ez-toc-counter ez-toc-grey ez-toc-container-direction\">\n<div class=\"ez-toc-title-container\">\n<p class=\"ez-toc-title\" style=\"cursor:inherit\">Tabla de Contenido<\/p>\n<span class=\"ez-toc-title-toggle\"><a href=\"#\" class=\"ez-toc-pull-right ez-toc-btn ez-toc-btn-xs ez-toc-btn-default ez-toc-toggle\" aria-label=\"Alternar tabla de contenidos\"><span class=\"ez-toc-js-icon-con\"><span class=\"\"><span class=\"eztoc-hide\" style=\"display:none;\">Toggle<\/span><span class=\"ez-toc-icon-toggle-span\"><svg style=\"fill: #999;color:#999\" xmlns=\"http:\/\/www.w3.org\/2000\/svg\" class=\"list-377408\" width=\"20px\" height=\"20px\" viewBox=\"0 0 24 24\" fill=\"none\"><path d=\"M6 6H4v2h2V6zm14 0H8v2h12V6zM4 11h2v2H4v-2zm16 0H8v2h12v-2zM4 16h2v2H4v-2zm16 0H8v2h12v-2z\" fill=\"currentColor\"><\/path><\/svg><svg style=\"fill: #999;color:#999\" class=\"arrow-unsorted-368013\" xmlns=\"http:\/\/www.w3.org\/2000\/svg\" width=\"10px\" height=\"10px\" viewBox=\"0 0 24 24\" version=\"1.2\" baseProfile=\"tiny\"><path d=\"M18.2 9.3l-6.2-6.3-6.2 6.3c-.2.2-.3.4-.3.7s.1.5.3.7c.2.2.4.3.7.3h11c.3 0 .5-.1.7-.3.2-.2.3-.5.3-.7s-.1-.5-.3-.7zM5.8 14.7l6.2 6.3 6.2-6.3c.2-.2.3-.5.3-.7s-.1-.5-.3-.7c-.2-.2-.4-.3-.7-.3h-11c-.3 0-.5.1-.7.3-.2.2-.3.5-.3.7s.1.5.3.7z\"\/><\/svg><\/span><\/span><\/span><\/a><\/span><\/div>\n<nav><ul class='ez-toc-list ez-toc-list-level-1 ' ><li class='ez-toc-page-1 ez-toc-heading-level-2'><a class=\"ez-toc-link ez-toc-heading-1\" href=\"https:\/\/enfoquenoticioso.com\/?p=129026\/#Cuando_se_hara_efectiva_la_subida_de_precios_de_Vodafone\" >Cu\u00e1ndo se har\u00e1 efectiva la subida de precios de Vodafone<\/a><\/li><\/ul><\/nav><\/div>\n<h2 class=\"wp-block-heading\" id=\"h-cuando-se-hara-efectiva-la-subida-de-precios-de-vodafone\"><span class=\"ez-toc-section\" id=\"Cuando_se_hara_efectiva_la_subida_de_precios_de_Vodafone\"><\/span>Cu\u00e1ndo se har\u00e1 efectiva la subida de precios de Vodafone<span class=\"ez-toc-section-end\"><\/span><\/h2>\n<figure class=\"wp-block-image alignwide size-large\"><img loading=\"lazy\" decoding=\"async\" data-recalc-dims=\"1\" width=\"780\" height=\"520\" src=\"https:\/\/i0.wp.com\/imgs.hipertextual.com\/wp-content\/uploads\/2026\/04\/netflix-vertical-1500x1000.jpg?resize=780%2C520&#038;quality=70&#038;strip=all&#038;ssl=1\" alt=\"\" class=\"wp-image-1882372\" \/><\/figure>\n<p>Esta subida de precios en las tarifas de Vodafone con Netflix incluido comenzar\u00e1 a ser visible <strong>a partir del pr\u00f3ximo 1 de junio<\/strong>, mientras que la subida de precios en la plataforma se har\u00e1 efectiva el pr\u00f3ximo 27 de mayo. Por suerte, hay varias formas de evitar este incremento de hasta 2 euros en tu cuota. <\/p>\n<p>Uno de ellos es <strong>optando por un plan de Netflix inferior<\/strong>, permiti\u00e9ndote reducir tu tarifa en hasta en 13 euros si, por ejemplo, pasas del plan Premium al plan Est\u00e1ndar con anuncios. Si lo prefieres, tambi\u00e9n puedes cambiar tu tarifa por una m\u00e1s econ\u00f3mica, aunque es probable que pierdas algunas ventajas. <\/p>\n<p>En cualquier caso, reiteramos, la subida de precios no es por las tarifas de Vodafone, sino por el incremento de la suscripci\u00f3n a Netflix, por lo que lo m\u00e1s aconsejable es cambiar de plan o, simplemente, optar por pagar ese incremento extra a partir del 1 de junio. <\/p>\n<p>Seguir leyendo: <a href=\"https:\/\/hipertextual.com\/mobile\/vodafone-sube-los-precios-de-algunas-de-sus-tarifas-a-partir-de-esta-fecha-como-saber-si-te-afecta-y-como-evitarlo\/\" target=\"_blank\" rel=\"noopener\">Vodafone sube los precios de algunas de sus tarifas a partir de esta fecha: c\u00f3mo saber si te afecta y c\u00f3mo evitarlo<\/a><\/p>\n<p><a href=\"https:\/\/hipertextual.com\/mobile\/vodafone-sube-los-precios-de-algunas-de-sus-tarifas-a-partir-de-esta-fecha-como-saber-si-te-afecta-y-como-evitarlo\/\" class=\" target=\" title=\"Vodafone sube los precios de algunas de sus tarifas a partir de esta fecha: c\u00f3mo saber si te afecta y c\u00f3mo evitarlo\" target=\"_blank\" rel=\"noopener\">Ver fuente<\/a><\/p>\n","protected":false},"excerpt":{"rendered":"<p>Malas noticias para los clientes de Vodafone. El operador ha confirmado un aumento en algunas de sus tarifas con incrementos de hasta 2 euros m\u00e1s en la cuota mensual, que se traduce en un aumento de hasta 24 euros al a\u00f1o. \u00bfEl culpable? Netflix y su reci\u00e9n aumento en el precio de todos sus planes [&hellip;]<\/p>\n","protected":false},"author":2,"featured_media":129027,"comment_status":"open","ping_status":"closed","sticky":false,"template":"","format":"standard","meta":{"footnotes":""},"categories":[9],"tags":[],"class_list":["post-129026","post","type-post","status-publish","format-standard","has-post-thumbnail","hentry","category-tecnologia"],"_links":{"self":[{"href":"https:\/\/enfoquenoticioso.com\/index.php?rest_route=\/wp\/v2\/posts\/129026","targetHints":{"allow":["GET"]}}],"collection":[{"href":"https:\/\/enfoquenoticioso.com\/index.php?rest_route=\/wp\/v2\/posts"}],"about":[{"href":"https:\/\/enfoquenoticioso.com\/index.php?rest_route=\/wp\/v2\/types\/post"}],"author":[{"embeddable":true,"href":"https:\/\/enfoquenoticioso.com\/index.php?rest_route=\/wp\/v2\/users\/2"}],"replies":[{"embeddable":true,"href":"https:\/\/enfoquenoticioso.com\/index.php?rest_route=%2Fwp%2Fv2%2Fcomments&post=129026"}],"version-history":[{"count":0,"href":"https:\/\/enfoquenoticioso.com\/index.php?rest_route=\/wp\/v2\/posts\/129026\/revisions"}],"wp:featuredmedia":[{"embeddable":true,"href":"https:\/\/enfoquenoticioso.com\/index.php?rest_route=\/wp\/v2\/media\/129027"}],"wp:attachment":[{"href":"https:\/\/enfoquenoticioso.com\/index.php?rest_route=%2Fwp%2Fv2%2Fmedia&parent=129026"}],"wp:term":[{"taxonomy":"category","embeddable":true,"href":"https:\/\/enfoquenoticioso.com\/index.php?rest_route=%2Fwp%2Fv2%2Fcategories&post=129026"},{"taxonomy":"post_tag","embeddable":true,"href":"https:\/\/enfoquenoticioso.com\/index.php?rest_route=%2Fwp%2Fv2%2Ftags&post=129026"}],"curies":[{"name":"wp","href":"https:\/\/api.w.org\/{rel}","templated":true}]}}