{"id":129032,"date":"2026-04-29T11:41:59","date_gmt":"2026-04-29T11:41:59","guid":{"rendered":"https:\/\/enfoquenoticioso.com\/?p=129032"},"modified":"2026-04-29T11:41:59","modified_gmt":"2026-04-29T11:41:59","slug":"williams-rivas-reconciliada-danza-un-manifiesto-de-union-nacional-en-el-dia-internacional-de-la-danza-2026","status":"publish","type":"post","link":"https:\/\/enfoquenoticioso.com\/?p=129032","title":{"rendered":"Williams Rivas | \u2018Reconciliada Danza\u2019, un manifiesto de uni\u00f3n nacional en el D\u00eda Internacional de la Danza 2026"},"content":{"rendered":"<div>\n<p class=\"wp-block-paragraph\"><strong><em>DAT.-<\/em><\/strong> En una poderosa alianza por la cultura, el Maestro <a href=\"https:\/\/www.instagram.com\/williamsrivasve\" data-type=\"link\" data-id=\"https:\/\/www.instagram.com\/williamsrivasve\" target=\"_blank\" rel=\"noopener\">Williams Rivas<\/a>, presidente del Instituto Municipal de Turismo de Caracas (IMTUR-CCS) y baluarte de la danza en Venezuela, junto al core\u00f3grafo Franklin A\u00f1ez, presentaron el mensaje oficial \u00abReconciliada Danza\u00bb. Emitido con motivo del D\u00eda Internacional de la Danza, este manifiesto trasciende la simple efem\u00e9ride para convertirse en una profunda reflexi\u00f3n sobre el papel del arte en la sanaci\u00f3n del tejido social venezolano, utilizando el movimiento como una met\u00e1fora de resiliencia y encuentro tras periodos de incertidumbre.<\/p>\n<p class=\"wp-block-paragraph\">El texto destaca la vulnerabilidad del ser humano ante los conflictos, proponiendo la danza no como un espect\u00e1culo, sino como un \u00abritual de fuego\u00bb capaz de transmutar las dificultades en armon\u00eda. Rivas y A\u00f1ez subrayan que, aunque el escenario nacional ha enfrentado desaf\u00edos complejos, el arte danc\u00edstico posee la capacidad de tejer nuevas realidades, tal como se entrelazan las cintas en un Sebuc\u00e1n. Ambos hacen un llamado a deponer las actitudes de contienda para dar paso a la \u00abGran Cadena de la Cuadrilla\u00bb, una estructura de unidad inspirada en el legado de maestros precedentes.<\/p>\n<div id=\"ez-toc-container\" class=\"ez-toc-v2_0_81 counter-hierarchy ez-toc-counter ez-toc-grey ez-toc-container-direction\">\n<div class=\"ez-toc-title-container\">\n<p class=\"ez-toc-title\" style=\"cursor:inherit\">Tabla de Contenido<\/p>\n<span class=\"ez-toc-title-toggle\"><a href=\"#\" class=\"ez-toc-pull-right ez-toc-btn ez-toc-btn-xs ez-toc-btn-default ez-toc-toggle\" aria-label=\"Alternar tabla de contenidos\"><span class=\"ez-toc-js-icon-con\"><span class=\"\"><span class=\"eztoc-hide\" style=\"display:none;\">Toggle<\/span><span class=\"ez-toc-icon-toggle-span\"><svg style=\"fill: #999;color:#999\" xmlns=\"http:\/\/www.w3.org\/2000\/svg\" class=\"list-377408\" width=\"20px\" height=\"20px\" viewBox=\"0 0 24 24\" fill=\"none\"><path d=\"M6 6H4v2h2V6zm14 0H8v2h12V6zM4 11h2v2H4v-2zm16 0H8v2h12v-2zM4 16h2v2H4v-2zm16 0H8v2h12v-2z\" fill=\"currentColor\"><\/path><\/svg><svg style=\"fill: #999;color:#999\" class=\"arrow-unsorted-368013\" xmlns=\"http:\/\/www.w3.org\/2000\/svg\" width=\"10px\" height=\"10px\" viewBox=\"0 0 24 24\" version=\"1.2\" baseProfile=\"tiny\"><path d=\"M18.2 9.3l-6.2-6.3-6.2 6.3c-.2.2-.3.4-.3.7s.1.5.3.7c.2.2.4.3.7.3h11c.3 0 .5-.1.7-.3.2-.2.3-.5.3-.7s-.1-.5-.3-.7zM5.8 14.7l6.2 6.3 6.2-6.3c.2-.2.3-.5.3-.7s-.1-.5-.3-.7c-.2-.2-.4-.3-.7-.3h-11c-.3 0-.5.1-.7.3-.2.2-.3.5-.3.7s.1.5.3.7z\"\/><\/svg><\/span><\/span><\/span><\/a><\/span><\/div>\n<nav><ul class='ez-toc-list ez-toc-list-level-1 ' ><li class='ez-toc-page-1 ez-toc-heading-level-2'><a class=\"ez-toc-link ez-toc-heading-1\" href=\"https:\/\/enfoquenoticioso.com\/?p=129032\/#Un_llamado_a_la_etica_profesional_la_inclusion_y_la_paz\" >Un llamado a la \u00e9tica profesional, la inclusi\u00f3n y la paz<\/a><ul class='ez-toc-list-level-4' ><li class='ez-toc-heading-level-4'><ul class='ez-toc-list-level-4' ><li class='ez-toc-heading-level-4'><a class=\"ez-toc-link ez-toc-heading-2\" href=\"https:\/\/enfoquenoticioso.com\/?p=129032\/#LEA_TAMBIEN_Williams_Rivas_Caracas_vibro_con_la_Ruta_Folklorica_Latinoamericana_%E2%80%98Unidos_por_la_Danza\" >LEA TAMBI\u00c9N | Williams Rivas | Caracas vibr\u00f3 con la Ruta Folkl\u00f3rica Latinoamericana \u2018Unidos por la Danza\u2019<\/a><\/li><\/ul><\/li><\/ul><\/li><li class='ez-toc-page-1 ez-toc-heading-level-2'><a class=\"ez-toc-link ez-toc-heading-3\" href=\"https:\/\/enfoquenoticioso.com\/?p=129032\/#Navegacion_de_entradas\" >Navegaci\u00f3n de entradas<\/a><\/li><\/ul><\/nav><\/div>\n<h2 class=\"wp-block-heading\"><span class=\"ez-toc-section\" id=\"Un_llamado_a_la_etica_profesional_la_inclusion_y_la_paz\"><\/span><span class=\"ez-toc-section\" id=\"Un_llamado_a_la_etica_profesional_la_inclusion_y_la_paz\"\/>Un llamado a la \u00e9tica profesional, la inclusi\u00f3n y la paz<span class=\"ez-toc-section-end\"\/><span class=\"ez-toc-section-end\"><\/span><\/h2>\n<p class=\"wp-block-paragraph\">Un punto neur\u00e1lgico de la comunicaci\u00f3n es la firme defensa de la \u00e9tica y la protecci\u00f3n de la infancia dentro del gremio. Los autores denuncian con vehemencia flagelos como la hipersexualizaci\u00f3n infantil, la violencia y la pirater\u00eda profesional que han permeado algunas estructuras formativas. El Maestro Williams Rivas, desde su rol como luchador hist\u00f3rico por la dignificaci\u00f3n del sector, enfatiza que la excelencia art\u00edstica debe ir de la mano con la integridad moral, eliminando los intereses mercantiles que comprometen el bienestar de las nuevas generaciones de bailarines.<\/p>\n<p class=\"wp-block-paragraph\">En sinton\u00eda con las pol\u00edticas de compromiso social, el mensaje aboga por una danza genuinamente inclusiva. Se hace un exhorto a las instituciones y academias para multiplicar los espacios de formaci\u00f3n adaptados a ni\u00f1os y ni\u00f1as con condiciones especiales, reafirmando que ellos son integrantes esenciales de la coreograf\u00eda pa\u00eds. Esta visi\u00f3n busca democratizar el acceso a las barras y salones de ensayo, garantizando que el lenguaje del cuerpo sea un derecho universal que fomente la empat\u00eda y la comprensi\u00f3n de la condici\u00f3n humana.<\/p>\n<h4 class=\"wp-block-heading\"><span class=\"ez-toc-section\" id=\"LEA_TAMBIEN_Williams_Rivas_Caracas_vibro_con_la_Ruta_Folklorica_Latinoamericana_%E2%80%98Unidos_por_la_Danza\"><\/span><span class=\"ez-toc-section\" id=\"LEA_TAMBIEN_Williams_Rivas_Caracas_vibro_con_la_Ruta_Folklorica_Latinoamericana_%E2%80%98Unidos_por_la_Danza\"\/>LEA TAMBI\u00c9N | <a href=\"https:\/\/dateando.com\/williams-rivas-caracas-vibro-con-la-ruta-folklorica-latinoamericana-unidos-por-la-danza\/reportero-dateando\/\" target=\"_blank\" rel=\"noopener\">Williams Rivas | Caracas vibr\u00f3 con la Ruta Folkl\u00f3rica Latinoamericana \u2018Unidos por la Danza\u2019<\/a><span class=\"ez-toc-section-end\"\/><span class=\"ez-toc-section-end\"><\/span><\/h4>\n<p class=\"wp-block-paragraph\">La pieza tambi\u00e9n rinde un sentido tributo a la identidad nacional, fusionando la t\u00e9cnica acad\u00e9mica con el acervo popular. Desde el Joropo Patrimonial hasta el legado de figuras como Isidora Agnes, Gustavo Silva y Xiomara Vasconcellos, el escrito celebra la diversidad de ritmos que definen la \u00abvenezolanidad\u00bb. El texto invita a elevar una \u00abQuinta en Allong\u00e9\u00bb que elimine el orgullo, permitiendo que g\u00e9neros como la salsa, el vals y el tambor converjan en un solo ritmo que emule el ajetreo y la esperanza de la Caracas actual.<\/p>\n<p class=\"wp-block-paragraph\">Finalmente, Williams Rivas y Franklin A\u00f1ez concluyen que no existe una verdadera pacificaci\u00f3n sin arrepentimiento y empat\u00eda. El manifiesto cierra con una visi\u00f3n esperanzadora sobre el retorno de aquellos talentos que han partido, asegurando que la danza es la herramienta que permitir\u00e1 reconstruir el \u00abescenario perfecto\u00bb que es Venezuela. Para el Maestro Rivas, este mensaje ratifica su gesti\u00f3n al frente del IMTUR-CCS como un puente donde el turismo cultural y la excelencia art\u00edstica se encuentran para celebrar la vida y la identidad de un pueblo que se reconoce en su propio movimiento.<\/p>\n<blockquote class=\"instagram-media\" data-instgrm-permalink=\"https:\/\/www.instagram.com\/p\/DXsh9y7Dgr6\/?utm_source=ig_embed&amp;utm_campaign=loading\" data-instgrm-version=\"14\" style=\" background:#FFF; border:0; border-radius:3px; box-shadow:0 0 1px 0 rgba(0,0,0,0.5),0 1px 10px 0 rgba(0,0,0,0.15); margin: 1px; max-width:540px; min-width:326px; padding:0; width:99.375%; width:-webkit-calc(100% - 2px); width:calc(100% - 2px);\"\/>\n<p class=\"wp-block-paragraph\">A continuaci\u00f3n, el texto al completo:<\/p>\n<p class=\"wp-block-paragraph\"><strong><em>MENSAJE VENEZOLANO POR EL DIA INTERNACIONAL DE LA DANZA 2026<br \/>DE FRANKLIN A\u00d1EZ Y WILLIAMS RIVAS<\/em><\/strong><\/p>\n<p class=\"wp-block-paragraph\"><strong><em>Reconciliada Danza<\/em><\/strong><\/p>\n<p class=\"wp-block-paragraph\"><em>Entre tanto Zaperoco al inicio de este a\u00f1o, nos congelaron las risas de la felicidad por el logro de nuestro Joropo Patrimonial, esos estruendos, luces, percusiones, metralletas ni zapateadas, ni tuyera, nos llev\u00f3 al recuerdo del gab\u00e1n y no justo fue a su resurrecci\u00f3n sino el saber lo vulnerables que somos ante esa danza beligerante que jam\u00e1s pens\u00e1bamos bailar en este escenario.<\/em><\/p>\n<p class=\"wp-block-paragraph\"><em>Escenario en llamas para obligarnos a hacer la Danza Ritual del Fuego y no la de Falla, porque el poder impredecible de ese amor brujo, nos toc\u00f3 a muchos desde la mente hasta el cuerpo mismo, para hacer movimientos acompasados con la m\u00fasica funesta de una orquesta poderosa que nos dicta ahora como valsear, sanguear, chassear o contraernos para tejer las cintas de un Sebuc\u00e1n y ver el arco\u00edris culminada la tormenta.<\/em><\/p>\n<p class=\"wp-block-paragraph\"><em>Y aunque no es una danza in\u00e9dita cual batalla del Tamunangue o de Negros con Trabuco o Kimb\u00e1nganos, hemos comprendido en medio de ese Contrapunteo del que somos ajenos y a la vez no, que debemos tapar la Cruz para empezar el Golpe, hacernos las Amarras como nos leg\u00f3 Isidora, indic\u00e1ndonos entonces que es hora de abrazarnos en el Mare Mare del reconocimiento.<\/em><\/p>\n<p class=\"wp-block-paragraph\"><em>Dejemos atr\u00e1s los garrotes, los l\u00e1tigos y tridentes, las bombas, las ful\u00edas, las guara\u00f1as, los versos, los cantos y bailes de contienda, para tomarnos de la mano y hacer la Gran Cadena de la Cuadrilla Venezuela que nos ense\u00f1\u00f3 Gustavo y en el Returned, dibujar la paz que nos llama a todas y todos como hermanos, partners e iguales a reconstruir el escenario perfecto que tenemos como pa\u00eds.<\/em><\/p>\n<p class=\"wp-block-paragraph\"><em>Hagamos m\u00e1s salones y barras para nuestros ni\u00f1os y ni\u00f1as con condiciones especiales, son ellos tambi\u00e9n integrantes esenciales de esta coreograf\u00eda, \u00e9nfasis en la buenas pr\u00e1cticas y ense\u00f1anzas a la poblaci\u00f3n infantil donde la violencia, la hipersexualizaci\u00f3n, la pirater\u00eda y los negocios los eliminemos de los cuadros coreogr\u00e1ficos, pues debemos velar por la integridad, el bienestar y la excelencia de nuestras nuevas generaciones.<\/em><\/p>\n<p class=\"wp-block-paragraph\"><em>Elevemos una Quinta en Allong\u00e9, eliminando el orgullo y pasemos a una Segunda para abrazarnos en una Salsa con el ritmo del coraz\u00f3n, escuchando a Xiomara repitiendo sus conteos que emulan una Caracas ajetreada que requiere del encuentro de todas y todos en nuestra danza que suplica que seamos uno solo.<\/em><\/p>\n<p class=\"wp-block-paragraph\"><em>No hay reconciliaci\u00f3n sin arrepentimiento verdadero, no hay pacificaci\u00f3n con rencores, no hay acercamiento con diferencias, no hay entendimientos con dudas, es pues la encomienda de los que asumimos liderazgos en el movimiento, que orientemos desde el amor la t\u00e9cnica de Monz\u00f3n, para reflexionar sobre la condici\u00f3n humana para volvernos m\u00e1s emp\u00e1ticos, logrando juntos construir el Caracol entrelazado de nuestros Diablos, espantando al mal, sobreviviendo el bien para coreografiar la danza exacta de nuestra venezolanidad.<\/em><\/p>\n<p class=\"wp-block-paragraph\"><em>Celebremos nuevamente al son de nuestros tambores, Golpes, Valses, Puntos, Parrandas, Gaitas, Joropos, Cantos y alcemos las Mariposas de Colores, las Banderas de San Benito, los Pa\u00f1uelos Coloridos para tejer como los Coromotanos nudos de alegr\u00eda, amor y hermandad, en la espera de los que volver\u00e1n a la escena prestos, dispuestos y listos para arrancar el primer fraseo de esta anhelada coreograf\u00eda que de nuestros recuerdos nobles y esperanzas surge cada d\u00eda.<\/em><\/p>\n<p class=\"wp-block-paragraph\"><em>Es la danza la que nos reconcilia, la que en escena vestimos iguales, la que se ci\u00f1e al hermano, la que nos hace re\u00edr, la que nos da la fuerza para cambiar, la que en conjunto construimos la obra del creador, la que ama y convierte los sue\u00f1os en la mejor puesta en escena, nuestra Venezuela.<\/em><\/p>\n<p class=\"wp-block-paragraph\"><strong><em>(Con informaci\u00f3n de Williams Rivas)<\/em><\/strong><\/p>\n<nav class=\"navigation post-navigation\" aria-label=\"Navegaci\u00f3n de entradas\">\n<h2 class=\"screen-reader-text\"><span class=\"ez-toc-section\" id=\"Navegacion_de_entradas\"><\/span>Navegaci\u00f3n de entradas<span class=\"ez-toc-section-end\"><\/span><\/h2>\n<\/nav><\/div>\n<p><script async src=\"\/\/www.instagram.com\/embed.js\"><\/script><br \/>\n<br \/><a href=\"https:\/\/dateando.com\/williams-rivas-reconciliada-danza-un-manifiesto-de-union-nacional-en-el-dia-internacional-de-la-danza-2026\/reportero-dateando\/\" class=\" target=\" title=\"Williams Rivas | \u2018Reconciliada Danza\u2019, un manifiesto de uni\u00f3n nacional en el D\u00eda Internacional de la Danza 2026\" target=\"_blank\" rel=\"noopener\">Ver fuente<\/a><\/p>\n","protected":false},"excerpt":{"rendered":"<p>DAT.- En una poderosa alianza por la cultura, el Maestro Williams Rivas, presidente del Instituto Municipal de Turismo de Caracas (IMTUR-CCS) y baluarte de la danza en Venezuela, junto al core\u00f3grafo Franklin A\u00f1ez, presentaron el mensaje oficial \u00abReconciliada Danza\u00bb. Emitido con motivo del D\u00eda Internacional de la Danza, este manifiesto trasciende la simple efem\u00e9ride para [&hellip;]<\/p>\n","protected":false},"author":2,"featured_media":129033,"comment_status":"open","ping_status":"closed","sticky":false,"template":"","format":"standard","meta":{"footnotes":""},"categories":[11],"tags":[],"class_list":["post-129032","post","type-post","status-publish","format-standard","has-post-thumbnail","hentry","category-actualidad"],"_links":{"self":[{"href":"https:\/\/enfoquenoticioso.com\/index.php?rest_route=\/wp\/v2\/posts\/129032","targetHints":{"allow":["GET"]}}],"collection":[{"href":"https:\/\/enfoquenoticioso.com\/index.php?rest_route=\/wp\/v2\/posts"}],"about":[{"href":"https:\/\/enfoquenoticioso.com\/index.php?rest_route=\/wp\/v2\/types\/post"}],"author":[{"embeddable":true,"href":"https:\/\/enfoquenoticioso.com\/index.php?rest_route=\/wp\/v2\/users\/2"}],"replies":[{"embeddable":true,"href":"https:\/\/enfoquenoticioso.com\/index.php?rest_route=%2Fwp%2Fv2%2Fcomments&post=129032"}],"version-history":[{"count":0,"href":"https:\/\/enfoquenoticioso.com\/index.php?rest_route=\/wp\/v2\/posts\/129032\/revisions"}],"wp:featuredmedia":[{"embeddable":true,"href":"https:\/\/enfoquenoticioso.com\/index.php?rest_route=\/wp\/v2\/media\/129033"}],"wp:attachment":[{"href":"https:\/\/enfoquenoticioso.com\/index.php?rest_route=%2Fwp%2Fv2%2Fmedia&parent=129032"}],"wp:term":[{"taxonomy":"category","embeddable":true,"href":"https:\/\/enfoquenoticioso.com\/index.php?rest_route=%2Fwp%2Fv2%2Fcategories&post=129032"},{"taxonomy":"post_tag","embeddable":true,"href":"https:\/\/enfoquenoticioso.com\/index.php?rest_route=%2Fwp%2Fv2%2Ftags&post=129032"}],"curies":[{"name":"wp","href":"https:\/\/api.w.org\/{rel}","templated":true}]}}