{"id":129038,"date":"2026-04-29T12:08:06","date_gmt":"2026-04-29T12:08:06","guid":{"rendered":"https:\/\/enfoquenoticioso.com\/?p=129038"},"modified":"2026-04-29T12:08:06","modified_gmt":"2026-04-29T12:08:06","slug":"se-acabo-el-precio-de-siempre-para-los-iphone-apple-tendra-que-subir-los-precios-a-partir-de-esta-fecha","status":"publish","type":"post","link":"https:\/\/enfoquenoticioso.com\/?p=129038","title":{"rendered":"Se acab\u00f3 el \u2018precio de siempre\u2019 para los iPhone: Apple tendr\u00e1 que subir los precios a partir de esta fecha"},"content":{"rendered":"<figure><img loading=\"lazy\" decoding=\"async\" width=\"1024\" height=\"684\" src=\"https:\/\/i0.wp.com\/imgs.hipertextual.com\/wp-content\/uploads\/2026\/04\/iPhone-precio-.jpg?fit=1024%2C684&amp;quality=70&amp;strip=all&amp;ssl=1\" class=\"attachment-rss-image-size size-rss-image-size wp-post-image\" alt=\"\" \/><\/figure>\n<p>Hasta el momento, todos los rumores, filtraciones y an\u00e1lisis coincid\u00edan: <a href=\"https:\/\/hipertextual.com\/apple\/\" target=\"_blank\" rel=\"noopener\">Apple<\/a> tendr\u00eda la capacidad de mantener el precio de los iPhone gracias a sus acuerdos. Hoy esta idea cambia, y no poco. JPMorgan, a trav\u00e9s de <a href=\"https:\/\/www.ft.com\/content\/aae8d62e-5720-4f6a-8f63-459e136551a1\" target=\"_blank\" rel=\"noopener\"><em>Financial Times<\/em><\/a>, ha revelado que la californiana podr\u00eda enfrentarse a una subida radical en el precio de las memorias necesarias para ensamblar los iPhone. De hecho, la fuente ha citado una <strong>fecha l\u00edmite<\/strong> a partir de la que Apple se enfrentar\u00eda a un problema grave. <\/p>\n<p>Y es que, si bien todos los fabricantes, de telefon\u00eda y tecnolog\u00eda en general, est\u00e1n subiendo precios, <strong>Apple ha mantenido un perfil bajo en este sentido<\/strong>: la mayor\u00eda de sus productos est\u00e1n congelados cuando se habla de precios. Es m\u00e1s, incluso se espera que toda la serie <a href=\"https:\/\/hipertextual.com\/apple\/todos-los-colores-del-iphone-18-pro-filtrados-adios-al-naranja\/\" target=\"_blank\" rel=\"noopener\">iPhone 18<\/a> siga manteniendo los mismos PVP que los <a href=\"https:\/\/hipertextual.com\/analisis\/iphone-17-analisis\/\" target=\"_blank\" rel=\"noopener\">iPhone 17<\/a>, algo que dejar\u00eda con la cara roja a Samsung, Xiaomi y el resto de marcas. <\/p>\n<p>Ahora bien,<strong> \u00bfhasta cu\u00e1ndo va a poder Apple mantener los <em>\u00abprecios de siempre\u00bb<\/em>?<\/strong> Nos referimos a los 959 euros del modelo base, los 1.319 euros del Pro o los 1.469 euros del Pro Max. <strong>JPMorgan lo tiene claro: solo una generaci\u00f3n m\u00e1s<\/strong>. En su an\u00e1lisis, destaca que en 2026 la compa\u00f1\u00eda podr\u00eda hacer un esfuerzo rebajando su margen de beneficio sin que suponga algo dram\u00e1tico para sus cuentas, pero no lo podr\u00eda mantener indefinidamente. <\/p>\n<p><strong>\u00bfCu\u00e1nto subir\u00e1n los precios del iPhone despu\u00e9s?<\/strong> Ah\u00ed est\u00e1 el verdadero problema al que se enfrenta Apple: el coste de la memoria para las futuras generaciones del iPhone podr\u00eda ser estratosf\u00e9rico. <\/p>\n<figure class=\"wp-block-image alignwide size-large\"><img loading=\"lazy\" decoding=\"async\" data-recalc-dims=\"1\" width=\"780\" height=\"521\" src=\"https:\/\/i0.wp.com\/imgs.hipertextual.com\/wp-content\/uploads\/2026\/03\/iphone-18-pro-verde-2-1500x1002.jpg?resize=780%2C521&#038;quality=70&#038;strip=all&#038;ssl=1\" alt=\"iPhone\" class=\"wp-image-1878023\" \/><\/figure>\n<div id=\"ez-toc-container\" class=\"ez-toc-v2_0_81 counter-hierarchy ez-toc-counter ez-toc-grey ez-toc-container-direction\">\n<div class=\"ez-toc-title-container\">\n<p class=\"ez-toc-title\" style=\"cursor:inherit\">Tabla de Contenido<\/p>\n<span class=\"ez-toc-title-toggle\"><a href=\"#\" class=\"ez-toc-pull-right ez-toc-btn ez-toc-btn-xs ez-toc-btn-default ez-toc-toggle\" aria-label=\"Alternar tabla de contenidos\"><span class=\"ez-toc-js-icon-con\"><span class=\"\"><span class=\"eztoc-hide\" style=\"display:none;\">Toggle<\/span><span class=\"ez-toc-icon-toggle-span\"><svg style=\"fill: #999;color:#999\" xmlns=\"http:\/\/www.w3.org\/2000\/svg\" class=\"list-377408\" width=\"20px\" height=\"20px\" viewBox=\"0 0 24 24\" fill=\"none\"><path d=\"M6 6H4v2h2V6zm14 0H8v2h12V6zM4 11h2v2H4v-2zm16 0H8v2h12v-2zM4 16h2v2H4v-2zm16 0H8v2h12v-2z\" fill=\"currentColor\"><\/path><\/svg><svg style=\"fill: #999;color:#999\" class=\"arrow-unsorted-368013\" xmlns=\"http:\/\/www.w3.org\/2000\/svg\" width=\"10px\" height=\"10px\" viewBox=\"0 0 24 24\" version=\"1.2\" baseProfile=\"tiny\"><path d=\"M18.2 9.3l-6.2-6.3-6.2 6.3c-.2.2-.3.4-.3.7s.1.5.3.7c.2.2.4.3.7.3h11c.3 0 .5-.1.7-.3.2-.2.3-.5.3-.7s-.1-.5-.3-.7zM5.8 14.7l6.2 6.3 6.2-6.3c.2-.2.3-.5.3-.7s-.1-.5-.3-.7c-.2-.2-.4-.3-.7-.3h-11c-.3 0-.5.1-.7.3-.2.2-.3.5-.3.7s.1.5.3.7z\"\/><\/svg><\/span><\/span><\/span><\/a><\/span><\/div>\n<nav><ul class='ez-toc-list ez-toc-list-level-1 ' ><li class='ez-toc-page-1 ez-toc-heading-level-2'><a class=\"ez-toc-link ez-toc-heading-1\" href=\"https:\/\/enfoquenoticioso.com\/?p=129038\/#En_2027_el_45_del_coste_del_iPhone_podrian_ser_memorias\" >En 2027, el 45% del coste del iPhone podr\u00edan ser memorias<\/a><\/li><\/ul><\/nav><\/div>\n<h2 class=\"wp-block-heading has-text-align-center\" id=\"h-en-2027-el-45-del-coste-del-iphone-podrian-ser-memorias\"><span class=\"ez-toc-section\" id=\"En_2027_el_45_del_coste_del_iPhone_podrian_ser_memorias\"><\/span>En 2027, el 45% del coste del iPhone podr\u00edan ser memorias<span class=\"ez-toc-section-end\"><\/span><\/h2>\n<p>JPMorgan destaca que, en la actualidad, <strong>el impacto del coste de las memorias del iPhone es de un 10%.<\/strong> Es decir, que del dinero que le cuesta a Apple fabricar, por ejemplo, un iPhone 17, una d\u00e9cima parte va destinada a pagar los chips de memoria RAM y almacenamiento. Es m\u00e1s que hace uno o dos a\u00f1os, y supone cifras millonarias cuando ensamblas unos 250 millones de m\u00f3viles al a\u00f1o, pero no supone una diferencia dram\u00e1tica. <\/p>\n<p><strong>Hasta ahora, eso s\u00ed.<\/strong> Seg\u00fan JPMorgan, en 2027 Apple podr\u00eda enfrentarse a precios much\u00edsimo m\u00e1s elevados: <strong>tendr\u00eda que destinar el 45% del coste del iPhone solo a la memoria RAM y el almacenamiento<\/strong>. \u00a1El 45%! Casi la mitad solo en dos componentes.<\/p>\n<p>Esta variaci\u00f3n, como te puedes imaginar, es la que pone sobre la mesa JPMorgan para determinar que <strong>el precio final de los iPhone deber\u00eda subir a partir de 2027<\/strong>. Actualmente, Apple puede congelar el PVP y sufragar parte de esos costes extra por la RAM, pero no es algo que se vaya a poder permitir si ese 45% es real y entra en juego. <\/p>\n<p>De hecho, algunas fuentes afirman que Apple podr\u00eda comenzar a subir los precios en la serie iPhone 18 <strong>con la intenci\u00f3n de que la subida de 2027 no fuese tan dr\u00e1stica<\/strong>. Por otro lado, sus usuarios podr\u00edan rebelarse tras ver dos subidas de precio consecutivas tras a\u00f1os sin tocar el precio final del iPhone. <\/p>\n<p>Seguir leyendo: <a href=\"https:\/\/hipertextual.com\/apple\/se-acabo-el-precio-de-siempre-para-los-iphone-apple-tendra-que-subir-los-precios-a-partir-de-esta-fecha\/\" target=\"_blank\" rel=\"noopener\">Se acab\u00f3 el &#8216;precio de siempre&#8217; para los iPhone: Apple tendr\u00e1 que subir los precios a partir de esta fecha<\/a><\/p>\n<p><a href=\"https:\/\/hipertextual.com\/apple\/se-acabo-el-precio-de-siempre-para-los-iphone-apple-tendra-que-subir-los-precios-a-partir-de-esta-fecha\/\" class=\" target=\" title=\"Se acab\u00f3 el \u2018precio de siempre\u2019 para los iPhone: Apple tendr\u00e1 que subir los precios a partir de esta fecha\" target=\"_blank\" rel=\"noopener\">Ver fuente<\/a><\/p>\n","protected":false},"excerpt":{"rendered":"<p>Hasta el momento, todos los rumores, filtraciones y an\u00e1lisis coincid\u00edan: Apple tendr\u00eda la capacidad de mantener el precio de los iPhone gracias a sus acuerdos. Hoy esta idea cambia, y no poco. JPMorgan, a trav\u00e9s de Financial Times, ha revelado que la californiana podr\u00eda enfrentarse a una subida radical en el precio de las memorias [&hellip;]<\/p>\n","protected":false},"author":2,"featured_media":129039,"comment_status":"open","ping_status":"closed","sticky":false,"template":"","format":"standard","meta":{"footnotes":""},"categories":[9],"tags":[],"class_list":["post-129038","post","type-post","status-publish","format-standard","has-post-thumbnail","hentry","category-tecnologia"],"_links":{"self":[{"href":"https:\/\/enfoquenoticioso.com\/index.php?rest_route=\/wp\/v2\/posts\/129038","targetHints":{"allow":["GET"]}}],"collection":[{"href":"https:\/\/enfoquenoticioso.com\/index.php?rest_route=\/wp\/v2\/posts"}],"about":[{"href":"https:\/\/enfoquenoticioso.com\/index.php?rest_route=\/wp\/v2\/types\/post"}],"author":[{"embeddable":true,"href":"https:\/\/enfoquenoticioso.com\/index.php?rest_route=\/wp\/v2\/users\/2"}],"replies":[{"embeddable":true,"href":"https:\/\/enfoquenoticioso.com\/index.php?rest_route=%2Fwp%2Fv2%2Fcomments&post=129038"}],"version-history":[{"count":0,"href":"https:\/\/enfoquenoticioso.com\/index.php?rest_route=\/wp\/v2\/posts\/129038\/revisions"}],"wp:featuredmedia":[{"embeddable":true,"href":"https:\/\/enfoquenoticioso.com\/index.php?rest_route=\/wp\/v2\/media\/129039"}],"wp:attachment":[{"href":"https:\/\/enfoquenoticioso.com\/index.php?rest_route=%2Fwp%2Fv2%2Fmedia&parent=129038"}],"wp:term":[{"taxonomy":"category","embeddable":true,"href":"https:\/\/enfoquenoticioso.com\/index.php?rest_route=%2Fwp%2Fv2%2Fcategories&post=129038"},{"taxonomy":"post_tag","embeddable":true,"href":"https:\/\/enfoquenoticioso.com\/index.php?rest_route=%2Fwp%2Fv2%2Ftags&post=129038"}],"curies":[{"name":"wp","href":"https:\/\/api.w.org\/{rel}","templated":true}]}}