{"id":129042,"date":"2026-04-29T12:17:23","date_gmt":"2026-04-29T12:17:23","guid":{"rendered":"https:\/\/enfoquenoticioso.com\/?p=129042"},"modified":"2026-04-29T12:17:23","modified_gmt":"2026-04-29T12:17:23","slug":"el-riguroso-codigo-de-vestimenta-en-la-met-gala-2026-y-que-impacto-tendra-en-los-disenos","status":"publish","type":"post","link":"https:\/\/enfoquenoticioso.com\/?p=129042","title":{"rendered":"El riguroso c\u00f3digo de vestimenta en la Met Gala 2026 y qu\u00e9 impacto tendr\u00e1 en los dise\u00f1os"},"content":{"rendered":"<div>\n<p class=\"paragraph\">La\u00a0<b>Met Gala 2026<\/b>\u00a0ser\u00e1 uno de los eventos m\u00e1s importantes del a\u00f1o en\u00a0<b>moda<\/b><b>\u00a0y arte<\/b>. Bajo el lema\u00a0<b>\u201cFashion Is Art\u201d<\/b>\u00a0o\u00a0<b>\u201cLa Moda es Arte\u201d<\/b>, la gala reunir\u00e1 a figuras para destacar la creatividad y el dise\u00f1o.<\/p>\n<p class=\"paragraph\">El Museo Metropolitano de Arte de Nueva York recibir\u00e1 a los invitados el pr\u00f3ximo<b>\u00a0lunes 4 de mayo<\/b>\u00a0en una noche dedicada a la moda como expresi\u00f3n art\u00edstica. La exposici\u00f3n central se inaugurar\u00e1 en las nuevas\u00a0<b>Galer\u00edas Cond\u00e9 M. Nast<\/b> del museo, con una superficie de casi 1.115 metros cuadrados.<\/p>\n<p class=\"paragraph\">El\u00a0<b>c\u00f3digo de vestimenta<\/b>\u00a0oficial de la Met Gala 2026 se resume en el lema \u201cLa Moda es Arte\u201d. Se trata de una consigna presentada en\u00a0<b>febrero<\/b>\u00a0que refleja el esp\u00edritu y la intenci\u00f3n de la exposici\u00f3n \u201cArte del Traje\u201d.<\/p>\n<p class=\"paragraph\">Este dress code alienta a los asistentes a considerar las m\u00faltiples formas en que los dise\u00f1adores utilizan el cuerpo humano como un lienzo en blanco, explorando tanto la individualidad como la universalidad de la experiencia corporal a trav\u00e9s de la indumentaria.<\/p>\n<p class=\"paragraph\">La invitaci\u00f3n para la alfombra roja propone que cada invitado conciba su vestimenta como una manifestaci\u00f3n art\u00edstica y no como un look.<\/p>\n<div class=\"visual__image\"><picture><source srcset=\"https:\/\/www.infobae.com\/resizer\/v2\/YSUZYHLUZRFTNIEMRVNKMLXMPU.jpg?auth=f0277a3c8643ece5bbe642e3d2c47c5404d53c79649b27c96e94818c21d4c17e&amp;smart=true&amp;width=992&amp;height=558&amp;quality=85\" media=\"(min-width: 1000px)\"\/><source srcset=\"https:\/\/www.infobae.com\/resizer\/v2\/YSUZYHLUZRFTNIEMRVNKMLXMPU.jpg?auth=f0277a3c8643ece5bbe642e3d2c47c5404d53c79649b27c96e94818c21d4c17e&amp;smart=true&amp;width=768&amp;height=432&amp;quality=85\" media=\"(min-width: 768px)\"\/><source srcset=\"https:\/\/www.infobae.com\/resizer\/v2\/YSUZYHLUZRFTNIEMRVNKMLXMPU.jpg?auth=f0277a3c8643ece5bbe642e3d2c47c5404d53c79649b27c96e94818c21d4c17e&amp;smart=true&amp;width=577&amp;height=325&amp;quality=85\" media=\"(min-width: 580px)\"\/><source srcset=\"https:\/\/www.infobae.com\/resizer\/v2\/YSUZYHLUZRFTNIEMRVNKMLXMPU.jpg?auth=f0277a3c8643ece5bbe642e3d2c47c5404d53c79649b27c96e94818c21d4c17e&amp;smart=true&amp;width=420&amp;height=236&amp;quality=85\" media=\"(min-width: 350px)\"\/><source srcset=\"https:\/\/www.infobae.com\/resizer\/v2\/YSUZYHLUZRFTNIEMRVNKMLXMPU.jpg?auth=f0277a3c8643ece5bbe642e3d2c47c5404d53c79649b27c96e94818c21d4c17e&amp;smart=true&amp;width=350&amp;height=197&amp;quality=85\" media=\"(min-width: 80px)\"\/><img loading=\"lazy\" decoding=\"async\" class=\"global-image\" src=\"https:\/\/www.infobae.com\/resizer\/v2\/YSUZYHLUZRFTNIEMRVNKMLXMPU.jpg?auth=f0277a3c8643ece5bbe642e3d2c47c5404d53c79649b27c96e94818c21d4c17e&amp;smart=true&amp;width=350&amp;height=197&amp;quality=85\" alt=\"La Met Gala 2026 suma maniqu\u00edes de cuerpos diversos\" width=\"1920\" height=\"1080\"\/><\/picture>La exposici\u00f3n \u201cArte del Traje\u201d presenta cerca de 400 piezas hist\u00f3ricas, invitando a los presentes a reflexionar sobre la evoluci\u00f3n del cuerpo vestido en la cultura y el arte (Photo by Charles Sykes\/Invision\/AP)<\/div>\n<p class=\"paragraph\">La muestra de este a\u00f1o reunir\u00e1 cerca de 400 objetos y prendas, entre ellos piezas provenientes del Instituto del Traje, pinturas, esculturas y otras obras seleccionadas de todos los departamentos curatoriales del Met.<\/p>\n<p class=\"paragraph\">El recorrido expositivo abarca alrededor de 5.000 a\u00f1os de historia del arte, y examina las representaciones del cuerpo vestido desde m\u00faltiples perspectivas culturales y art\u00edsticas.<\/p>\n<p class=\"paragraph\">El planteo curatorial divide los objetos en una serie de \u201ctipos de cuerpo tem\u00e1ticos\u201d. Entre ellos se encuentran el \u201cCuerpo desnudo\u201d y el \u201cCuerpo cl\u00e1sico\u201d, ampliamente documentados en la colecci\u00f3n del museo, as\u00ed como otros menos explorados, como el \u201cCuerpo embarazado\u201d y el \u201cCuerpo envejecido\u201d.<\/p>\n<p class=\"paragraph\">Esta estructura invita a los visitantes a contemplar la diversidad y complejidad de la relaci\u00f3n entre la moda y el cuerpo a lo largo del tiempo.<\/p>\n<div class=\"visual__image\"><picture><source srcset=\"https:\/\/www.infobae.com\/resizer\/v2\/AIRIBSVKEVG3LO553TQG4TMSAA.jpg?auth=c2979da2b560d13d7af84dae9e5526cdebcfd8df79e979b6b4a499ac3b02f310&amp;smart=true&amp;width=992&amp;height=661&amp;quality=85\" media=\"(min-width: 1000px)\"\/><source srcset=\"https:\/\/www.infobae.com\/resizer\/v2\/AIRIBSVKEVG3LO553TQG4TMSAA.jpg?auth=c2979da2b560d13d7af84dae9e5526cdebcfd8df79e979b6b4a499ac3b02f310&amp;smart=true&amp;width=768&amp;height=512&amp;quality=85\" media=\"(min-width: 768px)\"\/><source srcset=\"https:\/\/www.infobae.com\/resizer\/v2\/AIRIBSVKEVG3LO553TQG4TMSAA.jpg?auth=c2979da2b560d13d7af84dae9e5526cdebcfd8df79e979b6b4a499ac3b02f310&amp;smart=true&amp;width=577&amp;height=385&amp;quality=85\" media=\"(min-width: 580px)\"\/><source srcset=\"https:\/\/www.infobae.com\/resizer\/v2\/AIRIBSVKEVG3LO553TQG4TMSAA.jpg?auth=c2979da2b560d13d7af84dae9e5526cdebcfd8df79e979b6b4a499ac3b02f310&amp;smart=true&amp;width=420&amp;height=280&amp;quality=85\" media=\"(min-width: 350px)\"\/><source srcset=\"https:\/\/www.infobae.com\/resizer\/v2\/AIRIBSVKEVG3LO553TQG4TMSAA.jpg?auth=c2979da2b560d13d7af84dae9e5526cdebcfd8df79e979b6b4a499ac3b02f310&amp;smart=true&amp;width=350&amp;height=233&amp;quality=85\" media=\"(min-width: 80px)\"\/><img loading=\"lazy\" decoding=\"async\" class=\"global-image\" src=\"https:\/\/www.infobae.com\/resizer\/v2\/AIRIBSVKEVG3LO553TQG4TMSAA.jpg?auth=c2979da2b560d13d7af84dae9e5526cdebcfd8df79e979b6b4a499ac3b02f310&amp;smart=true&amp;width=350&amp;height=233&amp;quality=85\" alt=\"El evento anual del Museo Metropolitano celebra la moda como una forma de arte ef\u00edmero (Foto AP\/Ron Blum, archivo)\" width=\"3007\" height=\"2004\"\/><\/picture>El evento anual del Museo Metropolitano celebra la moda como una forma de arte ef\u00edmero (Foto AP\/Ron Blum, archivo)<\/div>\n<p class=\"paragraph\">En palabras de\u00a0<b>Andrew Bolton<\/b>, curador del Costume Center del MET, la exposici\u00f3n y su c\u00f3digo de vestimenta buscan resaltar la<b>\u00a0\u201cconexi\u00f3n indivisible entre nuestros cuerpos y la ropa que llevamos\u201d<\/b>. Para Bolton, la aceptaci\u00f3n de la moda como arte se fundamenta en la renuncia al cuerpo y en la contemplaci\u00f3n de la est\u00e9tica como una experiencia m\u00e1s all\u00e1 de lo f\u00edsico.<\/p>\n<p class=\"paragraph\">El espacio en el que se lleva a cabo el evento, que ha albergado la gala desde 1948, refuerza su legado como punto de encuentro entre la alta costura, la cultura y la filantrop\u00eda. El museo, ubicado en Manhattan, ser\u00e1 el escenario donde la moda y el arte se fusionar\u00e1n durante una velada exclusiva.<\/p>\n<div class=\"visual__image\"><picture><source srcset=\"https:\/\/www.infobae.com\/resizer\/v2\/WATRYHKAJ5FW7J5MK4GDX242QE.jpg?auth=0f38babbd42ee677aecdb7b2071d2a7f60355b362cb40797030d6c94cb6adad4&amp;smart=true&amp;width=992&amp;height=661&amp;quality=85\" media=\"(min-width: 1000px)\"\/><source srcset=\"https:\/\/www.infobae.com\/resizer\/v2\/WATRYHKAJ5FW7J5MK4GDX242QE.jpg?auth=0f38babbd42ee677aecdb7b2071d2a7f60355b362cb40797030d6c94cb6adad4&amp;smart=true&amp;width=768&amp;height=512&amp;quality=85\" media=\"(min-width: 768px)\"\/><source srcset=\"https:\/\/www.infobae.com\/resizer\/v2\/WATRYHKAJ5FW7J5MK4GDX242QE.jpg?auth=0f38babbd42ee677aecdb7b2071d2a7f60355b362cb40797030d6c94cb6adad4&amp;smart=true&amp;width=577&amp;height=385&amp;quality=85\" media=\"(min-width: 580px)\"\/><source srcset=\"https:\/\/www.infobae.com\/resizer\/v2\/WATRYHKAJ5FW7J5MK4GDX242QE.jpg?auth=0f38babbd42ee677aecdb7b2071d2a7f60355b362cb40797030d6c94cb6adad4&amp;smart=true&amp;width=420&amp;height=280&amp;quality=85\" media=\"(min-width: 350px)\"\/><source srcset=\"https:\/\/www.infobae.com\/resizer\/v2\/WATRYHKAJ5FW7J5MK4GDX242QE.jpg?auth=0f38babbd42ee677aecdb7b2071d2a7f60355b362cb40797030d6c94cb6adad4&amp;smart=true&amp;width=350&amp;height=233&amp;quality=85\" media=\"(min-width: 80px)\"\/><img loading=\"lazy\" decoding=\"async\" class=\"global-image\" src=\"https:\/\/www.infobae.com\/resizer\/v2\/WATRYHKAJ5FW7J5MK4GDX242QE.jpg?auth=0f38babbd42ee677aecdb7b2071d2a7f60355b362cb40797030d6c94cb6adad4&amp;smart=true&amp;width=350&amp;height=233&amp;quality=85\" alt=\"La cantante Rosal\u00eda en la ic\u00f3nica escalinata del Museo Metropolitano de Nueva York, durante la Met Gala (EFE\/ Octavio Guzm\u00e1n)&#10;\" width=\"1620\" height=\"1080\"\/><\/picture>La cantante Rosal\u00eda en la ic\u00f3nica escalinata del Museo Metropolitano de Nueva York, durante la Met Gala (EFE\/ Octavio Guzm\u00e1n)<\/div>\n<p class=\"paragraph\">En 2026, la gala contar\u00e1 con\u00a0<b>Beyonc\u00e9, Nicole Kidman, Venus Williams y Anna Wintour<\/b>\u00a0como copresidentas de la velada. Junto a ellas, el comit\u00e9 organizador estar\u00e1 encabezado por\u00a0<b>Anthony Vaccarello<\/b>\u00a0y\u00a0<b>Zo\u00eb Kravitz<\/b>, quienes liderar\u00e1n un extenso grupo de figuras influyentes en el mundo de la moda, las artes y el espect\u00e1culo.<\/p>\n<p class=\"paragraph\">Entre los miembros del comit\u00e9 se encuentran nombres como Sabrina Carpenter, Doja Cat, Gwendoline Christie, Alex Consani, Misty Copeland, Elizabeth Debicki, Lena Dunham, Paloma Elsesser, LISA, Chloe Malle, Sam Smith, Teyana Taylor, Lauren Wasser, Anna Weyant, A\u2019ja Wilson y Yseult.<\/p>\n<p class=\"paragraph\">Como presidentes honorarios y patrocinadores principales de la gala y la exposici\u00f3n de 2026, destacan\u00a0<b>Jeff Bezos y Lauren S\u00e1nchez Bezos<\/b>.<\/p>\n<div class=\"visual__image\"><picture><source srcset=\"https:\/\/www.infobae.com\/resizer\/v2\/CNUHF4V4OFF6FBWB3VQTMURE5U.jpg?auth=f6354b07761dd872b1d10bfe1fb8e8fdc8b46b25b86dae75cc364f8c789247a8&amp;smart=true&amp;width=992&amp;height=661&amp;quality=85\" media=\"(min-width: 1000px)\"\/><source srcset=\"https:\/\/www.infobae.com\/resizer\/v2\/CNUHF4V4OFF6FBWB3VQTMURE5U.jpg?auth=f6354b07761dd872b1d10bfe1fb8e8fdc8b46b25b86dae75cc364f8c789247a8&amp;smart=true&amp;width=768&amp;height=512&amp;quality=85\" media=\"(min-width: 768px)\"\/><source srcset=\"https:\/\/www.infobae.com\/resizer\/v2\/CNUHF4V4OFF6FBWB3VQTMURE5U.jpg?auth=f6354b07761dd872b1d10bfe1fb8e8fdc8b46b25b86dae75cc364f8c789247a8&amp;smart=true&amp;width=577&amp;height=385&amp;quality=85\" media=\"(min-width: 580px)\"\/><source srcset=\"https:\/\/www.infobae.com\/resizer\/v2\/CNUHF4V4OFF6FBWB3VQTMURE5U.jpg?auth=f6354b07761dd872b1d10bfe1fb8e8fdc8b46b25b86dae75cc364f8c789247a8&amp;smart=true&amp;width=420&amp;height=280&amp;quality=85\" media=\"(min-width: 350px)\"\/><source srcset=\"https:\/\/www.infobae.com\/resizer\/v2\/CNUHF4V4OFF6FBWB3VQTMURE5U.jpg?auth=f6354b07761dd872b1d10bfe1fb8e8fdc8b46b25b86dae75cc364f8c789247a8&amp;smart=true&amp;width=350&amp;height=233&amp;quality=85\" media=\"(min-width: 80px)\"\/><img loading=\"lazy\" decoding=\"async\" class=\"global-image\" src=\"https:\/\/www.infobae.com\/resizer\/v2\/CNUHF4V4OFF6FBWB3VQTMURE5U.jpg?auth=f6354b07761dd872b1d10bfe1fb8e8fdc8b46b25b86dae75cc364f8c789247a8&amp;smart=true&amp;width=350&amp;height=233&amp;quality=85\" alt=\"La estricta confidencialidad en la selecci\u00f3n de invitados mantiene la expectativa sobre qui\u00e9nes compartir\u00e1n la alfombra en el Museo Metropolitano de Arte de Nueva York (REUTERS\/Mario Anzuoni)\" width=\"5388\" height=\"3592\"\/><\/picture>La estricta confidencialidad en la selecci\u00f3n de invitados mantiene la expectativa sobre qui\u00e9nes compartir\u00e1n la alfombra en el Museo Metropolitano de Arte de Nueva York (REUTERS\/Mario Anzuoni)<\/div>\n<p class=\"paragraph\">La Met Gala suele reunir a unos\u00a0<b>450 asistentes<\/b>, entre ellos celebridades, j\u00f3venes creativos y figuras destacadas de la moda, el arte, el deporte y la pol\u00edtica. Invitadas recurrentes como\u00a0<b>Blake Lively, Sarah Jessica Parker<\/b>\u00a0y\u00a0<b>Rihanna<\/b>\u00a0suelen acaparar la atenci\u00f3n de los medios por sus elecciones estil\u00edsticas.<\/p>\n<p class=\"paragraph\">La distribuci\u00f3n de asientos y la selecci\u00f3n de invitados se mantiene con estricta confidencialidad, consolidando el car\u00e1cter exclusivo del evento.<\/p>\n<p class=\"paragraph\">El programa de la Met Gala se mantiene en secreto, reforzando el aura de exclusividad. Los asistentes deben respetar la norma de no utilizar celulares ni redes sociales una vez dentro del museo.<\/p>\n<p class=\"paragraph\">La velada incluye c\u00f3cteles, una cena formal y actuaciones musicales de artistas de renombre. Adem\u00e1s, los invitados pueden explorar la exposici\u00f3n principal de la noche.<\/p>\n<div class=\"visual__image\"><picture><source srcset=\"https:\/\/www.infobae.com\/resizer\/v2\/PCWR7AORQNCAZCA6H45EV7466Y.com?auth=1073ee095f9fe9322970dc339988c8cf3e9639d14f3851424d9485150473bba9&amp;smart=true&amp;width=992&amp;height=558&amp;quality=85\" media=\"(min-width: 1000px)\"\/><source srcset=\"https:\/\/www.infobae.com\/resizer\/v2\/PCWR7AORQNCAZCA6H45EV7466Y.com?auth=1073ee095f9fe9322970dc339988c8cf3e9639d14f3851424d9485150473bba9&amp;smart=true&amp;width=768&amp;height=432&amp;quality=85\" media=\"(min-width: 768px)\"\/><source srcset=\"https:\/\/www.infobae.com\/resizer\/v2\/PCWR7AORQNCAZCA6H45EV7466Y.com?auth=1073ee095f9fe9322970dc339988c8cf3e9639d14f3851424d9485150473bba9&amp;smart=true&amp;width=577&amp;height=325&amp;quality=85\" media=\"(min-width: 580px)\"\/><source srcset=\"https:\/\/www.infobae.com\/resizer\/v2\/PCWR7AORQNCAZCA6H45EV7466Y.com?auth=1073ee095f9fe9322970dc339988c8cf3e9639d14f3851424d9485150473bba9&amp;smart=true&amp;width=420&amp;height=236&amp;quality=85\" media=\"(min-width: 350px)\"\/><source srcset=\"https:\/\/www.infobae.com\/resizer\/v2\/PCWR7AORQNCAZCA6H45EV7466Y.com?auth=1073ee095f9fe9322970dc339988c8cf3e9639d14f3851424d9485150473bba9&amp;smart=true&amp;width=350&amp;height=197&amp;quality=85\" media=\"(min-width: 80px)\"\/><img loading=\"lazy\" decoding=\"async\" class=\"global-image\" src=\"https:\/\/www.infobae.com\/resizer\/v2\/PCWR7AORQNCAZCA6H45EV7466Y.com?auth=1073ee095f9fe9322970dc339988c8cf3e9639d14f3851424d9485150473bba9&amp;smart=true&amp;width=350&amp;height=197&amp;quality=85\" alt=\"Entre los asistentes de la Met Gala 2026 destacan creativos j\u00f3venes, deportistas y referentes de la moda (REUTERS\/Mario Anzuoni\/File Photo)\" width=\"4598\" height=\"2586\"\/><\/picture>Entre los asistentes de la Met Gala 2026 destacan creativos j\u00f3venes, deportistas y referentes de la moda (REUTERS\/Mario Anzuoni\/File Photo)<\/div>\n<p class=\"paragraph\">La decoraci\u00f3n siempre se cuida al m\u00e1ximo detalle. Por ejemplo, en la edici\u00f3n de 2025, los invitados quedaron sorprendidos por una torre de flores de narciso creada por el artista\u00a0<b>Cy Gavin<\/b>, cuya pintura tambi\u00e9n fue proyectada en el techo del Templo de Dendur durante la cena.<\/p>\n<p class=\"paragraph\">La transmisi\u00f3n en vivo estar\u00e1 a cargo de\u00a0<b>Vogue<\/b>, que ofrecer\u00e1 cobertura exclusiva del evento, incluyendo\u00a0<b>YouTube<\/b>\u00a0y\u00a0<b>TikTok<\/b>. El lunes 4 de mayo, la alfombra roja en directo comenzar\u00e1 a las 19:00 hs.<\/p>\n<p>por <strong>INFOBAE<\/strong><\/p>\n<\/p><\/div>\n<p><a href=\"https:\/\/noticiasaldiayalahora.co\/entretenimiento\/el-riguroso-codigo-de-vestimenta-en-la-met-gala-2026-y-que-impacto-tendra-en-los-disenos\/\" class=\" target=\" title=\"El riguroso c\u00f3digo de vestimenta en la Met Gala 2026 y qu\u00e9 impacto tendr\u00e1 en los dise\u00f1os\" target=\"_blank\" rel=\"noopener\">Ver fuente<\/a><\/p>\n","protected":false},"excerpt":{"rendered":"<p>La\u00a0Met Gala 2026\u00a0ser\u00e1 uno de los eventos m\u00e1s importantes del a\u00f1o en\u00a0moda\u00a0y arte. Bajo el lema\u00a0\u201cFashion Is Art\u201d\u00a0o\u00a0\u201cLa Moda es Arte\u201d, la gala reunir\u00e1 a figuras para destacar la creatividad y el dise\u00f1o. El Museo Metropolitano de Arte de Nueva York recibir\u00e1 a los invitados el pr\u00f3ximo\u00a0lunes 4 de mayo\u00a0en una noche dedicada a la [&hellip;]<\/p>\n","protected":false},"author":2,"featured_media":129043,"comment_status":"open","ping_status":"closed","sticky":false,"template":"","format":"standard","meta":{"footnotes":""},"categories":[8],"tags":[],"class_list":["post-129042","post","type-post","status-publish","format-standard","has-post-thumbnail","hentry","category-entretenimiento"],"_links":{"self":[{"href":"https:\/\/enfoquenoticioso.com\/index.php?rest_route=\/wp\/v2\/posts\/129042","targetHints":{"allow":["GET"]}}],"collection":[{"href":"https:\/\/enfoquenoticioso.com\/index.php?rest_route=\/wp\/v2\/posts"}],"about":[{"href":"https:\/\/enfoquenoticioso.com\/index.php?rest_route=\/wp\/v2\/types\/post"}],"author":[{"embeddable":true,"href":"https:\/\/enfoquenoticioso.com\/index.php?rest_route=\/wp\/v2\/users\/2"}],"replies":[{"embeddable":true,"href":"https:\/\/enfoquenoticioso.com\/index.php?rest_route=%2Fwp%2Fv2%2Fcomments&post=129042"}],"version-history":[{"count":0,"href":"https:\/\/enfoquenoticioso.com\/index.php?rest_route=\/wp\/v2\/posts\/129042\/revisions"}],"wp:featuredmedia":[{"embeddable":true,"href":"https:\/\/enfoquenoticioso.com\/index.php?rest_route=\/wp\/v2\/media\/129043"}],"wp:attachment":[{"href":"https:\/\/enfoquenoticioso.com\/index.php?rest_route=%2Fwp%2Fv2%2Fmedia&parent=129042"}],"wp:term":[{"taxonomy":"category","embeddable":true,"href":"https:\/\/enfoquenoticioso.com\/index.php?rest_route=%2Fwp%2Fv2%2Fcategories&post=129042"},{"taxonomy":"post_tag","embeddable":true,"href":"https:\/\/enfoquenoticioso.com\/index.php?rest_route=%2Fwp%2Fv2%2Ftags&post=129042"}],"curies":[{"name":"wp","href":"https:\/\/api.w.org\/{rel}","templated":true}]}}