{"id":129046,"date":"2026-04-29T12:22:16","date_gmt":"2026-04-29T12:22:16","guid":{"rendered":"https:\/\/enfoquenoticioso.com\/?p=129046"},"modified":"2026-04-29T12:22:16","modified_gmt":"2026-04-29T12:22:16","slug":"espana-invita-a-delcy-rodriguez-a-la-cumbre-iberoamericana-para-el-proximo-mes-de-noviembre","status":"publish","type":"post","link":"https:\/\/enfoquenoticioso.com\/?p=129046","title":{"rendered":"Espa\u00f1a invita a Delcy Rodr\u00edguez a la Cumbre Iberoamericana para el pr\u00f3ximo mes de noviembre"},"content":{"rendered":"<div>\n<p>El ministro de Asuntos Exteriores de Espa\u00f1a, Jos\u00e9 Manuel Albares, inform\u00f3 este martes que el Gobierno espa\u00f1ol invitar\u00e1 a la presidenta encargada, Delcy Rodr\u00edguez, a la Cumbre Iberoamericana que se celebrar\u00e1 en Madrid los d\u00edas 4 y 5 de noviembre.<\/p>\n<p>\u201cEn estos momentos lo que estamos haciendo es dirigi\u00e9ndonos a todos los pa\u00edses y vamos a actuar como se act\u00faa siempre. Se invita a quien tiene la representaci\u00f3n internacional de cada pa\u00eds\u201d, se\u00f1al\u00f3 Albares durante un\u00a0encuentro con la prensa en Rep\u00fablica Dominicana, al ser consultado sobre si ya hab\u00eda sido cursada la invitaci\u00f3n a Rodr\u00edguez.<\/p>\n<p>En ese sentido, se\u00f1al\u00f3 que la pr\u00f3xima edici\u00f3n del foro no tendr\u00e1 cambios en sus reglas de funcionamiento y que se mantendr\u00e1 el mismo criterio aplicado en cumbres anteriores,\u00a0seg\u00fan declaraciones recogidas por la prensa espa\u00f1ola.<\/p>\n<p>Albares ofreci\u00f3 estas declaraciones en la Embajada de Espa\u00f1a en Santo Domingo, tras una reuni\u00f3n con su hom\u00f3logo dominicano, Roberto \u00c1lvarez, en el marco de una gira por Am\u00e9rica Latina que inici\u00f3 en Puerto Rico y que continuar\u00e1 en M\u00e9xico<\/p>\n<p>Rodr\u00edguez asumi\u00f3 el cargo tras la captura de Nicol\u00e1s Maduro el pasado 3 de enero en Caracas por parte de Estados Unidos. Actualmente, la Uni\u00f3n Europea (UE) mantiene sanciones en su contra que le impiden ingresar al espacio europeo, aunque Espa\u00f1a ha se\u00f1alado que existen excepciones dentro de este r\u00e9gimen restrictivo.<\/p>\n<p>En febrero, el Gobierno espa\u00f1ol anunci\u00f3 su intenci\u00f3n de solicitar formalmente a la Uni\u00f3n Europea la retirada de las sanciones contra Rodr\u00edguez, luego de que la Asamblea Nacional (AN) aprobara por unanimidad una Ley de Amnist\u00eda.<\/p>\n<p>\u201cVamos a solicitar a la Uni\u00f3n Europea que retire las sanciones a la presidenta encargada, Delcy Rodr\u00edguez, porque la Uni\u00f3n Europea tiene que enviar una se\u00f1al, una se\u00f1al de que se est\u00e1 avanzando por el buen camino en esta nueva etapa\u201d, expres\u00f3 Albares en ese momento.<\/p>\n<p>Asimismo, el ministro defendi\u00f3 que la eventual eliminaci\u00f3n de las sanciones ser\u00eda un gesto de respaldo al proceso de distensi\u00f3n pol\u00edtica en Venezuela y al eventual retorno de ciudadanos venezolanos en el exterior que deseen regresar al pa\u00eds.<\/p>\n<\/p><\/div>\n<p><a href=\"https:\/\/noticiasaldiayalahora.co\/internacionales\/espana-invita-a-delcy-rodriguez-a-la-cumbre-iberoamericana-para-el-proximo-mes-de-noviembre\/\" class=\" target=\" title=\"Espa\u00f1a invita a Delcy Rodr\u00edguez a la Cumbre Iberoamericana para el pr\u00f3ximo mes de noviembre\" target=\"_blank\" rel=\"noopener\">Ver fuente<\/a><\/p>\n","protected":false},"excerpt":{"rendered":"<p>El ministro de Asuntos Exteriores de Espa\u00f1a, Jos\u00e9 Manuel Albares, inform\u00f3 este martes que el Gobierno espa\u00f1ol invitar\u00e1 a la presidenta encargada, Delcy Rodr\u00edguez, a la Cumbre Iberoamericana que se celebrar\u00e1 en Madrid los d\u00edas 4 y 5 de noviembre. \u201cEn estos momentos lo que estamos haciendo es dirigi\u00e9ndonos a todos los pa\u00edses y vamos [&hellip;]<\/p>\n","protected":false},"author":2,"featured_media":129047,"comment_status":"open","ping_status":"closed","sticky":false,"template":"","format":"standard","meta":{"footnotes":""},"categories":[6],"tags":[],"class_list":["post-129046","post","type-post","status-publish","format-standard","has-post-thumbnail","hentry","category-internacionales"],"_links":{"self":[{"href":"https:\/\/enfoquenoticioso.com\/index.php?rest_route=\/wp\/v2\/posts\/129046","targetHints":{"allow":["GET"]}}],"collection":[{"href":"https:\/\/enfoquenoticioso.com\/index.php?rest_route=\/wp\/v2\/posts"}],"about":[{"href":"https:\/\/enfoquenoticioso.com\/index.php?rest_route=\/wp\/v2\/types\/post"}],"author":[{"embeddable":true,"href":"https:\/\/enfoquenoticioso.com\/index.php?rest_route=\/wp\/v2\/users\/2"}],"replies":[{"embeddable":true,"href":"https:\/\/enfoquenoticioso.com\/index.php?rest_route=%2Fwp%2Fv2%2Fcomments&post=129046"}],"version-history":[{"count":0,"href":"https:\/\/enfoquenoticioso.com\/index.php?rest_route=\/wp\/v2\/posts\/129046\/revisions"}],"wp:featuredmedia":[{"embeddable":true,"href":"https:\/\/enfoquenoticioso.com\/index.php?rest_route=\/wp\/v2\/media\/129047"}],"wp:attachment":[{"href":"https:\/\/enfoquenoticioso.com\/index.php?rest_route=%2Fwp%2Fv2%2Fmedia&parent=129046"}],"wp:term":[{"taxonomy":"category","embeddable":true,"href":"https:\/\/enfoquenoticioso.com\/index.php?rest_route=%2Fwp%2Fv2%2Fcategories&post=129046"},{"taxonomy":"post_tag","embeddable":true,"href":"https:\/\/enfoquenoticioso.com\/index.php?rest_route=%2Fwp%2Fv2%2Ftags&post=129046"}],"curies":[{"name":"wp","href":"https:\/\/api.w.org\/{rel}","templated":true}]}}