{"id":129048,"date":"2026-04-29T12:47:04","date_gmt":"2026-04-29T12:47:04","guid":{"rendered":"https:\/\/enfoquenoticioso.com\/?p=129048"},"modified":"2026-04-29T12:47:04","modified_gmt":"2026-04-29T12:47:04","slug":"asi-atraparon-a-una-mujer-que-asaltaba-con-tijeras-en-autobuses","status":"publish","type":"post","link":"https:\/\/enfoquenoticioso.com\/?p=129048","title":{"rendered":"As\u00ed atraparon a una mujer que asaltaba con tijeras en autobuses"},"content":{"rendered":"<div id=\"post-584257\">&#13;<br \/>\n\t\t\t&#13;<\/p>\n<div class=\"entry-thumbnail\">\n<img loading=\"lazy\" width=\"777\" height=\"437\" src=\"https:\/\/noticiasaldiayalahora.co\/wp-content\/uploads\/2025\/03\/Ministerio-Publico-1-777x437.jpg\" class=\"attachment-content-single size-content-single wp-post-image\" alt=\"\" decoding=\"async\" srcset=\"https:\/\/noticiasaldiayalahora.co\/wp-content\/uploads\/2025\/03\/Ministerio-Publico-1-777x437.jpg 777w, https:\/\/noticiasaldiayalahora.co\/wp-content\/uploads\/2025\/03\/Ministerio-Publico-1-300x169.jpg 300w, https:\/\/noticiasaldiayalahora.co\/wp-content\/uploads\/2025\/03\/Ministerio-Publico-1-768x432.jpg 768w, https:\/\/noticiasaldiayalahora.co\/wp-content\/uploads\/2025\/03\/Ministerio-Publico-1-180x101.jpg 180w, https:\/\/noticiasaldiayalahora.co\/wp-content\/uploads\/2025\/03\/Ministerio-Publico-1-260x146.jpg 260w, https:\/\/noticiasaldiayalahora.co\/wp-content\/uploads\/2025\/03\/Ministerio-Publico-1-373x210.jpg 373w, https:\/\/noticiasaldiayalahora.co\/wp-content\/uploads\/2025\/03\/Ministerio-Publico-1-120x67.jpg 120w, https:\/\/noticiasaldiayalahora.co\/wp-content\/uploads\/2025\/03\/Ministerio-Publico-1.jpg 860w\" sizes=\"auto, (max-width: 777px) 100vw, 777px\"\/><\/div>\n<p>\t&#13;<\/p>\n<div class=\"advertisement\">\n<div class=\"sb-widget post-ad\">\n<p style=\"font-size: 10px; color: #999; margin: 0 0 10px 0; text-transform: uppercase; font-family: sans-serif;\">Publicidad \/ Contenido Patrocinado<\/p>\n<\/div><\/div>\n<p>&#13;<\/p>\n<p class=\"entry-meta\">\n<span class=\"entry-meta-author vcard author\">Por: <a class=\"fn\" href=\"https:\/\/noticiasaldiayalahora.co\/author\/redaccion\/\" target=\"_blank\" rel=\"noopener\">Redacci\u00f3n Noticias al Dia y a la Hora<\/a><\/span><br \/>\n<span class=\"entry-meta-date updated\">29 abril, 2026<\/span>\n<\/p>\n<p>\t&#13;<\/p>\n<div class=\"entry-content clearfix\">\n<p>Las autoridades policiales anunciaron la captura de una joven de 20 a\u00f1os, identificada como Maurelis Alejandra Sequera, quien, presuntamente,\u00a0<strong>robaba con una tijera en el municipio Chacao<\/strong>, estado Miranda.<\/p>\n<p>El director de la Polic\u00eda de Chacao, Luis Gonzalo Fern\u00e1ndez inform\u00f3 en sus redes sociales sobre la captura de Sequera. El procedimiento se llev\u00f3 al cabo el s\u00e1bado en la\u00a0<strong>avenida Francisco de Miranda<\/strong>, a la altura de la plaza Altamira.<\/p>\n<p>El accionar de Sequera sali\u00f3 a la luz cuando un pasajero de un autob\u00fas\u00a0<strong>abord\u00f3 a funcionarios policiales en Altamira<\/strong>. La v\u00edctima asegur\u00f3 que \u00abhab\u00eda sido v\u00edctima de un robo por una mujer\u00bb en plena unidad.<\/p>\n<p>Los agentes persiguieron el autob\u00fas y, tras hacer la voz de alto, capturaron a Sequera dentro de la unidad. \u00abUna vez realizada la inspecci\u00f3n corporal de la sospechosa, se le incaut\u00f3 el objeto punzopenetrante y\u00a0<strong>se recuper\u00f3 el dinero en efectivo propiedad del denunciante<\/strong>\u00bb, indic\u00f3 el reporte policial.<\/p>\n<blockquote class=\"instagram-media\" data-instgrm-captioned=\"\" data-instgrm-permalink=\"https:\/\/www.instagram.com\/reel\/DXp74KBk_e2\/?utm_source=ig_embed&amp;utm_campaign=loading\" data-instgrm-version=\"14\">\n<\/blockquote>\n<p>La Polic\u00eda tambi\u00e9n difundi\u00f3 un video en el que se puede apreciar el momento en que\u00a0<strong>Sequera es detenida y aborda una patrulla municipal<\/strong>. Tambi\u00e9n hay im\u00e1genes de la unidad en la que ocurri\u00f3 el crimen<\/p>\n<div id=\"ez-toc-container\" class=\"ez-toc-v2_0_81 counter-hierarchy ez-toc-counter ez-toc-grey ez-toc-container-direction\">\n<div class=\"ez-toc-title-container\">\n<p class=\"ez-toc-title\" style=\"cursor:inherit\">Tabla de Contenido<\/p>\n<span class=\"ez-toc-title-toggle\"><a href=\"#\" class=\"ez-toc-pull-right ez-toc-btn ez-toc-btn-xs ez-toc-btn-default ez-toc-toggle\" aria-label=\"Alternar tabla de contenidos\"><span class=\"ez-toc-js-icon-con\"><span class=\"\"><span class=\"eztoc-hide\" style=\"display:none;\">Toggle<\/span><span class=\"ez-toc-icon-toggle-span\"><svg style=\"fill: #999;color:#999\" xmlns=\"http:\/\/www.w3.org\/2000\/svg\" class=\"list-377408\" width=\"20px\" height=\"20px\" viewBox=\"0 0 24 24\" fill=\"none\"><path d=\"M6 6H4v2h2V6zm14 0H8v2h12V6zM4 11h2v2H4v-2zm16 0H8v2h12v-2zM4 16h2v2H4v-2zm16 0H8v2h12v-2z\" fill=\"currentColor\"><\/path><\/svg><svg style=\"fill: #999;color:#999\" class=\"arrow-unsorted-368013\" xmlns=\"http:\/\/www.w3.org\/2000\/svg\" width=\"10px\" height=\"10px\" viewBox=\"0 0 24 24\" version=\"1.2\" baseProfile=\"tiny\"><path d=\"M18.2 9.3l-6.2-6.3-6.2 6.3c-.2.2-.3.4-.3.7s.1.5.3.7c.2.2.4.3.7.3h11c.3 0 .5-.1.7-.3.2-.2.3-.5.3-.7s-.1-.5-.3-.7zM5.8 14.7l6.2 6.3 6.2-6.3c.2-.2.3-.5.3-.7s-.1-.5-.3-.7c-.2-.2-.4-.3-.7-.3h-11c-.3 0-.5.1-.7.3-.2.2-.3.5-.3.7s.1.5.3.7z\"\/><\/svg><\/span><\/span><\/span><\/a><\/span><\/div>\n<nav><ul class='ez-toc-list ez-toc-list-level-1 ' ><li class='ez-toc-page-1 ez-toc-heading-level-3'><a class=\"ez-toc-link ez-toc-heading-1\" href=\"https:\/\/enfoquenoticioso.com\/?p=129048\/#SEQUERA_TIENE_ANTECEDENTES\" >SEQUERA TIENE ANTECEDENTES<\/a><\/li><\/ul><\/nav><\/div>\n<h3><span class=\"ez-toc-section\" id=\"SEQUERA_TIENE_ANTECEDENTES\"><\/span><strong>SEQUERA TIENE ANTECEDENTES<\/strong><span class=\"ez-toc-section-end\"><\/span><\/h3>\n<p>Los funcionarios trasladaron a Sequere a la sede de la polic\u00eda municipal e\u00a0<strong>informaron al Ministerio P\u00fablico sobre el caso<\/strong>. \u00abPermanecer\u00e1 bajo custodia hasta su presentaci\u00f3n ante la justicia\u00bb, indic\u00f3.<\/p>\n<p>Al verificar los datos de Sequera en el Sistema de Informaci\u00f3n Policial (Sipol), los agentes descubrieron que cuenta con antecedentes penales. La mujer de 20 a\u00f1os \u00abposee registros policiales por el\u00a0<strong>delito de hurto gen\u00e9rico<\/strong>\u00bb.<\/p>\n<\/p><\/div>\n<p>\t&#13;<br \/>\n&#13;<br \/>\n\t<!-- Taboola Below Article con Etiqueta -->&#13;<\/p>\n<div style=\"margin-top: 20px;\">\n<p style=\"font-size: 10px; color: #999; margin: 0 0 5px 0; text-transform: uppercase; font-family: sans-serif;\">Contenido Patrocinado \/ Recomendado para ti<\/p>\n<\/p><\/div>\n<p>&#13;<br \/>\n&#13;<br \/>\n\t\t&#13;\n<\/p><\/div>\n<p><script async src=\"\/\/www.instagram.com\/embed.js\"><\/script><br \/>\n<br \/><a href=\"https:\/\/noticiasaldiayalahora.co\/sucesos\/chacao-asi-atraparon-a-una-mujer-que-asaltaba-con-tijeras-en-autobuses\/\" class=\" target=\" title=\"As\u00ed atraparon a una mujer que asaltaba con tijeras en autobuses\" target=\"_blank\" rel=\"noopener\">Ver fuente<\/a><\/p>\n","protected":false},"excerpt":{"rendered":"<p>&#13; &#13; &#13; Publicidad \/ Contenido Patrocinado &#13; Por: Redacci\u00f3n Noticias al Dia y a la Hora 29 abril, 2026 &#13; Las autoridades policiales anunciaron la captura de una joven de 20 a\u00f1os, identificada como Maurelis Alejandra Sequera, quien, presuntamente,\u00a0robaba con una tijera en el municipio Chacao, estado Miranda. El director de la Polic\u00eda de [&hellip;]<\/p>\n","protected":false},"author":2,"featured_media":129049,"comment_status":"open","ping_status":"closed","sticky":false,"template":"","format":"standard","meta":{"footnotes":""},"categories":[5],"tags":[],"class_list":["post-129048","post","type-post","status-publish","format-standard","has-post-thumbnail","hentry","category-sucesos"],"_links":{"self":[{"href":"https:\/\/enfoquenoticioso.com\/index.php?rest_route=\/wp\/v2\/posts\/129048","targetHints":{"allow":["GET"]}}],"collection":[{"href":"https:\/\/enfoquenoticioso.com\/index.php?rest_route=\/wp\/v2\/posts"}],"about":[{"href":"https:\/\/enfoquenoticioso.com\/index.php?rest_route=\/wp\/v2\/types\/post"}],"author":[{"embeddable":true,"href":"https:\/\/enfoquenoticioso.com\/index.php?rest_route=\/wp\/v2\/users\/2"}],"replies":[{"embeddable":true,"href":"https:\/\/enfoquenoticioso.com\/index.php?rest_route=%2Fwp%2Fv2%2Fcomments&post=129048"}],"version-history":[{"count":0,"href":"https:\/\/enfoquenoticioso.com\/index.php?rest_route=\/wp\/v2\/posts\/129048\/revisions"}],"wp:featuredmedia":[{"embeddable":true,"href":"https:\/\/enfoquenoticioso.com\/index.php?rest_route=\/wp\/v2\/media\/129049"}],"wp:attachment":[{"href":"https:\/\/enfoquenoticioso.com\/index.php?rest_route=%2Fwp%2Fv2%2Fmedia&parent=129048"}],"wp:term":[{"taxonomy":"category","embeddable":true,"href":"https:\/\/enfoquenoticioso.com\/index.php?rest_route=%2Fwp%2Fv2%2Fcategories&post=129048"},{"taxonomy":"post_tag","embeddable":true,"href":"https:\/\/enfoquenoticioso.com\/index.php?rest_route=%2Fwp%2Fv2%2Ftags&post=129048"}],"curies":[{"name":"wp","href":"https:\/\/api.w.org\/{rel}","templated":true}]}}