{"id":129050,"date":"2026-04-29T12:50:48","date_gmt":"2026-04-29T12:50:48","guid":{"rendered":"https:\/\/enfoquenoticioso.com\/?p=129050"},"modified":"2026-04-29T12:50:48","modified_gmt":"2026-04-29T12:50:48","slug":"puede-que-el-la-quisiera-mas-de-lo-que-ella-a-el","status":"publish","type":"post","link":"https:\/\/enfoquenoticioso.com\/?p=129050","title":{"rendered":"&#8216;Puede que \u00e9l la quisiera m\u00e1s de lo que ella a \u00e9l&#8217;"},"content":{"rendered":"<div>\n<p class=\"paragraph\"><b>Mel Gibson\u00a0<\/b>ha sido vinculado recientemente con la muerte de\u00a0<b>Nadia Fares<\/b>, ocurrida el 17 de abril en Par\u00eds, tras un incidente en una piscina.<\/p>\n<p class=\"paragraph\">La actriz hab\u00eda participado junto a Gibson en la pel\u00edcula\u00a0<i>On The Line<\/i> (2022), donde \u00e9l interpret\u00f3 a un conductor de radio y ella desempe\u00f1\u00f3 un papel secundario como productora.<\/p>\n<p class=\"paragraph\">Seg\u00fan declaraciones atribuidas a una fuente cercana citada por el medio\u00a0<i>Daily Mail,<\/i>\u00a0ambos habr\u00edan mantenido una relaci\u00f3n cercana durante y despu\u00e9s de la filmaci\u00f3n.<\/p>\n<p class=\"paragraph\">La misma fuente se\u00f1al\u00f3 que exist\u00eda un v\u00ednculo personal entre los dos actores, adem\u00e1s de la relaci\u00f3n profesional desarrollada en el proyecto cinematogr\u00e1fico.<\/p>\n<div class=\"visual__image\"><picture><source srcset=\"https:\/\/www.infobae.com\/resizer\/v2\/3WXMO42FOBCIPHFVAQXVDBCT5E.jpeg?auth=98dceb7295cd23a732a150744b48d0044c32fb5bde430b7f58fb13a61b9ae1b9&amp;smart=true&amp;width=992&amp;height=515&amp;quality=85\" media=\"(min-width: 1000px)\"\/><source srcset=\"https:\/\/www.infobae.com\/resizer\/v2\/3WXMO42FOBCIPHFVAQXVDBCT5E.jpeg?auth=98dceb7295cd23a732a150744b48d0044c32fb5bde430b7f58fb13a61b9ae1b9&amp;smart=true&amp;width=768&amp;height=399&amp;quality=85\" media=\"(min-width: 768px)\"\/><source srcset=\"https:\/\/www.infobae.com\/resizer\/v2\/3WXMO42FOBCIPHFVAQXVDBCT5E.jpeg?auth=98dceb7295cd23a732a150744b48d0044c32fb5bde430b7f58fb13a61b9ae1b9&amp;smart=true&amp;width=577&amp;height=300&amp;quality=85\" media=\"(min-width: 580px)\"\/><source srcset=\"https:\/\/www.infobae.com\/resizer\/v2\/3WXMO42FOBCIPHFVAQXVDBCT5E.jpeg?auth=98dceb7295cd23a732a150744b48d0044c32fb5bde430b7f58fb13a61b9ae1b9&amp;smart=true&amp;width=420&amp;height=218&amp;quality=85\" media=\"(min-width: 350px)\"\/><source srcset=\"https:\/\/www.infobae.com\/resizer\/v2\/3WXMO42FOBCIPHFVAQXVDBCT5E.jpeg?auth=98dceb7295cd23a732a150744b48d0044c32fb5bde430b7f58fb13a61b9ae1b9&amp;smart=true&amp;width=350&amp;height=182&amp;quality=85\" media=\"(min-width: 80px)\"\/><img loading=\"lazy\" decoding=\"async\" class=\"global-image\" src=\"https:\/\/www.infobae.com\/resizer\/v2\/3WXMO42FOBCIPHFVAQXVDBCT5E.jpeg?auth=98dceb7295cd23a732a150744b48d0044c32fb5bde430b7f58fb13a61b9ae1b9&amp;smart=true&amp;width=350&amp;height=182&amp;quality=85\" alt=\"Mel Gibson y Nadia Fares forjaron un profundo v\u00ednculo tras trabajar juntos en &quot;On The Line&quot;. (Captura de video)\" width=\"739\" height=\"384\"\/><\/picture><\/div>\n<p>Mel Gibson y Nadia Fares forjaron un profundo v\u00ednculo tras trabajar juntos en \u00abOn The Line\u00bb. (Captura de video)<\/p>\n<p class=\"paragraph\">\u201cMel se ha enamorado de muchas mujeres a lo largo de su vida, y\u00a0<b>Nadia Fares es sin duda una de las mujeres en su vida a la que ama y respeta profundamente\u00a0<\/b>por su trabajo conjunto y su amistad inquebrantable.\u201d, dijo el informante.<\/p>\n<p class=\"paragraph\">Y a\u00f1adi\u00f3: \u201cPuede que<b>\u00a0\u00e9l la quisiera m\u00e1s de lo que ella a \u00e9l, pero ten\u00edan un v\u00ednculo tremendo<\/b> que hace que su fallecimiento sea una p\u00e9rdida incre\u00edble. Est\u00e1 destrozado por su partida tan joven. No se imaginaba que esto pudiera suceder. Es a\u00fan m\u00e1s devastador de lo que uno podr\u00eda pensar. La quer\u00eda much\u00edsimo\u00bb.<\/p>\n<p class=\"paragraph\">En declaraciones previas,\u00a0<b>Mel Gibson\u00a0<\/b>hab\u00eda descrito a Fares como una actriz con cualidades destacadas dentro de su trabajo interpretativo. En ese contexto, tambi\u00e9n hab\u00eda se\u00f1alado que la experiencia de trabajar con ella en\u00a0<i>On The Line<\/i>\u00a0fue parte de su trayectoria profesional reciente.<\/p>\n<p class=\"paragraph\">Adem\u00e1s de su participaci\u00f3n en ese proyecto,\u00a0<b>Nadia Fares<\/b>\u00a0visit\u00f3 al actor en el set de rodaje de la producci\u00f3n\u00a0<i>The Resurrection of the Christ<\/i>, secuela de la pel\u00edcula\u00a0<i>The Passion of the Christ<\/i> (2004), dirigida por el propio artista.<\/p>\n<div class=\"visual__image\"><picture><source srcset=\"https:\/\/www.infobae.com\/resizer\/v2\/DDZZLB3BFVEJBHVXCCRABY3UAE.jpg?auth=3255b2f489a5c5c7b9cf7111781a008e6a6fd2811db6589960b73481a0204a95&amp;smart=true&amp;width=992&amp;height=1757&amp;quality=85\" media=\"(min-width: 1000px)\"\/><source srcset=\"https:\/\/www.infobae.com\/resizer\/v2\/DDZZLB3BFVEJBHVXCCRABY3UAE.jpg?auth=3255b2f489a5c5c7b9cf7111781a008e6a6fd2811db6589960b73481a0204a95&amp;smart=true&amp;width=768&amp;height=1360&amp;quality=85\" media=\"(min-width: 768px)\"\/><source srcset=\"https:\/\/www.infobae.com\/resizer\/v2\/DDZZLB3BFVEJBHVXCCRABY3UAE.jpg?auth=3255b2f489a5c5c7b9cf7111781a008e6a6fd2811db6589960b73481a0204a95&amp;smart=true&amp;width=577&amp;height=1022&amp;quality=85\" media=\"(min-width: 580px)\"\/><source srcset=\"https:\/\/www.infobae.com\/resizer\/v2\/DDZZLB3BFVEJBHVXCCRABY3UAE.jpg?auth=3255b2f489a5c5c7b9cf7111781a008e6a6fd2811db6589960b73481a0204a95&amp;smart=true&amp;width=420&amp;height=744&amp;quality=85\" media=\"(min-width: 350px)\"\/><source srcset=\"https:\/\/www.infobae.com\/resizer\/v2\/DDZZLB3BFVEJBHVXCCRABY3UAE.jpg?auth=3255b2f489a5c5c7b9cf7111781a008e6a6fd2811db6589960b73481a0204a95&amp;smart=true&amp;width=350&amp;height=620&amp;quality=85\" media=\"(min-width: 80px)\"\/><img loading=\"lazy\" decoding=\"async\" class=\"global-image\" src=\"https:\/\/www.infobae.com\/resizer\/v2\/DDZZLB3BFVEJBHVXCCRABY3UAE.jpg?auth=3255b2f489a5c5c7b9cf7111781a008e6a6fd2811db6589960b73481a0204a95&amp;smart=true&amp;width=350&amp;height=620&amp;quality=85\" alt=\"Nadia Fares visit\u00f3 a Mel Gibson durante el rodaje de &quot;La resurrecci\u00f3n de cristo&quot;. (Instagram)\" width=\"700\" height=\"1240\"\/><\/picture><\/div>\n<p>Nadia Fares visit\u00f3 a Mel Gibson durante el rodaje de \u00abLa resurrecci\u00f3n de cristo\u00bb. (Instagram)<\/p>\n<p class=\"paragraph\">El incidente que deriv\u00f3 en la hospitalizaci\u00f3n de Fares ocurri\u00f3 el 11 de abril mientras se encontraba en un club deportivo cercano a la zona de Montmartre. De acuerdo con la informaci\u00f3n disponible, la actriz, de 57 a\u00f1os, estaba nadando cuando perdi\u00f3 el conocimiento.<\/p>\n<p class=\"paragraph\">Fue localizada en el fondo de la piscina y recibi\u00f3 maniobras de reanimaci\u00f3n por parte de otra persona presente en el lugar antes de la llegada de los servicios de emergencia.<\/p>\n<p class=\"paragraph\">Posteriormente fue trasladada a un hospital, donde fue ingresada en estado de coma inducido. Seis d\u00edas despu\u00e9s, sufri\u00f3 un paro card\u00edaco en el hospital Piti\u00e9-Salp\u00eatri\u00e8re, centro m\u00e9dico en el que permanec\u00eda internada.<\/p>\n<p class=\"paragraph\">En su historial m\u00e9dico, Nadia hab\u00eda sido sometida a una intervenci\u00f3n quir\u00fargica por un aneurisma cerebral en 2007 y, de acuerdo con declaraciones anteriores, tambi\u00e9n hab\u00eda pasado por varias cirug\u00edas card\u00edacas en a\u00f1os posteriores.<\/p>\n<div class=\"visual__image\"><picture><source srcset=\"https:\/\/www.infobae.com\/resizer\/v2\/MGVIGSNEXBF55A3Z7MSJYRR6GE.jpg?auth=471d022029aee943ba5eac7b916d2403744d773944c839cb84533d7955652b85&amp;smart=true&amp;width=992&amp;height=1506&amp;quality=85\" media=\"(min-width: 1000px)\"\/><source srcset=\"https:\/\/www.infobae.com\/resizer\/v2\/MGVIGSNEXBF55A3Z7MSJYRR6GE.jpg?auth=471d022029aee943ba5eac7b916d2403744d773944c839cb84533d7955652b85&amp;smart=true&amp;width=768&amp;height=1166&amp;quality=85\" media=\"(min-width: 768px)\"\/><source srcset=\"https:\/\/www.infobae.com\/resizer\/v2\/MGVIGSNEXBF55A3Z7MSJYRR6GE.jpg?auth=471d022029aee943ba5eac7b916d2403744d773944c839cb84533d7955652b85&amp;smart=true&amp;width=577&amp;height=876&amp;quality=85\" media=\"(min-width: 580px)\"\/><source srcset=\"https:\/\/www.infobae.com\/resizer\/v2\/MGVIGSNEXBF55A3Z7MSJYRR6GE.jpg?auth=471d022029aee943ba5eac7b916d2403744d773944c839cb84533d7955652b85&amp;smart=true&amp;width=420&amp;height=638&amp;quality=85\" media=\"(min-width: 350px)\"\/><source srcset=\"https:\/\/www.infobae.com\/resizer\/v2\/MGVIGSNEXBF55A3Z7MSJYRR6GE.jpg?auth=471d022029aee943ba5eac7b916d2403744d773944c839cb84533d7955652b85&amp;smart=true&amp;width=350&amp;height=531&amp;quality=85\" media=\"(min-width: 80px)\"\/><img loading=\"lazy\" decoding=\"async\" class=\"global-image\" src=\"https:\/\/www.infobae.com\/resizer\/v2\/MGVIGSNEXBF55A3Z7MSJYRR6GE.jpg?auth=471d022029aee943ba5eac7b916d2403744d773944c839cb84533d7955652b85&amp;smart=true&amp;width=350&amp;height=531&amp;quality=85\" alt=\"Nadia Fares\" width=\"2899\" height=\"4401\"\/><\/picture>Nadia Fares fue sometida a una intervenci\u00f3n quir\u00fargica por un aneurisma cerebral en 2007. (AFP)<\/div>\n<p class=\"paragraph\">El fallecimiento fue comunicado p\u00fablicamente por sus hijas, Cylia y Shana Chasman, a trav\u00e9s de un mensaje en redes sociales.<\/p>\n<p class=\"paragraph\">Fares hab\u00eda contra\u00eddo matrimonio en 2002 con el productor Steve Chasman, con quien tuvo a sus dos hijas. La pareja se separ\u00f3 en 2022, tras lo cual la actriz regres\u00f3 a Francia.<\/p>\n<p class=\"paragraph\">En cuanto a Gibson, el actor confirm\u00f3 en diciembre de 2025 su separaci\u00f3n de\u00a0<b>Rosalind Ross<\/b>, con quien manten\u00eda una relaci\u00f3n desde 2014. La pareja tiene un hijo en com\u00fan.<\/p>\n<div class=\"visual__image\"><picture><source srcset=\"https:\/\/www.infobae.com\/resizer\/v2\/2BDVUYEHANDR7F2HDIGL6UOXIY.jpg?auth=0da4f78da66b15acfe465fa88e1a3384dc40d3698fd2b61bc256e777c9803e81&amp;smart=true&amp;width=992&amp;height=558&amp;quality=85\" media=\"(min-width: 1000px)\"\/><source srcset=\"https:\/\/www.infobae.com\/resizer\/v2\/2BDVUYEHANDR7F2HDIGL6UOXIY.jpg?auth=0da4f78da66b15acfe465fa88e1a3384dc40d3698fd2b61bc256e777c9803e81&amp;smart=true&amp;width=768&amp;height=432&amp;quality=85\" media=\"(min-width: 768px)\"\/><source srcset=\"https:\/\/www.infobae.com\/resizer\/v2\/2BDVUYEHANDR7F2HDIGL6UOXIY.jpg?auth=0da4f78da66b15acfe465fa88e1a3384dc40d3698fd2b61bc256e777c9803e81&amp;smart=true&amp;width=577&amp;height=325&amp;quality=85\" media=\"(min-width: 580px)\"\/><source srcset=\"https:\/\/www.infobae.com\/resizer\/v2\/2BDVUYEHANDR7F2HDIGL6UOXIY.jpg?auth=0da4f78da66b15acfe465fa88e1a3384dc40d3698fd2b61bc256e777c9803e81&amp;smart=true&amp;width=420&amp;height=236&amp;quality=85\" media=\"(min-width: 350px)\"\/><source srcset=\"https:\/\/www.infobae.com\/resizer\/v2\/2BDVUYEHANDR7F2HDIGL6UOXIY.jpg?auth=0da4f78da66b15acfe465fa88e1a3384dc40d3698fd2b61bc256e777c9803e81&amp;smart=true&amp;width=350&amp;height=197&amp;quality=85\" media=\"(min-width: 80px)\"\/><img loading=\"lazy\" decoding=\"async\" class=\"global-image\" src=\"https:\/\/www.infobae.com\/resizer\/v2\/2BDVUYEHANDR7F2HDIGL6UOXIY.jpg?auth=0da4f78da66b15acfe465fa88e1a3384dc40d3698fd2b61bc256e777c9803e81&amp;smart=true&amp;width=350&amp;height=197&amp;quality=85\" alt=\"Mel Gibson y Rosalind Ross se separaron en 2025 tras 11 a\u00f1os de relaci\u00f3n. (Reuters)\" width=\"1920\" height=\"1080\"\/><\/picture>Mel Gibson y Rosalind Ross se separaron en 2025 tras 11 a\u00f1os de relaci\u00f3n. (Reuters)<\/div>\n<p class=\"paragraph\"><b>Nadia Fares<\/b>\u00a0desarroll\u00f3 su carrera principalmente en el cine europeo. Entre sus trabajos m\u00e1s conocidos se encuentra la pel\u00edcula\u00a0<i>The Crimson Rivers<\/i>\u00a0(2000), dirigida por Mathieu Kassovitz y protagonizada por Vincent Cassel y Jean Reno. Tambi\u00e9n particip\u00f3 en producciones como\u00a0<i>The Nest<\/i>\u00a0(2002) y\u00a0<i>Everyone\u2019s Life<\/i>\u00a0(2017), as\u00ed como en la serie\u00a0<i>Marseille<\/i>, distribuida por Netflix.<\/p>\n<p>por <strong>INFOBAE<\/strong><\/p>\n<\/p><\/div>\n<p><a href=\"https:\/\/noticiasaldiayalahora.co\/entretenimiento\/mel-gibson-quedo-devastado-por-la-muerte-de-nadia-fares-puede-que-el-la-quisiera-mas-de-lo-que-ella-a-el\/\" class=\" target=\" title=\"&#039;Puede que \u00e9l la quisiera m\u00e1s de lo que ella a \u00e9l&#039;\" target=\"_blank\" rel=\"noopener\">Ver fuente<\/a><\/p>\n","protected":false},"excerpt":{"rendered":"<p>Mel Gibson\u00a0ha sido vinculado recientemente con la muerte de\u00a0Nadia Fares, ocurrida el 17 de abril en Par\u00eds, tras un incidente en una piscina. La actriz hab\u00eda participado junto a Gibson en la pel\u00edcula\u00a0On The Line (2022), donde \u00e9l interpret\u00f3 a un conductor de radio y ella desempe\u00f1\u00f3 un papel secundario como productora. Seg\u00fan declaraciones atribuidas [&hellip;]<\/p>\n","protected":false},"author":2,"featured_media":129051,"comment_status":"open","ping_status":"closed","sticky":false,"template":"","format":"standard","meta":{"footnotes":""},"categories":[8],"tags":[],"class_list":["post-129050","post","type-post","status-publish","format-standard","has-post-thumbnail","hentry","category-entretenimiento"],"_links":{"self":[{"href":"https:\/\/enfoquenoticioso.com\/index.php?rest_route=\/wp\/v2\/posts\/129050","targetHints":{"allow":["GET"]}}],"collection":[{"href":"https:\/\/enfoquenoticioso.com\/index.php?rest_route=\/wp\/v2\/posts"}],"about":[{"href":"https:\/\/enfoquenoticioso.com\/index.php?rest_route=\/wp\/v2\/types\/post"}],"author":[{"embeddable":true,"href":"https:\/\/enfoquenoticioso.com\/index.php?rest_route=\/wp\/v2\/users\/2"}],"replies":[{"embeddable":true,"href":"https:\/\/enfoquenoticioso.com\/index.php?rest_route=%2Fwp%2Fv2%2Fcomments&post=129050"}],"version-history":[{"count":0,"href":"https:\/\/enfoquenoticioso.com\/index.php?rest_route=\/wp\/v2\/posts\/129050\/revisions"}],"wp:featuredmedia":[{"embeddable":true,"href":"https:\/\/enfoquenoticioso.com\/index.php?rest_route=\/wp\/v2\/media\/129051"}],"wp:attachment":[{"href":"https:\/\/enfoquenoticioso.com\/index.php?rest_route=%2Fwp%2Fv2%2Fmedia&parent=129050"}],"wp:term":[{"taxonomy":"category","embeddable":true,"href":"https:\/\/enfoquenoticioso.com\/index.php?rest_route=%2Fwp%2Fv2%2Fcategories&post=129050"},{"taxonomy":"post_tag","embeddable":true,"href":"https:\/\/enfoquenoticioso.com\/index.php?rest_route=%2Fwp%2Fv2%2Ftags&post=129050"}],"curies":[{"name":"wp","href":"https:\/\/api.w.org\/{rel}","templated":true}]}}