{"id":129056,"date":"2026-04-29T13:10:09","date_gmt":"2026-04-29T13:10:09","guid":{"rendered":"https:\/\/enfoquenoticioso.com\/?p=129056"},"modified":"2026-04-29T13:10:09","modified_gmt":"2026-04-29T13:10:09","slug":"europa-considera-que-facebook-e-instagram-no-estan-haciendo-nada-para-limitar-el-acceso-a-los-menores-de-13-anos-y-amenaza-con-multas","status":"publish","type":"post","link":"https:\/\/enfoquenoticioso.com\/?p=129056","title":{"rendered":"Europa considera que Facebook e Instagram no est\u00e1n haciendo nada para limitar el acceso a los menores de 13 a\u00f1os y amenaza con multas"},"content":{"rendered":"<figure><img loading=\"lazy\" decoding=\"async\" width=\"1024\" height=\"578\" src=\"https:\/\/i0.wp.com\/imgs.hipertextual.com\/wp-content\/uploads\/2024\/05\/zuckerberg-meta.jpg?fit=1024%2C578&amp;quality=70&amp;strip=all&amp;ssl=1\" class=\"attachment-rss-image-size size-rss-image-size wp-post-image\" alt=\"Mark Zuckerberg, CEO de Meta\" \/><\/figure>\n<p>Malas noticias para Meta. La Comisi\u00f3n Europea, aunque con car\u00e1cter preliminar, <a href=\"https:\/\/ec.europa.eu\/commission\/presscorner\/detail\/es\/ip_26_920\" target=\"_blank\" rel=\"noopener\">ha determinado<\/a> que las redes sociales de Mark Zuckerberg <strong>no est\u00e1n haciendo lo que la ley obliga para que menores de 13 a\u00f1os no puedan usar Instagram y Facebook<\/strong>. <\/p>\n<p>Seg\u00fan el \u00f3rgano europeo, y derivado de la investigaci\u00f3n que puso en marcha sobre el acceso de los menores a las redes sociales, ha determinado que tanto Instagram como Facebook est\u00e1n infringiendo el Reglamento de Servicios Digitales y que, pese a que las condiciones de ambas redes sociales<strong> regulan expresamente la prohibici\u00f3n de uso de las mismas a los menores de 13 a\u00f1os<\/strong>, no est\u00e1n llevando a cabo la diligencia debida al no detectar, evaluar y mitigar el acceso de dichos menores a sus servicios. <\/p>\n<p>En otras palabras, la Comisi\u00f3n Europea considera que las restricciones que aplica Meta no parecen eficaces. Y de mayor gravedad, el \u00f3rgano europeo considera que las medidas puestas en marcha por las redes sociales de Meta no impiden adecuadamente que los menores de 13 a\u00f1os accedan a dichos servicios. <strong>Y que tampoco identifican y eliminan r\u00e1pidamente las cuentas de los menores<\/strong> que ya han obtenido acceso y usan las redes pese a no poder hacerlo:<\/p>\n<blockquote class=\"wp-block-quote is-layout-flow wp-block-quote-is-layout-flow\">\n<p> \u00abLas propias condiciones generales de Meta indican que sus servicios no est\u00e1n destinados a menores de 13 a\u00f1os. Sin embargo, nuestras conclusiones preliminares muestran que Instagram y Facebook est\u00e1n haciendo muy poco para impedir que los menores de esta edad accedan a sus servicios.<\/p>\n<p><cite>Henna\u00a0<strong>Virkkunen<\/strong>, vicepresidenta ejecutiva para la Soberan\u00eda Tecnol\u00f3gica, la Seguridad y la Democracia<\/cite><\/p><\/blockquote>\n<div id=\"ez-toc-container\" class=\"ez-toc-v2_0_81 counter-hierarchy ez-toc-counter ez-toc-grey ez-toc-container-direction\">\n<div class=\"ez-toc-title-container\">\n<p class=\"ez-toc-title\" style=\"cursor:inherit\">Tabla de Contenido<\/p>\n<span class=\"ez-toc-title-toggle\"><a href=\"#\" class=\"ez-toc-pull-right ez-toc-btn ez-toc-btn-xs ez-toc-btn-default ez-toc-toggle\" aria-label=\"Alternar tabla de contenidos\"><span class=\"ez-toc-js-icon-con\"><span class=\"\"><span class=\"eztoc-hide\" style=\"display:none;\">Toggle<\/span><span class=\"ez-toc-icon-toggle-span\"><svg style=\"fill: #999;color:#999\" xmlns=\"http:\/\/www.w3.org\/2000\/svg\" class=\"list-377408\" width=\"20px\" height=\"20px\" viewBox=\"0 0 24 24\" fill=\"none\"><path d=\"M6 6H4v2h2V6zm14 0H8v2h12V6zM4 11h2v2H4v-2zm16 0H8v2h12v-2zM4 16h2v2H4v-2zm16 0H8v2h12v-2z\" fill=\"currentColor\"><\/path><\/svg><svg style=\"fill: #999;color:#999\" class=\"arrow-unsorted-368013\" xmlns=\"http:\/\/www.w3.org\/2000\/svg\" width=\"10px\" height=\"10px\" viewBox=\"0 0 24 24\" version=\"1.2\" baseProfile=\"tiny\"><path d=\"M18.2 9.3l-6.2-6.3-6.2 6.3c-.2.2-.3.4-.3.7s.1.5.3.7c.2.2.4.3.7.3h11c.3 0 .5-.1.7-.3.2-.2.3-.5.3-.7s-.1-.5-.3-.7zM5.8 14.7l6.2 6.3 6.2-6.3c.2-.2.3-.5.3-.7s-.1-.5-.3-.7c-.2-.2-.4-.3-.7-.3h-11c-.3 0-.5.1-.7.3-.2.2-.3.5-.3.7s.1.5.3.7z\"\/><\/svg><\/span><\/span><\/span><\/a><\/span><\/div>\n<nav><ul class='ez-toc-list ez-toc-list-level-1 ' ><li class='ez-toc-page-1 ez-toc-heading-level-2'><a class=\"ez-toc-link ez-toc-heading-1\" href=\"https:\/\/enfoquenoticioso.com\/?p=129056\/#Posibles_multas_millonarias_para_Facebook_e_Instagram\" >Posibles multas millonarias para Facebook e Instagram<\/a><\/li><\/ul><\/nav><\/div>\n<h2 class=\"wp-block-heading\" id=\"h-posibles-multas-millonarias-para-facebook-e-instagram\"><span class=\"ez-toc-section\" id=\"Posibles_multas_millonarias_para_Facebook_e_Instagram\"><\/span>Posibles multas millonarias para Facebook e Instagram <span class=\"ez-toc-section-end\"><\/span><\/h2>\n<figure class=\"wp-block-image size-large\"><img loading=\"lazy\" decoding=\"async\" data-recalc-dims=\"1\" width=\"780\" height=\"439\" src=\"https:\/\/i0.wp.com\/imgs.hipertextual.com\/wp-content\/uploads\/2026\/03\/shutter-speed-9OeW6Thad0Q-unsplash-1-1500x844.jpg?resize=780%2C439&#038;quality=70&#038;strip=all&#038;ssl=1\" alt=\"\" class=\"wp-image-1879998\" \/><figcaption class=\"wp-element-caption\">Foto de <a href=\"https:\/\/unsplash.com\/es\/@shutter_speed_?utm_source=unsplash&amp;utm_medium=referral&amp;utm_content=creditCopyText\" target=\"_blank\" rel=\"noopener\">Shutter Speed<\/a> en <a href=\"https:\/\/unsplash.com\/es\/fotos\/el-logotipo-de-instagram-se-muestra-en-un-iphone-9OeW6Thad0Q?utm_source=unsplash&amp;utm_medium=referral&amp;utm_content=creditCopyText\" target=\"_blank\" rel=\"noopener\">Unsplash<\/a><\/figcaption><\/figure>\n<p>Seg\u00fan la Comisi\u00f3n Europea, <strong>aproximadamente el 10-12% de los ni\u00f1os menores de 13 a\u00f1os acceden a Instagram y Facebook sin que las medidas de Meta se lo impidan<\/strong> y que, por tanto, ambas redes sociales, propiedad de Mark Zuckerberg, deben fortalecer sus medidas para prevenir, detectar y eliminar las cuentas de los menores de su servicio.<\/p>\n<p>Como dec\u00edamos al principio, se trata de conclusiones preliminares a las que Meta tiene derecho de recurso y contradicci\u00f3n. Pero s\u00ed, efectivamente, la Comisi\u00f3n, despu\u00e9s del plazo de alegaciones (o de aplicaci\u00f3n de soluciones puestas en marcha por Meta), considera que no son suficientes o las conclusiones pasan a ser definitivas, <strong>podr\u00e1 imponer una multa proporcional a la infracci\u00f3n<\/strong>, aunque en ning\u00fan caso superar\u00e1 el 6 % del volumen de negocios anual mundial total de Meta.<\/p>\n<\/p>\n<p>Seguir leyendo: <a href=\"https:\/\/hipertextual.com\/tecnologia\/europa-meta-instagram-menores-13-anos\/\" target=\"_blank\" rel=\"noopener\">Europa considera que Facebook e Instagram no est\u00e1n haciendo nada para limitar el acceso a los menores de 13 a\u00f1os y amenaza con multas<\/a><\/p>\n<p><a href=\"https:\/\/hipertextual.com\/tecnologia\/europa-meta-instagram-menores-13-anos\/\" class=\" target=\" title=\"Europa considera que Facebook e Instagram no est\u00e1n haciendo nada para limitar el acceso a los menores de 13 a\u00f1os y amenaza con multas\" target=\"_blank\" rel=\"noopener\">Ver fuente<\/a><\/p>\n","protected":false},"excerpt":{"rendered":"<p>Malas noticias para Meta. La Comisi\u00f3n Europea, aunque con car\u00e1cter preliminar, ha determinado que las redes sociales de Mark Zuckerberg no est\u00e1n haciendo lo que la ley obliga para que menores de 13 a\u00f1os no puedan usar Instagram y Facebook. Seg\u00fan el \u00f3rgano europeo, y derivado de la investigaci\u00f3n que puso en marcha sobre el [&hellip;]<\/p>\n","protected":false},"author":2,"featured_media":129057,"comment_status":"open","ping_status":"closed","sticky":false,"template":"","format":"standard","meta":{"footnotes":""},"categories":[9],"tags":[],"class_list":["post-129056","post","type-post","status-publish","format-standard","has-post-thumbnail","hentry","category-tecnologia"],"_links":{"self":[{"href":"https:\/\/enfoquenoticioso.com\/index.php?rest_route=\/wp\/v2\/posts\/129056","targetHints":{"allow":["GET"]}}],"collection":[{"href":"https:\/\/enfoquenoticioso.com\/index.php?rest_route=\/wp\/v2\/posts"}],"about":[{"href":"https:\/\/enfoquenoticioso.com\/index.php?rest_route=\/wp\/v2\/types\/post"}],"author":[{"embeddable":true,"href":"https:\/\/enfoquenoticioso.com\/index.php?rest_route=\/wp\/v2\/users\/2"}],"replies":[{"embeddable":true,"href":"https:\/\/enfoquenoticioso.com\/index.php?rest_route=%2Fwp%2Fv2%2Fcomments&post=129056"}],"version-history":[{"count":0,"href":"https:\/\/enfoquenoticioso.com\/index.php?rest_route=\/wp\/v2\/posts\/129056\/revisions"}],"wp:featuredmedia":[{"embeddable":true,"href":"https:\/\/enfoquenoticioso.com\/index.php?rest_route=\/wp\/v2\/media\/129057"}],"wp:attachment":[{"href":"https:\/\/enfoquenoticioso.com\/index.php?rest_route=%2Fwp%2Fv2%2Fmedia&parent=129056"}],"wp:term":[{"taxonomy":"category","embeddable":true,"href":"https:\/\/enfoquenoticioso.com\/index.php?rest_route=%2Fwp%2Fv2%2Fcategories&post=129056"},{"taxonomy":"post_tag","embeddable":true,"href":"https:\/\/enfoquenoticioso.com\/index.php?rest_route=%2Fwp%2Fv2%2Ftags&post=129056"}],"curies":[{"name":"wp","href":"https:\/\/api.w.org\/{rel}","templated":true}]}}