{"id":129058,"date":"2026-04-29T13:23:11","date_gmt":"2026-04-29T13:23:11","guid":{"rendered":"https:\/\/enfoquenoticioso.com\/?p=129058"},"modified":"2026-04-29T13:23:11","modified_gmt":"2026-04-29T13:23:11","slug":"omailyn-alcala-recibida-con-jubilo","status":"publish","type":"post","link":"https:\/\/enfoquenoticioso.com\/?p=129058","title":{"rendered":"Omailyn Alcal\u00e1 recibida con j\u00fabilo"},"content":{"rendered":"<div>\n<p>La flamante campeona, Omaylin Alcal\u00e1, fue recibida en un ambiente de j\u00fabilo este lunes en su arribo al Aeropuerto Internacional Sim\u00f3n Bol\u00edvar de Maiquet\u00eda, tras convertirse en la primera venezolana en coronarse en una edici\u00f3n de la Copa del Mundo del Boxeo en la final del domigo en Foz do Iguacu, Brasil.<\/p>\n<p>Con la hist\u00f3rica medalla de oro de los 57 kilogramos colgada en el cuello, la campeona mundial fue sorprendida al descenso del avi\u00f3n por las m\u00e1ximas autoridades deportivas, Franklin Cardillo, Ministro del Poder Popular para el Deporte, y viceministro de Alto Rendimiento, Henyelberrh Herrera, quienes la agasajaron con obsequios a su llegada.<\/p>\n<p><strong>Lee tambi\u00e9n: <a href=\"http:\/\/Rosa Rodr\u00edguez proyecta podio en martillo\">Rosa Rodr\u00edguez proyecta podio en martillo<\/a><\/strong><\/p>\n<p>\u00abHe aprovechado cada oportunidad y bendici\u00f3n que he recibido. Esta medalla particularmente la hab\u00eda estado visualizando y trabajando arduamente junto al ministro de Deporte, Franklin Cardillo, la Federaci\u00f3n Venezolana de Boxeo, el cuerpo t\u00e9cnico y la triada m\u00e9dica. Todos han puesto su grano de arena para que hoy sea realidad\u00bb, asegur\u00f3 Alcal\u00e1 tras el recibimiento.<\/p>\n<div id=\"ez-toc-container\" class=\"ez-toc-v2_0_81 counter-hierarchy ez-toc-counter ez-toc-grey ez-toc-container-direction\">\n<div class=\"ez-toc-title-container\">\n<p class=\"ez-toc-title\" style=\"cursor:inherit\">Tabla de Contenido<\/p>\n<span class=\"ez-toc-title-toggle\"><a href=\"#\" class=\"ez-toc-pull-right ez-toc-btn ez-toc-btn-xs ez-toc-btn-default ez-toc-toggle\" aria-label=\"Alternar tabla de contenidos\"><span class=\"ez-toc-js-icon-con\"><span class=\"\"><span class=\"eztoc-hide\" style=\"display:none;\">Toggle<\/span><span class=\"ez-toc-icon-toggle-span\"><svg style=\"fill: #999;color:#999\" xmlns=\"http:\/\/www.w3.org\/2000\/svg\" class=\"list-377408\" width=\"20px\" height=\"20px\" viewBox=\"0 0 24 24\" fill=\"none\"><path d=\"M6 6H4v2h2V6zm14 0H8v2h12V6zM4 11h2v2H4v-2zm16 0H8v2h12v-2zM4 16h2v2H4v-2zm16 0H8v2h12v-2z\" fill=\"currentColor\"><\/path><\/svg><svg style=\"fill: #999;color:#999\" class=\"arrow-unsorted-368013\" xmlns=\"http:\/\/www.w3.org\/2000\/svg\" width=\"10px\" height=\"10px\" viewBox=\"0 0 24 24\" version=\"1.2\" baseProfile=\"tiny\"><path d=\"M18.2 9.3l-6.2-6.3-6.2 6.3c-.2.2-.3.4-.3.7s.1.5.3.7c.2.2.4.3.7.3h11c.3 0 .5-.1.7-.3.2-.2.3-.5.3-.7s-.1-.5-.3-.7zM5.8 14.7l6.2 6.3 6.2-6.3c.2-.2.3-.5.3-.7s-.1-.5-.3-.7c-.2-.2-.4-.3-.7-.3h-11c-.3 0-.5.1-.7.3-.2.2-.3.5-.3.7s.1.5.3.7z\"\/><\/svg><\/span><\/span><\/span><\/a><\/span><\/div>\n<nav><ul class='ez-toc-list ez-toc-list-level-1 ' ><li class='ez-toc-page-1 ez-toc-heading-level-3'><a class=\"ez-toc-link ez-toc-heading-1\" href=\"https:\/\/enfoquenoticioso.com\/?p=129058\/#Confianza_en_si_misma\" >Confianza en s\u00ed misma<\/a><\/li><li class='ez-toc-page-1 ez-toc-heading-level-3'><a class=\"ez-toc-link ez-toc-heading-2\" href=\"https:\/\/enfoquenoticioso.com\/?p=129058\/#Carrera_triunfal\" >Carrera triunfal<\/a><\/li><\/ul><\/nav><\/div>\n<h3 id=\"confianza-en-s\u00ed-misma\" class=\"wp-block-heading\"><span class=\"ez-toc-section\" id=\"Confianza_en_si_misma\"><\/span>Confianza en s\u00ed misma<span class=\"ez-toc-section-end\"><\/span><\/h3>\n<p>En la ruta al oro mundial, con dos rivales conocidas en los dos combates de preliminares y dos a quienes debi\u00f3 estudiar para dominar la categor\u00eda,Alcal\u00e1 confes\u00f3 sentir la confianza en el trabajo preparatorio como uno de los aspectos fundamentales para lograr, al cierre de la divisi\u00f3n, quedarse con el oro.<\/p>\n<p>\u201cEstuve segura en cada combate, en ning\u00fan momento tuve dudas ni nervios. En cambio me preocup\u00e9, porque el psic\u00f3logo me coment\u00f3 que era importante la presencia de al menos un poco de miedo debido a que esto favorece a mantenerte activa antes de la pelea\u201d, confes\u00f3 la pugilista sobre su paso hasta ganar el t\u00edtulo universal.<\/p>\n<h3 id=\"carrera-triunfal\" class=\"wp-block-heading\"><span class=\"ez-toc-section\" id=\"Carrera_triunfal\"><\/span>Carrera triunfal<span class=\"ez-toc-section-end\"><\/span><\/h3>\n<p>La boxeadora capitalina ha forjado una carrera deportiva marcada por hechos hist\u00f3ricos en los \u00faltimos cuatro a\u00f1os. Durante 2023 se convirti\u00f3 en la primera pugilista criolla en los 57 kilos en clasificarse a unos Juegos Ol\u00edmpicos, en Par\u00eds 2024.<\/p>\n<p>Tan solo un a\u00f1o m\u00e1s tarde, durante el campeonato Mundial de Boxeo de Liverpool, Inglaterra, dio un golpe sobre la mesa al ganar la primera medalla de bronce femenina en campeonatos del mundo.<\/p>\n<p>Haza\u00f1a que ahora cierra con broche de oro tras su participaci\u00f3n en la cita del orbe de Brasil.<\/p>\n<\/div>\n<p><a href=\"https:\/\/www.liderendeportes.com\/noticias\/mas-deportes\/omailyn-alcala-recibida-con-jubilo\/\" class=\" target=\" title=\"Omailyn Alcal\u00e1 recibida con j\u00fabilo\" target=\"_blank\" rel=\"noopener\">Ver fuente<\/a><\/p>\n","protected":false},"excerpt":{"rendered":"<p>La flamante campeona, Omaylin Alcal\u00e1, fue recibida en un ambiente de j\u00fabilo este lunes en su arribo al Aeropuerto Internacional Sim\u00f3n Bol\u00edvar de Maiquet\u00eda, tras convertirse en la primera venezolana en coronarse en una edici\u00f3n de la Copa del Mundo del Boxeo en la final del domigo en Foz do Iguacu, Brasil. Con la hist\u00f3rica [&hellip;]<\/p>\n","protected":false},"author":2,"featured_media":129059,"comment_status":"open","ping_status":"closed","sticky":false,"template":"","format":"standard","meta":{"footnotes":""},"categories":[7],"tags":[],"class_list":["post-129058","post","type-post","status-publish","format-standard","has-post-thumbnail","hentry","category-deporte"],"_links":{"self":[{"href":"https:\/\/enfoquenoticioso.com\/index.php?rest_route=\/wp\/v2\/posts\/129058","targetHints":{"allow":["GET"]}}],"collection":[{"href":"https:\/\/enfoquenoticioso.com\/index.php?rest_route=\/wp\/v2\/posts"}],"about":[{"href":"https:\/\/enfoquenoticioso.com\/index.php?rest_route=\/wp\/v2\/types\/post"}],"author":[{"embeddable":true,"href":"https:\/\/enfoquenoticioso.com\/index.php?rest_route=\/wp\/v2\/users\/2"}],"replies":[{"embeddable":true,"href":"https:\/\/enfoquenoticioso.com\/index.php?rest_route=%2Fwp%2Fv2%2Fcomments&post=129058"}],"version-history":[{"count":0,"href":"https:\/\/enfoquenoticioso.com\/index.php?rest_route=\/wp\/v2\/posts\/129058\/revisions"}],"wp:featuredmedia":[{"embeddable":true,"href":"https:\/\/enfoquenoticioso.com\/index.php?rest_route=\/wp\/v2\/media\/129059"}],"wp:attachment":[{"href":"https:\/\/enfoquenoticioso.com\/index.php?rest_route=%2Fwp%2Fv2%2Fmedia&parent=129058"}],"wp:term":[{"taxonomy":"category","embeddable":true,"href":"https:\/\/enfoquenoticioso.com\/index.php?rest_route=%2Fwp%2Fv2%2Fcategories&post=129058"},{"taxonomy":"post_tag","embeddable":true,"href":"https:\/\/enfoquenoticioso.com\/index.php?rest_route=%2Fwp%2Fv2%2Ftags&post=129058"}],"curies":[{"name":"wp","href":"https:\/\/api.w.org\/{rel}","templated":true}]}}