{"id":129096,"date":"2026-04-29T18:34:13","date_gmt":"2026-04-29T18:34:13","guid":{"rendered":"https:\/\/enfoquenoticioso.com\/?p=129096"},"modified":"2026-04-29T18:34:13","modified_gmt":"2026-04-29T18:34:13","slug":"portero-del-zaragoza-es-suspendido-13-partidos-por-agresion","status":"publish","type":"post","link":"https:\/\/enfoquenoticioso.com\/?p=129096","title":{"rendered":"Portero del Zaragoza es suspendido 13 partidos por agresi\u00f3n"},"content":{"rendered":"<div data-td-block-uid=\"tdi_72\">\n<div class=\"tdb-block-inner td-fix-index\">\n<p>El guardameta argentino del Zaragoza, Esteban Andrada, fue sancionado con un total de 13 partidos de suspensi\u00f3n luego de la agresi\u00f3n que cometi\u00f3 contra el defensor Jorge Pulido en un partido de la Segunda Divisi\u00f3n de Espa\u00f1a.<\/p>\n<p>La informaci\u00f3n la dio a conocer el Comit\u00e9 de Disciplina de la Federaci\u00f3n Espa\u00f1ola de F\u00fatbol (RFEF), quienes le imponen un encuentro de suspensi\u00f3n por doble amonestaci\u00f3n y consiguiente expulsi\u00f3n y doce en aplicaci\u00f3n del art\u00edculo 52 del C\u00f3digo Disciplinario (103.1).<\/p>\n<p>Andrada fue expulsado del encuentro tras recibir la doble amarilla tras empujar a Pulido, y tras recibir la tarjeta roja fue inmediatamente a propinarle un golpe en la cara a su rival.<\/p>\n<p><strong>Lee tambi\u00e9n: <a href=\"https:\/\/www.liderendeportes.com\/wp-admin\/post.php?post=2321645&amp;action=edit\" target=\"_blank\" rel=\"noopener\">Salah a un paso de anunciar su pr\u00f3ximo equipo<\/a><\/strong><\/p>\n<p>Esta acci\u00f3n gener\u00f3 una trifulca entre ambas plantillas que gener\u00f3 la paralizaci\u00f3n del partido por unos minutos, hecho que caus\u00f3 varias tarjetas m\u00e1s como amonestaci\u00f3n.<\/p>\n<p>El Comit\u00e9 detall\u00f3 que no recibieron ning\u00fan tipo de alegaci\u00f3n por parte del Zaragoza y por tal motivo fue aplicada la sanci\u00f3n m\u00e1xima contra el argentino.<\/p>\n<\/div>\n<\/div>\n<p><a href=\"https:\/\/www.liderendeportes.com\/noticias\/futbol\/futbol-europeo\/portero-del-zaragoza-es-suspendido-13-partidos-por-agresion\/\" class=\" target=\" title=\"Portero del Zaragoza es suspendido 13 partidos por agresi\u00f3n\" target=\"_blank\" rel=\"noopener\">Ver fuente<\/a><\/p>\n","protected":false},"excerpt":{"rendered":"<p>El guardameta argentino del Zaragoza, Esteban Andrada, fue sancionado con un total de 13 partidos de suspensi\u00f3n luego de la agresi\u00f3n que cometi\u00f3 contra el defensor Jorge Pulido en un partido de la Segunda Divisi\u00f3n de Espa\u00f1a. La informaci\u00f3n la dio a conocer el Comit\u00e9 de Disciplina de la Federaci\u00f3n Espa\u00f1ola de F\u00fatbol (RFEF), quienes [&hellip;]<\/p>\n","protected":false},"author":2,"featured_media":129097,"comment_status":"open","ping_status":"closed","sticky":false,"template":"","format":"standard","meta":{"footnotes":""},"categories":[7],"tags":[],"class_list":["post-129096","post","type-post","status-publish","format-standard","has-post-thumbnail","hentry","category-deporte"],"_links":{"self":[{"href":"https:\/\/enfoquenoticioso.com\/index.php?rest_route=\/wp\/v2\/posts\/129096","targetHints":{"allow":["GET"]}}],"collection":[{"href":"https:\/\/enfoquenoticioso.com\/index.php?rest_route=\/wp\/v2\/posts"}],"about":[{"href":"https:\/\/enfoquenoticioso.com\/index.php?rest_route=\/wp\/v2\/types\/post"}],"author":[{"embeddable":true,"href":"https:\/\/enfoquenoticioso.com\/index.php?rest_route=\/wp\/v2\/users\/2"}],"replies":[{"embeddable":true,"href":"https:\/\/enfoquenoticioso.com\/index.php?rest_route=%2Fwp%2Fv2%2Fcomments&post=129096"}],"version-history":[{"count":0,"href":"https:\/\/enfoquenoticioso.com\/index.php?rest_route=\/wp\/v2\/posts\/129096\/revisions"}],"wp:featuredmedia":[{"embeddable":true,"href":"https:\/\/enfoquenoticioso.com\/index.php?rest_route=\/wp\/v2\/media\/129097"}],"wp:attachment":[{"href":"https:\/\/enfoquenoticioso.com\/index.php?rest_route=%2Fwp%2Fv2%2Fmedia&parent=129096"}],"wp:term":[{"taxonomy":"category","embeddable":true,"href":"https:\/\/enfoquenoticioso.com\/index.php?rest_route=%2Fwp%2Fv2%2Fcategories&post=129096"},{"taxonomy":"post_tag","embeddable":true,"href":"https:\/\/enfoquenoticioso.com\/index.php?rest_route=%2Fwp%2Fv2%2Ftags&post=129096"}],"curies":[{"name":"wp","href":"https:\/\/api.w.org\/{rel}","templated":true}]}}