{"id":129098,"date":"2026-04-29T18:37:00","date_gmt":"2026-04-29T18:37:00","guid":{"rendered":"https:\/\/enfoquenoticioso.com\/?p=129098"},"modified":"2026-04-29T18:37:00","modified_gmt":"2026-04-29T18:37:00","slug":"el-indulto-a-la-organizadora-de-las-fiestas-bunga-bunga-de-berlusconi-destapa-una-adopcion-opaca-en-uruguay","status":"publish","type":"post","link":"https:\/\/enfoquenoticioso.com\/?p=129098","title":{"rendered":"el indulto a la organizadora de las fiestas &#8216;bunga bunga&#8217; de Berlusconi destapa una adopci\u00f3n opaca en Uruguay"},"content":{"rendered":"<div>\n<p class=\"paragraph\">Lo que el\u00a0<b>Quirinale\u00a0<\/b>present\u00f3 como un gesto de\u00a0<b>\u201cclemencia humanitaria\u201d\u00a0<\/b>se convirti\u00f3, en apenas dos semanas, en un\u00a0<b>laberinto de sombras<\/b>\u00a0que conecta los palacios de\u00a0<b>Roma\u00a0<\/b>con los juzgados de\u00a0<b>Maldonado<\/b>, en\u00a0<b>Uruguay<\/b>. El perd\u00f3n concedido por el presidente de la Rep\u00fablica italiana,\u00a0<b>Sergio Mattarella<\/b>, a\u00a0<b>Nicole Minetti\u00a0<\/b>\u2014figura central en el ecosistema de poder y esc\u00e1ndalos de\u00a0<b>Silvio Berlusconi<\/b>\u2014 ha saltado por los aires tras una serie de investigaciones que apuntan a graves irregularidades que rodean la adopci\u00f3n del ni\u00f1o que sirvi\u00f3 de base para su indulto.<\/p>\n<p class=\"paragraph\">El caso, que mezcla el rastro del\u00a0<b>\u201cbunga bunga\u201d<\/b>\u00a0con desapariciones misteriosas y muertes sospechosas, provoc\u00f3 un terremoto pol\u00edtico en\u00a0<b>Italia<\/b>. La oposici\u00f3n exige la dimisi\u00f3n del ministro de Justicia<b>, Carlo Nordio<\/b>. El presidente\u00a0<b>Mattarella<\/b>, en un gesto inusual, pidi\u00f3 el martes<b>\u00a0\u201caclaraciones urgentes\u201d<\/b>\u00a0ante la sospecha de que<b>\u00a0el jefe de Estado fue enga\u00f1ado con informaci\u00f3n falsa<\/b>. Y la primera ministra,\u00a0<b>Giorgia Meloni<\/b>, sali\u00f3 en defensa de su Gobierno:\u00a0<b>\u201cConf\u00edo en Nordio. Excluyo la hip\u00f3tesis de dimisiones\u201d<\/b>.<\/p>\n<p class=\"paragraph\"><b>Nicole Minetti,<\/b>\u00a0de 41 a\u00f1os, fue\u00a0<b>condenada en firme a tres a\u00f1os y once meses de prisi\u00f3n<\/b>\u00a0por dos causas:<b>\u00a0favorecimiento de la prostituci\u00f3n<\/b>\u00a0en el marco del\u00a0<i>Ruby bis<\/i>\u00a0\u2014uno de los procesos derivados de los esc\u00e1ndalos sexuales que protagoniz\u00f3 Silvio Berlusconi, en el que se juzg\u00f3 a quienes reclutaban a las j\u00f3venes que asist\u00edan a las autodenominadas \u201ccenas elegantes\u201d en su mansi\u00f3n de Arcore\u2014 y<b>\u00a0desv\u00edo de fondos p\u00fablicos<\/b>\u00a0durante su etapa como consejera regional en Lombard\u00eda. Sin embargo, en febrero de 2026,\u00a0<b>Mattarella firm\u00f3 su indulto alegando razones humanitarias<\/b>: Minetti deb\u00eda cuidar de un<b>\u00a0hijo adoptivo menor de edad con \u201cgraves patolog\u00edas\u201d<\/b>\u00a0que requer\u00eda tratamientos costosos en el extranjero.<\/p>\n<div class=\"visual__image\"><picture><source srcset=\"https:\/\/www.infobae.com\/resizer\/v2\/PMBNZUOLFNBXBMXDGQIRORXECE.jpg?auth=066e1d68e9458177dae410590ea64d685d2510952a6f278aa54c92c6c2f91461&amp;smart=true&amp;width=992&amp;height=658&amp;quality=85\" media=\"(min-width: 1000px)\"\/><source srcset=\"https:\/\/www.infobae.com\/resizer\/v2\/PMBNZUOLFNBXBMXDGQIRORXECE.jpg?auth=066e1d68e9458177dae410590ea64d685d2510952a6f278aa54c92c6c2f91461&amp;smart=true&amp;width=768&amp;height=510&amp;quality=85\" media=\"(min-width: 768px)\"\/><source srcset=\"https:\/\/www.infobae.com\/resizer\/v2\/PMBNZUOLFNBXBMXDGQIRORXECE.jpg?auth=066e1d68e9458177dae410590ea64d685d2510952a6f278aa54c92c6c2f91461&amp;smart=true&amp;width=577&amp;height=383&amp;quality=85\" media=\"(min-width: 580px)\"\/><source srcset=\"https:\/\/www.infobae.com\/resizer\/v2\/PMBNZUOLFNBXBMXDGQIRORXECE.jpg?auth=066e1d68e9458177dae410590ea64d685d2510952a6f278aa54c92c6c2f91461&amp;smart=true&amp;width=420&amp;height=279&amp;quality=85\" media=\"(min-width: 350px)\"\/><source srcset=\"https:\/\/www.infobae.com\/resizer\/v2\/PMBNZUOLFNBXBMXDGQIRORXECE.jpg?auth=066e1d68e9458177dae410590ea64d685d2510952a6f278aa54c92c6c2f91461&amp;smart=true&amp;width=350&amp;height=232&amp;quality=85\" media=\"(min-width: 80px)\"\/><img loading=\"lazy\" decoding=\"async\" class=\"global-image\" src=\"https:\/\/www.infobae.com\/resizer\/v2\/PMBNZUOLFNBXBMXDGQIRORXECE.jpg?auth=066e1d68e9458177dae410590ea64d685d2510952a6f278aa54c92c6c2f91461&amp;smart=true&amp;width=350&amp;height=232&amp;quality=85\" alt=\"El presidente de la Rep\u00fablica italiana, Sergio Mattarella, quien firm\u00f3 el indulto a Minetti el 18 de febrero y ahora pidi\u00f3 al Ministerio de Justicia verificar sus presupuestos. (REUTERS\/Alessandro Bianchi\/Archivo)\" width=\"3500\" height=\"2322\"\/><\/picture>El presidente de la Rep\u00fablica italiana, Sergio Mattarella, quien firm\u00f3 el indulto a Minetti el 18 de febrero y ahora pidi\u00f3 al Ministerio de Justicia verificar sus presupuestos. (REUTERS\/Alessandro Bianchi\/Archivo)<\/div>\n<p class=\"paragraph\">Una investigaci\u00f3n del diario\u00a0<i>Il Fatto Quotidiano<\/i>\u00a0dinamit\u00f3 ese relato. Seg\u00fan el expediente de la solicitud de indulto,<b>\u00a0el ni\u00f1o era un hu\u00e9rfano \u201cabandonado al nacer\u201d<\/b>. La realidad en los tribunales de Maldonado dicta algo muy distinto:\u00a0<b>el menor tiene padres biol\u00f3gicos vivos e identificados.<\/b><\/p>\n<p class=\"paragraph\">El ni\u00f1o naci\u00f3 a finales de 2017 en un entorno de extrema pobreza. Su madre, M<b>ar\u00eda de los \u00c1ngeles Gonz\u00e1lez Colinet<\/b>, era indigente y su padre estaba en prisi\u00f3n. En 2018, la justicia uruguaya lo confi\u00f3 al<b>\u00a0Instituto del Ni\u00f1o y Adolescente del Uruguay<\/b>\u00a0(<b>INAU<\/b>) con el mandato de intentar el rev\u00ednculo con su familia biol\u00f3gica. Fue en ese momento cuando\u00a0<b>Minetti\u00a0<\/b>y su pareja, el empresario\u00a0<b>Giuseppe Cipriani<\/b>, aparecieron en la vida del menor.<\/p>\n<div class=\"visual__image\"><picture><source srcset=\"https:\/\/www.infobae.com\/resizer\/v2\/PO42JNRPINGJNE26OFTOXGOH7U.jpg?auth=81425c7ab233685197a979d4f57face84a5c988149446f220b2b2e867c465249&amp;smart=true&amp;width=992&amp;height=558&amp;quality=85\" media=\"(min-width: 1000px)\"\/><source srcset=\"https:\/\/www.infobae.com\/resizer\/v2\/PO42JNRPINGJNE26OFTOXGOH7U.jpg?auth=81425c7ab233685197a979d4f57face84a5c988149446f220b2b2e867c465249&amp;smart=true&amp;width=768&amp;height=432&amp;quality=85\" media=\"(min-width: 768px)\"\/><source srcset=\"https:\/\/www.infobae.com\/resizer\/v2\/PO42JNRPINGJNE26OFTOXGOH7U.jpg?auth=81425c7ab233685197a979d4f57face84a5c988149446f220b2b2e867c465249&amp;smart=true&amp;width=577&amp;height=325&amp;quality=85\" media=\"(min-width: 580px)\"\/><source srcset=\"https:\/\/www.infobae.com\/resizer\/v2\/PO42JNRPINGJNE26OFTOXGOH7U.jpg?auth=81425c7ab233685197a979d4f57face84a5c988149446f220b2b2e867c465249&amp;smart=true&amp;width=420&amp;height=236&amp;quality=85\" media=\"(min-width: 350px)\"\/><source srcset=\"https:\/\/www.infobae.com\/resizer\/v2\/PO42JNRPINGJNE26OFTOXGOH7U.jpg?auth=81425c7ab233685197a979d4f57face84a5c988149446f220b2b2e867c465249&amp;smart=true&amp;width=350&amp;height=197&amp;quality=85\" media=\"(min-width: 80px)\"\/><img loading=\"lazy\" decoding=\"async\" class=\"global-image\" src=\"https:\/\/www.infobae.com\/resizer\/v2\/PO42JNRPINGJNE26OFTOXGOH7U.jpg?auth=81425c7ab233685197a979d4f57face84a5c988149446f220b2b2e867c465249&amp;smart=true&amp;width=350&amp;height=197&amp;quality=85\" alt=\"El pedido de b\u00fasqueda de Mar\u00eda de los \u00c1ngeles Gonz\u00e1lez Colinet, madre biol\u00f3gica del menor, desaparecida desde mediados de febrero en Maldonado. (Ministerio del Interior de Uruguay)\" width=\"933\" height=\"525\"\/><\/picture>El pedido de b\u00fasqueda de Mar\u00eda de los \u00c1ngeles Gonz\u00e1lez Colinet, madre biol\u00f3gica del menor, desaparecida desde mediados de febrero en Maldonado. (Ministerio del Interior de Uruguay)<\/div>\n<p class=\"paragraph\">La pareja, que posee una lujosa propiedad en\u00a0<b>Punta del Este<\/b>, estableci\u00f3 un v\u00ednculo estrecho con el INAU a trav\u00e9s de donaciones. Seg\u00fan testimonios recogidos en la zona por\u00a0<i>Il Fatto<\/i>, el instituto permit\u00eda que los ni\u00f1os visitaran la chacra de Cipriani los fines de semana. En ese contexto,\u00a0<b>Minetti y Cipriani iniciaron un proceso legal para despojar a los padres biol\u00f3gicos<\/b>\u00a0<b>de la patria potestad<\/b>, logr\u00e1ndolo finalmente en febrero de 2023.<\/p>\n<p class=\"paragraph\">Las piezas, sin embargo, no encajan: en 2021, mucho antes de tener la tutela legal,\u00a0<b>la pareja traslad\u00f3 al ni\u00f1o a Boston para una cirug\u00eda<\/b>, y no est\u00e1 claro con qu\u00e9 documentaci\u00f3n pudo salir el menor del pa\u00eds.<\/p>\n<p class=\"paragraph\"><b>Dos hechos posteriores agravaron las sospechas<\/b>. La<b>\u00a0defensora designada por el juzgado para los progenitores, Mercedes Nieto, muri\u00f3 calcinada junto a su esposo<\/b>\u00a0\u2014tambi\u00e9n abogado, Mario Cabrera\u2014 en su casa de descanso en Garz\u00f3n el 15 de junio de 2024. La primera pericia de Bomberos atribuy\u00f3 el incendio a un origen accidental en la estufa a le\u00f1a. Una pericia privada encargada por la familia concluy\u00f3 lo contrario: golpes en el cr\u00e1neo de los cuerpos, ausencia de marcas de fuego en la zona de la estufa. Una tercera pericia oficial, conocida meses atr\u00e1s, ratific\u00f3 la hip\u00f3tesis accidental. El caso, sin embargo,\u00a0<b>no fue archivado por la Fiscal\u00eda de Homicidios de Maldonado<\/b>, a cargo del fiscal Sebasti\u00e1n Robles, que lo mantiene abierto como posible doble homicidio.<\/p>\n<p class=\"paragraph\">A esto se suma<b>\u00a0la desaparici\u00f3n de la madre biol\u00f3gica del menor<\/b>. Gonz\u00e1lez Colinet, de 29 a\u00f1os, est\u00e1 ausente de su domicilio en el barrio Maldonado Nuevo desde mediados de febrero. El Ministerio del Interior uruguayo emiti\u00f3 un pedido nacional de localizaci\u00f3n el 14 de abril, cuatro d\u00edas despu\u00e9s de la primera publicaci\u00f3n de\u00a0<i>Il Fatto<\/i>. Las tareas de b\u00fasqueda contin\u00faan sin resultados.<\/p>\n<p class=\"paragraph\">La abogada\u00a0<b>Yuria Troche<\/b>, que represent\u00f3 al ni\u00f1o en la etapa inicial del proceso, defendi\u00f3 ante la radio uruguaya\u00a0<i>FM Gente<\/i>\u00a0la\u00a0<b>regularidad de la adopci\u00f3n<\/b>: \u201cSe cumplieron todos los requisitos exigidos legalmente. Uruguay es muy celoso para conceder adopciones y muy garantista\u201d.\u00a0<b>Asegur\u00f3 que los padres biol\u00f3gicos \u201cnunca aparecieron\u201d<\/b>\u00a0pese a haber sido convocados por edictos. El ex director departamental del INAU, Daniel Guadalupe, en cambio sostuvo ante la misma emisora que<b>\u00a0las salidas de menores con personas sin v\u00ednculo familiar \u201cno est\u00e1n avaladas\u201d<\/b> por el organismo, salvo orden judicial.<\/p>\n<p class=\"paragraph\"><b>La trama coincide con una crisis profunda en el INAU<\/b>. El reciente cese de su director de adopciones y las denuncias sobre la entrega de menores sin certezas biol\u00f3gicas pusieron bajo sospecha la gesti\u00f3n del organismo. Amnist\u00eda Internacional, en su Informe Anual 2025, alert\u00f3 adem\u00e1s sobre la<b>\u00a0muerte de 114 personas bajo protecci\u00f3n del INAU entre 2020 y 2025<\/b>\u00a0\u201420 de ellas durante 2025\u2014 y atribuy\u00f3 las cifras a \u201cd\u00e9ficits estructurales\u201d del sistema.<\/p>\n<div class=\"visual__image\"><picture><source srcset=\"https:\/\/www.infobae.com\/resizer\/v2\/2FOJMUAD7ZQO322CHPBLSJ72NE.jpg?auth=6af58342df0b37176709513fb1a2fdee0b607e10e89d9ff8c5ce2ea26cf2c5b1&amp;smart=true&amp;width=992&amp;height=663&amp;quality=85\" media=\"(min-width: 1000px)\"\/><source srcset=\"https:\/\/www.infobae.com\/resizer\/v2\/2FOJMUAD7ZQO322CHPBLSJ72NE.jpg?auth=6af58342df0b37176709513fb1a2fdee0b607e10e89d9ff8c5ce2ea26cf2c5b1&amp;smart=true&amp;width=768&amp;height=513&amp;quality=85\" media=\"(min-width: 768px)\"\/><source srcset=\"https:\/\/www.infobae.com\/resizer\/v2\/2FOJMUAD7ZQO322CHPBLSJ72NE.jpg?auth=6af58342df0b37176709513fb1a2fdee0b607e10e89d9ff8c5ce2ea26cf2c5b1&amp;smart=true&amp;width=577&amp;height=386&amp;quality=85\" media=\"(min-width: 580px)\"\/><source srcset=\"https:\/\/www.infobae.com\/resizer\/v2\/2FOJMUAD7ZQO322CHPBLSJ72NE.jpg?auth=6af58342df0b37176709513fb1a2fdee0b607e10e89d9ff8c5ce2ea26cf2c5b1&amp;smart=true&amp;width=420&amp;height=281&amp;quality=85\" media=\"(min-width: 350px)\"\/><source srcset=\"https:\/\/www.infobae.com\/resizer\/v2\/2FOJMUAD7ZQO322CHPBLSJ72NE.jpg?auth=6af58342df0b37176709513fb1a2fdee0b607e10e89d9ff8c5ce2ea26cf2c5b1&amp;smart=true&amp;width=350&amp;height=234&amp;quality=85\" media=\"(min-width: 80px)\"\/><img loading=\"lazy\" decoding=\"async\" class=\"global-image\" src=\"https:\/\/www.infobae.com\/resizer\/v2\/2FOJMUAD7ZQO322CHPBLSJ72NE.jpg?auth=6af58342df0b37176709513fb1a2fdee0b607e10e89d9ff8c5ce2ea26cf2c5b1&amp;smart=true&amp;width=350&amp;height=234&amp;quality=85\" alt=\" La actual primera ministra italiana, Giorgia Meloni, junto al hoy ministro de Justicia, Carlo Nordio, en el Parlamento en Roma. Meloni descart\u00f3 esta semana las dimisiones de Nordio. (REUTERS\/Guglielmo Mangiapane\/Archivo)\" width=\"2896\" height=\"1936\"\/><\/picture>La actual primera ministra italiana, Giorgia Meloni, junto al hoy ministro de Justicia, Carlo Nordio, en el Parlamento en Roma. Meloni descart\u00f3 esta semana las dimisiones de Nordio. (REUTERS\/Guglielmo Mangiapane\/Archivo)<\/div>\n<p class=\"paragraph\">En\u00a0<b>Roma<\/b>, el ambiente es de m\u00e1xima tensi\u00f3n. El<b>\u00a0Ministerio de Justicia<\/b>, que dio el visto bueno a la solicitud de gracia, se defendi\u00f3 asegurando que ninguno de estos \u201celementos negativos\u201d figuraba en el expediente judicial original. Pero la fiscal general de Mil\u00e1n, Francesca Nanni, dio un giro este martes al hablar de<b>\u00a0\u201chechos grav\u00edsimos\u201d\u00a0<\/b>y advertir que los nuevos peritajes \u201cpodr\u00edan llevar a una modificaci\u00f3n de nuestro dictamen\u201d, que en su d\u00eda hab\u00eda sido favorable. Si la solicitud resulta sostenida sobre elementos \u201cincongruentes y no veraces\u201d, los actos pasar\u00e1n a la fiscal\u00eda ordinaria para abrir una\u00a0<b>causa penal contra la propia Minetti<\/b>. Las verificaciones, adem\u00e1s, se han extendido a trav\u00e9s de Interpol al per\u00edodo en que la condenada habr\u00eda residido en Ibiza.<\/p>\n<p class=\"paragraph\"><b>Nicole Minetti<\/b>, que tras a\u00f1os de ostracismo medi\u00e1tico intentaba rehabilitar su imagen como una madre dedicada en las p\u00e1ginas de la revista\u00a0<i>Chi<\/i>\u00a0\u2014propiedad de la familia Berlusconi\u2014, calific\u00f3 las revelaciones como \u201ccarentes de fundamento y gravemente lesivas\u201d de su reputaci\u00f3n y asegur\u00f3 no haber sido nunca investigada en Uruguay. Anunci\u00f3 acciones legales contra\u00a0<i>Il Fatto Quotidiano<\/i>.<b>\u00a0El ni\u00f1o, mientras tanto, vive con la pareja en Italia<\/b>: en septiembre de 2024,\u00a0<i>Chi<\/i>\u00a0public\u00f3 cuatro p\u00e1ginas con fotograf\u00edas del menor jugando junto a Minetti en los jardines Montanelli de Mil\u00e1n, frente al hotel-boutique Casa Cipriani.<b>\u00a0Hoy tiene nueve a\u00f1os<\/b>. Su madre adoptiva se enfrenta a la posibilidad de que el indulto sea revocado y de terminar imputada en una nueva causa penal.<\/p>\n<p class=\"paragraph\"><b>Nicole Minetti<\/b>\u00a0naci\u00f3 en R\u00edmini y se form\u00f3 como higienista dental en la Universidad San Raffaele de Mil\u00e1n. A comienzos de los a\u00f1os 2000 tuvo peque\u00f1os papeles en programas de televisi\u00f3n y trabaj\u00f3 como azafata en ferias organizadas por\u00a0<b>Publitalia<\/b>, la concesionaria publicitaria del grupo Mediaset, propiedad de\u00a0<b>Berlusconi<\/b>. All\u00ed lo conoci\u00f3 en 2009. Un a\u00f1o despu\u00e9s, el ex primer ministro la incluy\u00f3 en la lista del Pueblo de la Libertad para las\u00a0<b>elecciones regionales de Lombard\u00eda<\/b>, en una posici\u00f3n que garantizaba su elecci\u00f3n. La candidatura, sin trayectoria pol\u00edtica previa, fue interpretada en su momento como un favor personal del primer ministro y desat\u00f3 cr\u00edticas dentro del propio Pueblo de la Libertad.<\/p>\n<p class=\"paragraph\">En octubre de 2010 qued\u00f3 en el centro del esc\u00e1ndalo\u00a0<b>\u201cRuby\u201d. Karima El Mahroug<\/b>, una marroqu\u00ed de\u00a0<b>17 a\u00f1os<\/b>\u00a0apodada\u00a0<b>\u201cRuby Robacorazones\u201d<\/b>, hab\u00eda sido detenida en una comisar\u00eda de Mil\u00e1n por sospecha de robo. Berlusconi llam\u00f3 personalmente al jefe de polic\u00eda y le dijo, falsamente, que la chica era\u00a0<b>sobrina del entonces presidente egipcio Hosni Mubarak<\/b>. Pidi\u00f3 que la entregaran a Minetti para evitar un \u201cincidente diplom\u00e1tico\u201d.<\/p>\n<div class=\"visual__image\"><picture><source srcset=\"https:\/\/www.infobae.com\/resizer\/v2\/WDZ7HONF4QLXOQAXCGUIN6UIPY.jpg?auth=8d097e61fd821a8fa496cf517eb60ede0c76c235db542b21b89d382af2a4843c&amp;smart=true&amp;width=992&amp;height=661&amp;quality=85\" media=\"(min-width: 1000px)\"\/><source srcset=\"https:\/\/www.infobae.com\/resizer\/v2\/WDZ7HONF4QLXOQAXCGUIN6UIPY.jpg?auth=8d097e61fd821a8fa496cf517eb60ede0c76c235db542b21b89d382af2a4843c&amp;smart=true&amp;width=768&amp;height=512&amp;quality=85\" media=\"(min-width: 768px)\"\/><source srcset=\"https:\/\/www.infobae.com\/resizer\/v2\/WDZ7HONF4QLXOQAXCGUIN6UIPY.jpg?auth=8d097e61fd821a8fa496cf517eb60ede0c76c235db542b21b89d382af2a4843c&amp;smart=true&amp;width=577&amp;height=385&amp;quality=85\" media=\"(min-width: 580px)\"\/><source srcset=\"https:\/\/www.infobae.com\/resizer\/v2\/WDZ7HONF4QLXOQAXCGUIN6UIPY.jpg?auth=8d097e61fd821a8fa496cf517eb60ede0c76c235db542b21b89d382af2a4843c&amp;smart=true&amp;width=420&amp;height=280&amp;quality=85\" media=\"(min-width: 350px)\"\/><source srcset=\"https:\/\/www.infobae.com\/resizer\/v2\/WDZ7HONF4QLXOQAXCGUIN6UIPY.jpg?auth=8d097e61fd821a8fa496cf517eb60ede0c76c235db542b21b89d382af2a4843c&amp;smart=true&amp;width=350&amp;height=233&amp;quality=85\" media=\"(min-width: 80px)\"\/><img loading=\"lazy\" decoding=\"async\" class=\"global-image\" src=\"https:\/\/www.infobae.com\/resizer\/v2\/WDZ7HONF4QLXOQAXCGUIN6UIPY.jpg?auth=8d097e61fd821a8fa496cf517eb60ede0c76c235db542b21b89d382af2a4843c&amp;smart=true&amp;width=350&amp;height=233&amp;quality=85\" alt=\"Karima El Mahroug, figura central del esc\u00e1ndalo que en 2010 deriv\u00f3 en la condena de Minetti por favorecimiento de la prostituci\u00f3n. (REUTERS\/Alessandro Garofalo\/Archivo)\" width=\"5472\" height=\"3648\"\/><\/picture>Karima El Mahroug, figura central del esc\u00e1ndalo que en 2010 deriv\u00f3 en la condena de Minetti por favorecimiento de la prostituci\u00f3n. (REUTERS\/Alessandro Garofalo\/Archivo)<\/div>\n<p class=\"paragraph\">El juicio \u201cRuby bis\u201d demostr\u00f3 que Minetti, junto al periodista Emilio Fede y al agente de espect\u00e1culos Lele Mora, hab\u00eda\u00a0<b>reclutado a las llamadas \u201cpapi girls\u201d para las llamadas \u201ccenas elegantes\u201d<\/b> en la villa de Berlusconi en Arcore, donde algunas mantuvieron relaciones sexuales a cambio de dinero y regalos. Berlusconi, fallecido en 2023, fue absuelto en todos los procesos en los que \u00e9l mismo era imputado por abuso de autoridad y prostituci\u00f3n de menores.<\/p>\n<p class=\"paragraph\">Hacia 2012,\u00a0<b>Minetti inici\u00f3 una relaci\u00f3n con el empresario Giuseppe Cipriani<\/b>, sobrino y hom\u00f3nimo del fundador del<b>\u00a0Harry\u2019s Bar de Venecia<\/b>, propietario de cinco hoteles de lujo entre Nueva York e Ibiza y de una veintena de bares y restaurantes. La pareja vive entre Italia y Uruguay, donde Cipriani tiene la<b>\u00a0chacra \u201cGin Tonic\u201d<\/b>\u00a0en La Barra (Maldonado) y desarrolla el proyecto Cipriani Resort Residences &amp; Casino en Punta del Este. Seg\u00fan testimonios recogidos por\u00a0<i>Il Fatto Quotidiano<\/i>\u00a0y replicados por medios uruguayos, en esa chacra se habr\u00edan organizado fiestas privadas con j\u00f3venes en un esquema que recuerda al de Arcore, con Minetti en un papel de coordinaci\u00f3n. La solicitud de indulto presentaba a Cipriani como un mecenas alejado de \u201ccontextos depravados\u201d, uno de los argumentos sobre los que se construy\u00f3 la idea de \u201ccambio de vida\u201d de Minetti que el Quirinale acept\u00f3 al firmar el indulto en febrero pasado.<\/p>\n<p>por <strong>INFOBAE<\/strong><\/p>\n<\/p><\/div>\n<p><a href=\"https:\/\/noticiasaldiayalahora.co\/internacionales\/italia-el-indulto-a-la-organizadora-de-las-fiestas-bunga-bunga-de-berlusconi-destapa-una-adopcion-opaca-en-uruguay\/\" class=\" target=\" title=\"el indulto a la organizadora de las fiestas &#039;bunga bunga&#039; de Berlusconi destapa una adopci\u00f3n opaca en Uruguay\" target=\"_blank\" rel=\"noopener\">Ver fuente<\/a><\/p>\n","protected":false},"excerpt":{"rendered":"<p>Lo que el\u00a0Quirinale\u00a0present\u00f3 como un gesto de\u00a0\u201cclemencia humanitaria\u201d\u00a0se convirti\u00f3, en apenas dos semanas, en un\u00a0laberinto de sombras\u00a0que conecta los palacios de\u00a0Roma\u00a0con los juzgados de\u00a0Maldonado, en\u00a0Uruguay. El perd\u00f3n concedido por el presidente de la Rep\u00fablica italiana,\u00a0Sergio Mattarella, a\u00a0Nicole Minetti\u00a0\u2014figura central en el ecosistema de poder y esc\u00e1ndalos de\u00a0Silvio Berlusconi\u2014 ha saltado por los aires tras una [&hellip;]<\/p>\n","protected":false},"author":2,"featured_media":129099,"comment_status":"open","ping_status":"closed","sticky":false,"template":"","format":"standard","meta":{"footnotes":""},"categories":[6],"tags":[],"class_list":["post-129098","post","type-post","status-publish","format-standard","has-post-thumbnail","hentry","category-internacionales"],"_links":{"self":[{"href":"https:\/\/enfoquenoticioso.com\/index.php?rest_route=\/wp\/v2\/posts\/129098","targetHints":{"allow":["GET"]}}],"collection":[{"href":"https:\/\/enfoquenoticioso.com\/index.php?rest_route=\/wp\/v2\/posts"}],"about":[{"href":"https:\/\/enfoquenoticioso.com\/index.php?rest_route=\/wp\/v2\/types\/post"}],"author":[{"embeddable":true,"href":"https:\/\/enfoquenoticioso.com\/index.php?rest_route=\/wp\/v2\/users\/2"}],"replies":[{"embeddable":true,"href":"https:\/\/enfoquenoticioso.com\/index.php?rest_route=%2Fwp%2Fv2%2Fcomments&post=129098"}],"version-history":[{"count":0,"href":"https:\/\/enfoquenoticioso.com\/index.php?rest_route=\/wp\/v2\/posts\/129098\/revisions"}],"wp:featuredmedia":[{"embeddable":true,"href":"https:\/\/enfoquenoticioso.com\/index.php?rest_route=\/wp\/v2\/media\/129099"}],"wp:attachment":[{"href":"https:\/\/enfoquenoticioso.com\/index.php?rest_route=%2Fwp%2Fv2%2Fmedia&parent=129098"}],"wp:term":[{"taxonomy":"category","embeddable":true,"href":"https:\/\/enfoquenoticioso.com\/index.php?rest_route=%2Fwp%2Fv2%2Fcategories&post=129098"},{"taxonomy":"post_tag","embeddable":true,"href":"https:\/\/enfoquenoticioso.com\/index.php?rest_route=%2Fwp%2Fv2%2Ftags&post=129098"}],"curies":[{"name":"wp","href":"https:\/\/api.w.org\/{rel}","templated":true}]}}