{"id":129108,"date":"2026-04-29T19:39:11","date_gmt":"2026-04-29T19:39:11","guid":{"rendered":"https:\/\/enfoquenoticioso.com\/?p=129108"},"modified":"2026-04-29T19:39:11","modified_gmt":"2026-04-29T19:39:11","slug":"putin-y-trump-mantienen-una-conversacion-de-una-hora-y-media","status":"publish","type":"post","link":"https:\/\/enfoquenoticioso.com\/?p=129108","title":{"rendered":"Putin y Trump mantienen una conversaci\u00f3n de una hora y media"},"content":{"rendered":"<div>\n<p>Vlad\u00edmir Putin y su par estadounidense, Donald Trump, han mantenido una conversaci\u00f3n telef\u00f3nica de una hora y media, ha anunciado este mi\u00e9rcoles el asesor presidencial ruso, Yuri Ushakov.<\/p>\n<p>El di\u00e1logo fue \u00ab<strong>franco<\/strong>\u00bb y transcurri\u00f3 en tono \u00ab<strong>amistoso<\/strong>\u00ab, indic\u00f3, subrayando que el presidente de Rusia, primero que nada, le transmiti\u00f3 a Trump \u00abpalabras de apoyo\u00bb en relaci\u00f3n con el\u00a0atentado\u00a0en su contra del pasado 25 de abril durante la Cena de Corresponsales de la Casa Blanca.<\/p>\n<p>\u00abEl l\u00edder ruso conden\u00f3 en\u00e9rgicamente este crimen, subrayando la inadmisibilidad de todas formas de violencia por motivos pol\u00edticos\u00bb, se\u00f1al\u00f3 Ushakov.<\/p>\n<div id=\"ez-toc-container\" class=\"ez-toc-v2_0_81 counter-hierarchy ez-toc-counter ez-toc-grey ez-toc-container-direction\">\n<div class=\"ez-toc-title-container\">\n<p class=\"ez-toc-title\" style=\"cursor:inherit\">Tabla de Contenido<\/p>\n<span class=\"ez-toc-title-toggle\"><a href=\"#\" class=\"ez-toc-pull-right ez-toc-btn ez-toc-btn-xs ez-toc-btn-default ez-toc-toggle\" aria-label=\"Alternar tabla de contenidos\"><span class=\"ez-toc-js-icon-con\"><span class=\"\"><span class=\"eztoc-hide\" style=\"display:none;\">Toggle<\/span><span class=\"ez-toc-icon-toggle-span\"><svg style=\"fill: #999;color:#999\" xmlns=\"http:\/\/www.w3.org\/2000\/svg\" class=\"list-377408\" width=\"20px\" height=\"20px\" viewBox=\"0 0 24 24\" fill=\"none\"><path d=\"M6 6H4v2h2V6zm14 0H8v2h12V6zM4 11h2v2H4v-2zm16 0H8v2h12v-2zM4 16h2v2H4v-2zm16 0H8v2h12v-2z\" fill=\"currentColor\"><\/path><\/svg><svg style=\"fill: #999;color:#999\" class=\"arrow-unsorted-368013\" xmlns=\"http:\/\/www.w3.org\/2000\/svg\" width=\"10px\" height=\"10px\" viewBox=\"0 0 24 24\" version=\"1.2\" baseProfile=\"tiny\"><path d=\"M18.2 9.3l-6.2-6.3-6.2 6.3c-.2.2-.3.4-.3.7s.1.5.3.7c.2.2.4.3.7.3h11c.3 0 .5-.1.7-.3.2-.2.3-.5.3-.7s-.1-.5-.3-.7zM5.8 14.7l6.2 6.3 6.2-6.3c.2-.2.3-.5.3-.7s-.1-.5-.3-.7c-.2-.2-.4-.3-.7-.3h-11c-.3 0-.5.1-.7.3-.2.2-.3.5-.3.7s.1.5.3.7z\"\/><\/svg><\/span><\/span><\/span><\/a><\/span><\/div>\n<nav><ul class='ez-toc-list ez-toc-list-level-1 ' ><li class='ez-toc-page-1 ez-toc-heading-level-3'><a class=\"ez-toc-link ez-toc-heading-1\" href=\"https:\/\/enfoquenoticioso.com\/?p=129108\/#Iran\" >Ir\u00e1n<\/a><\/li><li class='ez-toc-page-1 ez-toc-heading-level-3'><a class=\"ez-toc-link ez-toc-heading-2\" href=\"https:\/\/enfoquenoticioso.com\/?p=129108\/#Ucrania\" >Ucrania<\/a><\/li><\/ul><\/nav><\/div>\n<h3><span class=\"ez-toc-section\" id=\"Iran\"><\/span>Ir\u00e1n<span class=\"ez-toc-section-end\"><\/span><\/h3>\n<p>En lo que concierne a Ir\u00e1n y la situaci\u00f3n en el golfo P\u00e9rsico, Putin manifest\u00f3 a su hom\u00f3logo que considera \u00abcorrecta\u00bb su decisi\u00f3n de prorrogar el alto el fuego con el pa\u00eds persa, paso que \u00abdebe darles una\u00a0<strong>posibilidad a las negociaciones<\/strong>\u00a0y ayudar a estabilizar la situaci\u00f3n\u00bb.<\/p>\n<p>Al mismo tiempo, el mandatario ruso llam\u00f3 la atenci\u00f3n a las \u00abinevitables consecuencias nefastas\u00bb del uso de la fuerza por parte de EE.UU. e Israel contra Ir\u00e1n, no solamente para Teher\u00e1n y los pa\u00edses vecinos, sino para toda la comunidad internacional.\u00a0\u00abY, por supuesto, la opci\u00f3n de una\u00a0<strong>operaci\u00f3n terrestre<\/strong>\u00a0en territorio iran\u00ed parece\u00a0<strong>completamente inaceptable y peligrosa<\/strong>\u00ab, advirti\u00f3 Ushakov.<\/p>\n<p>\u00abRusia est\u00e1 firmemente decidida a\u00a0<strong>prestar todo su apoyo a los esfuerzos diplom\u00e1ticos<\/strong>\u00a0para encontrar una soluci\u00f3n pac\u00edfica a la crisis y ha presentado una serie de propuestas destinadas a resolver las discrepancias en torno al programa nuclear iran\u00ed\u00bb, afirm\u00f3, se\u00f1alando que, \u00abcon este fin, se mantendr\u00e1n contactos activos con los representantes de Ir\u00e1n, los l\u00edderes de los pa\u00edses del golfo P\u00e9rsico, as\u00ed como con Israel y el equipo de negociadores estadounidenses\u00bb.<\/p>\n<h3><span class=\"ez-toc-section\" id=\"Ucrania\"><\/span>Ucrania<span class=\"ez-toc-section-end\"><\/span><\/h3>\n<p>En cuanto al conflicto ucraniano, Trump cree que el acuerdo, que pondr\u00eda fin a las hostilidades, ya est\u00e1 por llegar, indic\u00f3 el asesor presidencial ruso. A petici\u00f3n del mandatario estadounidense, Putin le brind\u00f3 el balance de la situaci\u00f3n actual en la zona de combates, donde\u00a0<strong>las tropas rusas \u00abmantienen la iniciativa estrat\u00e9gica\u00bb<\/strong>\u00a0y avanzan contra las posiciones del adversario.<\/p>\n<p>Putin asegur\u00f3 que est\u00e1 dispuesto a declarar una tregua con Ucrania por el D\u00eda de la Victoria el 9 de mayo. Seg\u00fan Ushakov, el mandatario estadounidense apoy\u00f3 la iniciativa del presidente ruso. Tambi\u00e9n se\u00f1al\u00f3 que las celebraciones por el D\u00eda de la Victoria marcan la \u00abvictoria com\u00fan\u00bb de Rusia y EE.UU. sobre el nazismo en la Segunda Guerra Mundial.<\/p>\n<p>Al mismo tiempo, Putin le asegur\u00f3 a Trump que Rusia alcanzar\u00e1 sus objetivos en la operaci\u00f3n militar especial en Ucrania \u00aben cualquier caso\u00bb. En ese contexto, Putin sostuvo que para avanzar hacia un arreglo por la v\u00eda del di\u00e1logo es necesario que el l\u00edder del r\u00e9gimen de Kiev, Vlad\u00edmir Zelenski, responda de forma positiva a las propuestas que Rusia afirma haberle planteado previamente.<\/p>\n<\/p><\/div>\n<p><a href=\"https:\/\/noticiasaldiayalahora.co\/internacionales\/putin-y-trump-mantienen-una-conversacion-de-una-hora-y-media\/\" class=\" target=\" title=\"Putin y Trump mantienen una conversaci\u00f3n de una hora y media\" target=\"_blank\" rel=\"noopener\">Ver fuente<\/a><\/p>\n","protected":false},"excerpt":{"rendered":"<p>Vlad\u00edmir Putin y su par estadounidense, Donald Trump, han mantenido una conversaci\u00f3n telef\u00f3nica de una hora y media, ha anunciado este mi\u00e9rcoles el asesor presidencial ruso, Yuri Ushakov. El di\u00e1logo fue \u00abfranco\u00bb y transcurri\u00f3 en tono \u00abamistoso\u00ab, indic\u00f3, subrayando que el presidente de Rusia, primero que nada, le transmiti\u00f3 a Trump \u00abpalabras de apoyo\u00bb en [&hellip;]<\/p>\n","protected":false},"author":2,"featured_media":129109,"comment_status":"open","ping_status":"closed","sticky":false,"template":"","format":"standard","meta":{"footnotes":""},"categories":[6],"tags":[],"class_list":["post-129108","post","type-post","status-publish","format-standard","has-post-thumbnail","hentry","category-internacionales"],"_links":{"self":[{"href":"https:\/\/enfoquenoticioso.com\/index.php?rest_route=\/wp\/v2\/posts\/129108","targetHints":{"allow":["GET"]}}],"collection":[{"href":"https:\/\/enfoquenoticioso.com\/index.php?rest_route=\/wp\/v2\/posts"}],"about":[{"href":"https:\/\/enfoquenoticioso.com\/index.php?rest_route=\/wp\/v2\/types\/post"}],"author":[{"embeddable":true,"href":"https:\/\/enfoquenoticioso.com\/index.php?rest_route=\/wp\/v2\/users\/2"}],"replies":[{"embeddable":true,"href":"https:\/\/enfoquenoticioso.com\/index.php?rest_route=%2Fwp%2Fv2%2Fcomments&post=129108"}],"version-history":[{"count":0,"href":"https:\/\/enfoquenoticioso.com\/index.php?rest_route=\/wp\/v2\/posts\/129108\/revisions"}],"wp:featuredmedia":[{"embeddable":true,"href":"https:\/\/enfoquenoticioso.com\/index.php?rest_route=\/wp\/v2\/media\/129109"}],"wp:attachment":[{"href":"https:\/\/enfoquenoticioso.com\/index.php?rest_route=%2Fwp%2Fv2%2Fmedia&parent=129108"}],"wp:term":[{"taxonomy":"category","embeddable":true,"href":"https:\/\/enfoquenoticioso.com\/index.php?rest_route=%2Fwp%2Fv2%2Fcategories&post=129108"},{"taxonomy":"post_tag","embeddable":true,"href":"https:\/\/enfoquenoticioso.com\/index.php?rest_route=%2Fwp%2Fv2%2Ftags&post=129108"}],"curies":[{"name":"wp","href":"https:\/\/api.w.org\/{rel}","templated":true}]}}