{"id":129116,"date":"2026-04-29T20:58:16","date_gmt":"2026-04-29T20:58:16","guid":{"rendered":"https:\/\/enfoquenoticioso.com\/?p=129116"},"modified":"2026-04-29T20:58:16","modified_gmt":"2026-04-29T20:58:16","slug":"adios-magsafe-apple-supuestamente-analiza-eliminar-la-mejor-caracteristica-del-iphone","status":"publish","type":"post","link":"https:\/\/enfoquenoticioso.com\/?p=129116","title":{"rendered":"\u00bfAdi\u00f3s MagSafe? Apple supuestamente analiza eliminar la mejor caracter\u00edstica del iPhone"},"content":{"rendered":"<figure><img loading=\"lazy\" decoding=\"async\" width=\"1024\" height=\"684\" src=\"https:\/\/i0.wp.com\/imgs.hipertextual.com\/wp-content\/uploads\/2025\/09\/iphone-air-bateria-magsafe.jpg?fit=1024%2C684&amp;quality=70&amp;strip=all&amp;ssl=1\" class=\"attachment-rss-image-size size-rss-image-size wp-post-image\" alt=\"iPhone Air bater\u00eda MagSafe\" \/><\/figure>\n<p>Las filtraciones sobre productos de Apple son una constante, y con el correr de los a\u00f1os nos hemos acostumbrados leer de todo, para bien y para mal. Aunque el m\u00e1s reciente rumor sobre el <strong>iPhone<\/strong> es de los m\u00e1s extra\u00f1os y contradictorios, y sostiene que los de Cupertino analizan <strong>eliminar MagSafe de futuras versiones del dispositivo<\/strong>.<\/p>\n<p>En primera instancia, suena a uno de los rumores m\u00e1s inveros\u00edmiles relacionados con pr\u00f3ximos lanzamientos de la manzana. Lo que llama la atenci\u00f3n es que la informaci\u00f3n fue publicada por <em>Instant Digital<\/em>, un <em>leaker<\/em> chino que en los \u00faltimos tiempos se hizo conocido por compartir datos bastante certeros sobre Apple.<\/p>\n<p>De acuerdo con el susodicho (v\u00eda <em><a href=\"https:\/\/www.macrumors.com\/2026\/04\/29\/apple-questioning-iphone-magsafe\/\" target=\"_blank\" rel=\"noopener\">MacRumors<\/a><\/em>), los \u00e1nimos de la firma respecto de MagSafe ya no son tan fuertes como cuando se incorpor\u00f3 al iPhone. En su publicaci\u00f3n indica que Apple incluso analiz\u00f3 implementarlo en el iPad, aunque eso nunca sucedi\u00f3. Y ahora supuestamente se estudia su eliminaci\u00f3n del m\u00f3vil<\/p>\n<p>Claro que hay un matiz. Seg\u00fan el filtrador, el debate interno no est\u00e1 en descontinuar MagSafe, <strong>sino en quitarlo del iPhone como caracter\u00edstica est\u00e1ndar<\/strong>. Dicho de esta manera, podr\u00eda implicar la supresi\u00f3n de los componentes internos de acople magn\u00e9tico para cargadores inal\u00e1mbricos y otros accesorios que hoy se ofrece en el tel\u00e9fono.<\/p>\n<p>En el remoto caso de que eso pudiese llegar a concretarse, quitar los imanes del iPhone podr\u00eda implicar <strong>seguir ofreciendo MagSafe a trav\u00e9s de fundas<\/strong>. Aunque esto es una mera especulaci\u00f3n para tratar de comprender mejor el rumor en s\u00ed. <\/p>\n<div id=\"ez-toc-container\" class=\"ez-toc-v2_0_81 counter-hierarchy ez-toc-counter ez-toc-grey ez-toc-container-direction\">\n<div class=\"ez-toc-title-container\">\n<p class=\"ez-toc-title\" style=\"cursor:inherit\">Tabla de Contenido<\/p>\n<span class=\"ez-toc-title-toggle\"><a href=\"#\" class=\"ez-toc-pull-right ez-toc-btn ez-toc-btn-xs ez-toc-btn-default ez-toc-toggle\" aria-label=\"Alternar tabla de contenidos\"><span class=\"ez-toc-js-icon-con\"><span class=\"\"><span class=\"eztoc-hide\" style=\"display:none;\">Toggle<\/span><span class=\"ez-toc-icon-toggle-span\"><svg style=\"fill: #999;color:#999\" xmlns=\"http:\/\/www.w3.org\/2000\/svg\" class=\"list-377408\" width=\"20px\" height=\"20px\" viewBox=\"0 0 24 24\" fill=\"none\"><path d=\"M6 6H4v2h2V6zm14 0H8v2h12V6zM4 11h2v2H4v-2zm16 0H8v2h12v-2zM4 16h2v2H4v-2zm16 0H8v2h12v-2z\" fill=\"currentColor\"><\/path><\/svg><svg style=\"fill: #999;color:#999\" class=\"arrow-unsorted-368013\" xmlns=\"http:\/\/www.w3.org\/2000\/svg\" width=\"10px\" height=\"10px\" viewBox=\"0 0 24 24\" version=\"1.2\" baseProfile=\"tiny\"><path d=\"M18.2 9.3l-6.2-6.3-6.2 6.3c-.2.2-.3.4-.3.7s.1.5.3.7c.2.2.4.3.7.3h11c.3 0 .5-.1.7-.3.2-.2.3-.5.3-.7s-.1-.5-.3-.7zM5.8 14.7l6.2 6.3 6.2-6.3c.2-.2.3-.5.3-.7s-.1-.5-.3-.7c-.2-.2-.4-.3-.7-.3h-11c-.3 0-.5.1-.7.3-.2.2-.3.5-.3.7s.1.5.3.7z\"\/><\/svg><\/span><\/span><\/span><\/a><\/span><\/div>\n<nav><ul class='ez-toc-list ez-toc-list-level-1 ' ><li class='ez-toc-page-1 ez-toc-heading-level-2'><a class=\"ez-toc-link ez-toc-heading-1\" href=\"https:\/\/enfoquenoticioso.com\/?p=129116\/#El_iPhone_podria_perder_el_sistema_MagSafe_integrado_segun_un_rumor\" >El iPhone podr\u00eda perder el sistema MagSafe integrado, seg\u00fan un rumor<\/a><\/li><\/ul><\/nav><\/div>\n<h2 class=\"wp-block-heading\" id=\"h-el-iphone-podria-perder-el-sistema-magsafe-integrado-segun-un-rumor\"><span class=\"ez-toc-section\" id=\"El_iPhone_podria_perder_el_sistema_MagSafe_integrado_segun_un_rumor\"><\/span>El iPhone podr\u00eda perder el sistema MagSafe integrado, seg\u00fan un rumor<span class=\"ez-toc-section-end\"><\/span><\/h2>\n<figure class=\"wp-block-image alignwide size-large\"><img loading=\"lazy\" decoding=\"async\" data-recalc-dims=\"1\" width=\"780\" height=\"447\" src=\"https:\/\/i0.wp.com\/imgs.hipertextual.com\/wp-content\/uploads\/2021\/07\/iphone-12-pro-max-magsafe-1500x859.jpg?resize=780%2C447&#038;quality=70&#038;strip=all&#038;ssl=1\" alt=\"Apple magSafe \/ iOS 14.8 | iPhone\" class=\"wp-image-1325273\" \/><\/figure>\n<p>Como siempre decimos, todo lo que se vincula con rumores vinculados con Apple se deben tomar con pinzas; y en este caso mucho, mucho m\u00e1s. MagSafe es una de las mejores cosas del iPhone y <strong>cuesta mucho creer que los de Cupertino realmente crean viable quitarlo como caracter\u00edstica integrada<\/strong>. Con solo pensar en la reacci\u00f3n negativa del p\u00fablico, parece suficiente para desacreditar el dato, pero hay que ver qu\u00e9 sucede.<\/p>\n<p>No olvidemos que cuando el iPhone 16e lleg\u00f3 al mercado lo hizo sin MagSafe integrado y <a href=\"https:\/\/hipertextual.com\/apple\/apple-explica-por-que-el-iphone-16e-no-tiene-magsafe\/\" target=\"_blank\" rel=\"noopener\">fue de las mayores cr\u00edticas que recibi\u00f3<\/a>. No por nada, Apple s\u00ed lo incluy\u00f3 en el iPhone 17e. Tambi\u00e9n cuesta pensar que John Ternus est\u00e9 dispuesto a meterse en esta pol\u00e9mica en el tramo inicial de su periplo como CEO de la compa\u00f1\u00eda.<\/p>\n<p>El rumor no dice que MagSafe pueda desaparecer del iPhone en lo inmediato, sino que ser\u00eda una posibilidad a futuro. Lo que s\u00ed sostiene es que los californianos est\u00e1n analizando los costes de incluir el sistema magn\u00e9tico en sus m\u00f3viles contra la fortaleza del ecosistema de accesorios propios y de terceros que sacan provecho de este. Como ya dijimos, la filtraci\u00f3n <strong>tiene todo para ser inveros\u00edmil<\/strong>. Aun as\u00ed, estaremos atentos a cualquier novedad.<\/p>\n<p>Seguir leyendo: <a href=\"https:\/\/hipertextual.com\/apple\/rumor-apple-eliminara-magsafe-iphone\/\" target=\"_blank\" rel=\"noopener\">\u00bfAdi\u00f3s MagSafe? Apple supuestamente analiza eliminar la mejor caracter\u00edstica del iPhone<\/a><\/p>\n<p><a href=\"https:\/\/hipertextual.com\/apple\/rumor-apple-eliminara-magsafe-iphone\/\" class=\" target=\" title=\"\u00bfAdi\u00f3s MagSafe? Apple supuestamente analiza eliminar la mejor caracter\u00edstica del iPhone\" target=\"_blank\" rel=\"noopener\">Ver fuente<\/a><\/p>\n","protected":false},"excerpt":{"rendered":"<p>Las filtraciones sobre productos de Apple son una constante, y con el correr de los a\u00f1os nos hemos acostumbrados leer de todo, para bien y para mal. Aunque el m\u00e1s reciente rumor sobre el iPhone es de los m\u00e1s extra\u00f1os y contradictorios, y sostiene que los de Cupertino analizan eliminar MagSafe de futuras versiones del [&hellip;]<\/p>\n","protected":false},"author":2,"featured_media":129117,"comment_status":"open","ping_status":"closed","sticky":false,"template":"","format":"standard","meta":{"footnotes":""},"categories":[9],"tags":[],"class_list":["post-129116","post","type-post","status-publish","format-standard","has-post-thumbnail","hentry","category-tecnologia"],"_links":{"self":[{"href":"https:\/\/enfoquenoticioso.com\/index.php?rest_route=\/wp\/v2\/posts\/129116","targetHints":{"allow":["GET"]}}],"collection":[{"href":"https:\/\/enfoquenoticioso.com\/index.php?rest_route=\/wp\/v2\/posts"}],"about":[{"href":"https:\/\/enfoquenoticioso.com\/index.php?rest_route=\/wp\/v2\/types\/post"}],"author":[{"embeddable":true,"href":"https:\/\/enfoquenoticioso.com\/index.php?rest_route=\/wp\/v2\/users\/2"}],"replies":[{"embeddable":true,"href":"https:\/\/enfoquenoticioso.com\/index.php?rest_route=%2Fwp%2Fv2%2Fcomments&post=129116"}],"version-history":[{"count":0,"href":"https:\/\/enfoquenoticioso.com\/index.php?rest_route=\/wp\/v2\/posts\/129116\/revisions"}],"wp:featuredmedia":[{"embeddable":true,"href":"https:\/\/enfoquenoticioso.com\/index.php?rest_route=\/wp\/v2\/media\/129117"}],"wp:attachment":[{"href":"https:\/\/enfoquenoticioso.com\/index.php?rest_route=%2Fwp%2Fv2%2Fmedia&parent=129116"}],"wp:term":[{"taxonomy":"category","embeddable":true,"href":"https:\/\/enfoquenoticioso.com\/index.php?rest_route=%2Fwp%2Fv2%2Fcategories&post=129116"},{"taxonomy":"post_tag","embeddable":true,"href":"https:\/\/enfoquenoticioso.com\/index.php?rest_route=%2Fwp%2Fv2%2Ftags&post=129116"}],"curies":[{"name":"wp","href":"https:\/\/api.w.org\/{rel}","templated":true}]}}