{"id":129134,"date":"2026-04-29T23:12:50","date_gmt":"2026-04-29T23:12:50","guid":{"rendered":"https:\/\/enfoquenoticioso.com\/?p=129134"},"modified":"2026-04-29T23:12:50","modified_gmt":"2026-04-29T23:12:50","slug":"el-psg-perdera-a-hakimi-para-la-vuelta-de-las-semis","status":"publish","type":"post","link":"https:\/\/enfoquenoticioso.com\/?p=129134","title":{"rendered":"El PSG perder\u00e1 a Hakimi para la vuelta de las semis"},"content":{"rendered":"<div data-td-block-uid=\"tdi_72\">\n<div class=\"tdb-block-inner td-fix-index\">\n<p>El PSG se llev\u00f3 una victoria impresionante en el partido con m\u00e1s goles en una semifinal de la Champions, al vencer 5-4 al Bayern. Sin embargo, el marcador es corto para la vuelta y el cuadro parisino viajar\u00e1 a M\u00fanich a defender su ventaja sin Achraf Hakimi.<\/p>\n<p>El lateral marroqu\u00ed, uno de los capitanes de Luis Enrique, no estar\u00eda disponible para la vuelta de la semifinal debido a una lesi\u00f3n sufrida en la ida, disputada el martes en la capital francesa, al luchar una pelota y sinti\u00f3 una molestia, por lo que de inmediato se toc\u00f3 la parte posterior de la pierna derecha, aunque pudo culminar el partido.<\/p>\n<p><strong>Lee tambi\u00e9n: <a href=\"https:\/\/www.liderendeportes.com\/noticias\/futbol\/futbol-europeo\/el-psg-le-gano-un-partidazo-en-la-ida-al-bayern\/\" target=\"_blank\" rel=\"noopener\">El PSG le gan\u00f3 un partidazo en la ida al Bayern<\/a><\/strong><\/p>\n<p>La informaci\u00f3n del propio campe\u00f3n actual de la Champions es que no estar\u00e1 disponible, mientras que lo notificado por medios europeos, en primer lugar por RMC Sport, es que se debe a que se rompi\u00f3 tend\u00f3n de la corva (en la parte alta de los isquiotibiales).<\/p>\n<p>Se pierde la vuelta y alg\u00fan que otro partido por tratarse de una lesi\u00f3n que lleva varias semanas de recuperaci\u00f3n, pero parece que estar\u00eda presente una hipot\u00e9tica final el 30 de mayo. Adem\u00e1s, su presencia en el Mundial con su selecci\u00f3n no correr\u00eda peligro alguno.<\/p>\n<p>Es la segunda vez esta temporada que Hakimi se lesiona contra el Bayern. Estuvo de baja varias semanas tras sufrir una lesi\u00f3n en el tobillo izquierdo durante la derrota por 2-1 del PSG ante el cuadro b\u00e1varo en la fase de grupos de la Liga de Campeones en noviembre.<\/p>\n<\/div>\n<\/div>\n<p><a href=\"https:\/\/www.liderendeportes.com\/noticias\/futbol\/futbol-europeo\/el-psg-perdera-a-hakimi-para-la-vuelta-de-las-semis\/\" class=\" target=\" title=\"El PSG perder\u00e1 a Hakimi para la vuelta de las semis\" target=\"_blank\" rel=\"noopener\">Ver fuente<\/a><\/p>\n","protected":false},"excerpt":{"rendered":"<p>El PSG se llev\u00f3 una victoria impresionante en el partido con m\u00e1s goles en una semifinal de la Champions, al vencer 5-4 al Bayern. Sin embargo, el marcador es corto para la vuelta y el cuadro parisino viajar\u00e1 a M\u00fanich a defender su ventaja sin Achraf Hakimi. El lateral marroqu\u00ed, uno de los capitanes de [&hellip;]<\/p>\n","protected":false},"author":2,"featured_media":129135,"comment_status":"open","ping_status":"closed","sticky":false,"template":"","format":"standard","meta":{"footnotes":""},"categories":[7],"tags":[],"class_list":["post-129134","post","type-post","status-publish","format-standard","has-post-thumbnail","hentry","category-deporte"],"_links":{"self":[{"href":"https:\/\/enfoquenoticioso.com\/index.php?rest_route=\/wp\/v2\/posts\/129134","targetHints":{"allow":["GET"]}}],"collection":[{"href":"https:\/\/enfoquenoticioso.com\/index.php?rest_route=\/wp\/v2\/posts"}],"about":[{"href":"https:\/\/enfoquenoticioso.com\/index.php?rest_route=\/wp\/v2\/types\/post"}],"author":[{"embeddable":true,"href":"https:\/\/enfoquenoticioso.com\/index.php?rest_route=\/wp\/v2\/users\/2"}],"replies":[{"embeddable":true,"href":"https:\/\/enfoquenoticioso.com\/index.php?rest_route=%2Fwp%2Fv2%2Fcomments&post=129134"}],"version-history":[{"count":0,"href":"https:\/\/enfoquenoticioso.com\/index.php?rest_route=\/wp\/v2\/posts\/129134\/revisions"}],"wp:featuredmedia":[{"embeddable":true,"href":"https:\/\/enfoquenoticioso.com\/index.php?rest_route=\/wp\/v2\/media\/129135"}],"wp:attachment":[{"href":"https:\/\/enfoquenoticioso.com\/index.php?rest_route=%2Fwp%2Fv2%2Fmedia&parent=129134"}],"wp:term":[{"taxonomy":"category","embeddable":true,"href":"https:\/\/enfoquenoticioso.com\/index.php?rest_route=%2Fwp%2Fv2%2Fcategories&post=129134"},{"taxonomy":"post_tag","embeddable":true,"href":"https:\/\/enfoquenoticioso.com\/index.php?rest_route=%2Fwp%2Fv2%2Ftags&post=129134"}],"curies":[{"name":"wp","href":"https:\/\/api.w.org\/{rel}","templated":true}]}}