{"id":129142,"date":"2026-04-30T01:18:34","date_gmt":"2026-04-30T01:18:34","guid":{"rendered":"https:\/\/enfoquenoticioso.com\/?p=129142"},"modified":"2026-04-30T01:18:34","modified_gmt":"2026-04-30T01:18:34","slug":"el-al-hilal-advierte-al-barcelona-por-cancelo","status":"publish","type":"post","link":"https:\/\/enfoquenoticioso.com\/?p=129142","title":{"rendered":"El Al-Hilal advierte al Barcelona por Cancelo"},"content":{"rendered":"<div data-td-block-uid=\"tdi_72\">\n<div class=\"tdb-block-inner td-fix-index\">\n<p>El FC Barcelona quiere contar con Joao Cancelo para la siguiente temporada (2026-27), pero ya sabe que su continuidad no ser\u00e1 para nada una negociaci\u00f3n sencilla gracias a las imposiciones del Al-Hilal.<\/p>\n<p>Desde la direcci\u00f3n deportiva del conjunto azulgrana parec\u00edan tener una hoja de ruta bastante definida. Se quiere prolongar su presencia por una segunda cesi\u00f3n o, el escenario m\u00e1s optimista, que se quede por un traspaso libre o a muy bajo precio. No obstante, estos planes se toparon con la realidad econ\u00f3mica y deportiva que se impone desde Arabia Saudita.<\/p>\n<p><strong>Lee tambi\u00e9n: <a href=\"https:\/\/www.liderendeportes.com\/noticias\/futbol\/futbol-europeo\/el-psg-perdera-a-hakimi-para-la-vuelta-de-las-semis\/\" target=\"_blank\" rel=\"noopener\">El PSG perder\u00e1 a Hakimi para la vuelta de las semis<\/a><\/strong><\/p>\n<p>Seg\u00fan ha desvelado el portal 365Scores a trav\u00e9s de fuentes directas del Al-Hilal, el club saud\u00ed ha mandado un aviso contundente al equipo azulgrana:\u00a0la opci\u00f3n de un nuevo pr\u00e9stamo est\u00e1 completamente descartada y el motivo es netamente financiero.<\/p>\n<p>A Cancelo solo le queda un a\u00f1o de contrato en el verano de 2026 (pues termina en 2027) y\u00a0el Al-Hilal se niega en rotundo a volver a cederlo para terminar perdi\u00e9ndolo gratis un a\u00f1o despu\u00e9s sin recuperar parte de su inversi\u00f3n.<\/p>\n<p>Por ahora, las negociaciones entre los saud\u00edes y el Barcelona no existen. La entidad medio-oriental decidi\u00f3 congelar cualquier movimiento y posponer la decisi\u00f3n definitiva hasta que acabe la campa\u00f1a actual. Un movimiento que se debe al cambio de mando en la directiva del Al-Hilal.<\/p>\n<p>Adem\u00e1s, se suma un factor fundamental contra el Barcelona, y es que el t\u00e9cnico, Simone Inzaghi, quiere que el portugu\u00e9s forme parte de su equipo para la temporada que viene.<\/p>\n<\/div>\n<\/div>\n<p><a href=\"https:\/\/www.liderendeportes.com\/noticias\/futbol\/futbol-europeo\/el-al-hilal-advierte-al-barcelona-por-cancelo\/\" class=\" target=\" title=\"El Al-Hilal advierte al Barcelona por Cancelo\" target=\"_blank\" rel=\"noopener\">Ver fuente<\/a><\/p>\n","protected":false},"excerpt":{"rendered":"<p>El FC Barcelona quiere contar con Joao Cancelo para la siguiente temporada (2026-27), pero ya sabe que su continuidad no ser\u00e1 para nada una negociaci\u00f3n sencilla gracias a las imposiciones del Al-Hilal. Desde la direcci\u00f3n deportiva del conjunto azulgrana parec\u00edan tener una hoja de ruta bastante definida. Se quiere prolongar su presencia por una segunda [&hellip;]<\/p>\n","protected":false},"author":2,"featured_media":129143,"comment_status":"open","ping_status":"closed","sticky":false,"template":"","format":"standard","meta":{"footnotes":""},"categories":[7],"tags":[],"class_list":["post-129142","post","type-post","status-publish","format-standard","has-post-thumbnail","hentry","category-deporte"],"_links":{"self":[{"href":"https:\/\/enfoquenoticioso.com\/index.php?rest_route=\/wp\/v2\/posts\/129142","targetHints":{"allow":["GET"]}}],"collection":[{"href":"https:\/\/enfoquenoticioso.com\/index.php?rest_route=\/wp\/v2\/posts"}],"about":[{"href":"https:\/\/enfoquenoticioso.com\/index.php?rest_route=\/wp\/v2\/types\/post"}],"author":[{"embeddable":true,"href":"https:\/\/enfoquenoticioso.com\/index.php?rest_route=\/wp\/v2\/users\/2"}],"replies":[{"embeddable":true,"href":"https:\/\/enfoquenoticioso.com\/index.php?rest_route=%2Fwp%2Fv2%2Fcomments&post=129142"}],"version-history":[{"count":0,"href":"https:\/\/enfoquenoticioso.com\/index.php?rest_route=\/wp\/v2\/posts\/129142\/revisions"}],"wp:featuredmedia":[{"embeddable":true,"href":"https:\/\/enfoquenoticioso.com\/index.php?rest_route=\/wp\/v2\/media\/129143"}],"wp:attachment":[{"href":"https:\/\/enfoquenoticioso.com\/index.php?rest_route=%2Fwp%2Fv2%2Fmedia&parent=129142"}],"wp:term":[{"taxonomy":"category","embeddable":true,"href":"https:\/\/enfoquenoticioso.com\/index.php?rest_route=%2Fwp%2Fv2%2Fcategories&post=129142"},{"taxonomy":"post_tag","embeddable":true,"href":"https:\/\/enfoquenoticioso.com\/index.php?rest_route=%2Fwp%2Fv2%2Ftags&post=129142"}],"curies":[{"name":"wp","href":"https:\/\/api.w.org\/{rel}","templated":true}]}}