{"id":129146,"date":"2026-04-30T02:22:13","date_gmt":"2026-04-30T02:22:13","guid":{"rendered":"https:\/\/enfoquenoticioso.com\/?p=129146"},"modified":"2026-04-30T02:22:13","modified_gmt":"2026-04-30T02:22:13","slug":"el-presidente-del-atletico-descarta-la-salida-de-julian-alvarez","status":"publish","type":"post","link":"https:\/\/enfoquenoticioso.com\/?p=129146","title":{"rendered":"El presidente del Atl\u00e9tico descarta la salida de Juli\u00e1n \u00c1lvarez"},"content":{"rendered":"<div data-td-block-uid=\"tdi_72\">\n<div class=\"tdb-block-inner td-fix-index\">\n<p>Siguen los rumores del posible cambio de camiseta de Juli\u00e1n \u00c1lvarez para la temporada que viene, con su \u00abpartida\u00bb al FC Barcelona. Sin embargo, el presidente del Atl\u00e9tico de Madrid descart\u00f3 esa posibilidad.<\/p>\n<p>Enrique Cerezo, m\u00e1ximo responsable del conjunto \u00abcolchonero\u00bb, en la previa de la ida de las semifinales ante el Arsenal, en el \u00faltimo partido en suelo local por Champions en la campa\u00f1a, atendi\u00f3 a los medios de comunicaci\u00f3n y dej\u00f3 clara su postura con respecto a la marcha o la continuidad del argentino, asegurando que esto \u00faltimo es lo que va a pasar.<\/p>\n<p><strong>Lee tambi\u00e9n:<a href=\"https:\/\/www.liderendeportes.com\/noticias\/futbol\/futbol-europeo\/atletico-y-arsenal-definiran-todo-en-la-vuelta\/\" target=\"_blank\" rel=\"noopener\"> Atl\u00e9tico y Arsenal definir\u00e1n todo en la vuelta<\/a><\/strong><\/p>\n<p>\u00abJuli\u00e1n (\u00c1lvarez) es jugador del Atl\u00e9tico de Madrid. Lo es hoy, lo ser\u00e1 ma\u00f1ana y la temporada que viene. Insistir otra vez sobre esto me parece, de verdad, hiriente\u00bb.<\/p>\n<p>El presidente del Atl\u00e9tico de Madrid tambi\u00e9n envi\u00f3 un mensaje -ir\u00f3nico- al Barcelona luego de una pregunta sobre el partido del martes entre PSG y Bayern, se\u00f1alando -entre risas- que: \u00aba m\u00ed me gusta que haya goles, por eso siempre me gusta jugar con el Barcelona\u00bb.<\/p>\n<p>Adem\u00e1s, tambi\u00e9n habl\u00f3 sobre el engramado de su inmueble e indic\u00f3 que en el (Metropolitano) \u00abjuega todo el mundo, el campo es fant\u00e1stico\u2026 No s\u00e9 de qu\u00e9 se pueden quejar. El c\u00e9sped est\u00e1 perfecto\u00bb.<\/p>\n<p>Cabe recordar que Juli\u00e1n \u00c1lvarez es el delantero que el conjunto azulgrana quiere para la pr\u00f3xima temporada ante la posible salida de Robert Lewandowski, aunque sabe que la incursi\u00f3n ser\u00e1 muy complicada por muchos factores.<\/p>\n<p>\u00abSi llegamos a la final, hay que ganarla. Si no, todo queda en nada. No tenemos miedo. Est\u00e1 todo bien: el campo est\u00e1 lleno, los aficionados est\u00e1n con el equipo, los jugadores est\u00e1n entregados para hacer una buena noche\u2026 todos queremos ganar, no nos falta nada\u00bb, sentenci\u00f3 Cerezo.<\/p>\n<\/div>\n<\/div>\n<p><a href=\"https:\/\/www.liderendeportes.com\/noticias\/futbol\/futbol-europeo\/el-presidente-del-atletico-descarta-la-salida-de-julian-alvarez\/\" class=\" target=\" title=\"El presidente del Atl\u00e9tico descarta la salida de Juli\u00e1n \u00c1lvarez\" target=\"_blank\" rel=\"noopener\">Ver fuente<\/a><\/p>\n","protected":false},"excerpt":{"rendered":"<p>Siguen los rumores del posible cambio de camiseta de Juli\u00e1n \u00c1lvarez para la temporada que viene, con su \u00abpartida\u00bb al FC Barcelona. Sin embargo, el presidente del Atl\u00e9tico de Madrid descart\u00f3 esa posibilidad. Enrique Cerezo, m\u00e1ximo responsable del conjunto \u00abcolchonero\u00bb, en la previa de la ida de las semifinales ante el Arsenal, en el \u00faltimo [&hellip;]<\/p>\n","protected":false},"author":2,"featured_media":129147,"comment_status":"open","ping_status":"closed","sticky":false,"template":"","format":"standard","meta":{"footnotes":""},"categories":[7],"tags":[],"class_list":["post-129146","post","type-post","status-publish","format-standard","has-post-thumbnail","hentry","category-deporte"],"_links":{"self":[{"href":"https:\/\/enfoquenoticioso.com\/index.php?rest_route=\/wp\/v2\/posts\/129146","targetHints":{"allow":["GET"]}}],"collection":[{"href":"https:\/\/enfoquenoticioso.com\/index.php?rest_route=\/wp\/v2\/posts"}],"about":[{"href":"https:\/\/enfoquenoticioso.com\/index.php?rest_route=\/wp\/v2\/types\/post"}],"author":[{"embeddable":true,"href":"https:\/\/enfoquenoticioso.com\/index.php?rest_route=\/wp\/v2\/users\/2"}],"replies":[{"embeddable":true,"href":"https:\/\/enfoquenoticioso.com\/index.php?rest_route=%2Fwp%2Fv2%2Fcomments&post=129146"}],"version-history":[{"count":0,"href":"https:\/\/enfoquenoticioso.com\/index.php?rest_route=\/wp\/v2\/posts\/129146\/revisions"}],"wp:featuredmedia":[{"embeddable":true,"href":"https:\/\/enfoquenoticioso.com\/index.php?rest_route=\/wp\/v2\/media\/129147"}],"wp:attachment":[{"href":"https:\/\/enfoquenoticioso.com\/index.php?rest_route=%2Fwp%2Fv2%2Fmedia&parent=129146"}],"wp:term":[{"taxonomy":"category","embeddable":true,"href":"https:\/\/enfoquenoticioso.com\/index.php?rest_route=%2Fwp%2Fv2%2Fcategories&post=129146"},{"taxonomy":"post_tag","embeddable":true,"href":"https:\/\/enfoquenoticioso.com\/index.php?rest_route=%2Fwp%2Fv2%2Ftags&post=129146"}],"curies":[{"name":"wp","href":"https:\/\/api.w.org\/{rel}","templated":true}]}}