{"id":129150,"date":"2026-04-30T03:24:25","date_gmt":"2026-04-30T03:24:25","guid":{"rendered":"https:\/\/enfoquenoticioso.com\/?p=129150"},"modified":"2026-04-30T03:24:25","modified_gmt":"2026-04-30T03:24:25","slug":"venezuela-regresa-al-domo-bolivariano-y-a-la-caldera","status":"publish","type":"post","link":"https:\/\/enfoquenoticioso.com\/?p=129150","title":{"rendered":"Venezuela regresa al Domo Bolivariano y a La Caldera"},"content":{"rendered":"<div data-td-block-uid=\"tdi_72\">\n<div class=\"tdb-block-inner td-fix-index\">\n<p>La Federaci\u00f3n Venezolana de Baloncesto confirm\u00f3 este mi\u00e9rcoles las sedes de los tres duelos de las ventanas clasificatorias de cara al Mundial FIBA 2027. Puerto La Cruz y Barquisimeto son las ciudades que van a acoger los encuentros frente a Brasil, Chile y Colombia.<\/p>\n<p>Los tres compromisos est\u00e1n pautados para el martes 30 de junio, jueves 2 de julio y lunes 6 de julio.<\/p>\n<p>Los duelos ante Colombia y Brasil se jugar\u00e1n en el Domo Bolivariano de Barquisimeto el 30 de junio y 2 de julio. Mientras que el cierre de las ventanas ser\u00e1 el lunes 6 de julio frente a Chile en el Gimnasio Luis Ramos de Puerto La Cruz.<\/p>\n<figure class=\"wp-block-embed is-type-rich is-provider-twitter wp-block-embed-twitter\">\n<div class=\"wp-block-embed__wrapper\">\n<blockquote class=\"twitter-tweet\" data-width=\"550\" data-dnt=\"true\">\n<p lang=\"es\" dir=\"ltr\">\ud83c\uddfb\ud83c\uddea Barquisimeto y Puerto La Cruz vuelven a recibir a nuestra selecci\u00f3n nacional. <\/p>\n<p>\ud83d\udccd Venezuela enfrentar\u00e1 a Colombia (30\/06) y a Brasil (02\/07) en el Domo Bolivariano, y cerrar\u00e1 la primera fase clasificatoria a Qatar 2027 ante Chile (06\/07) en el Gimnasio Luis Ramos. <a href=\"https:\/\/t.co\/SuzQt71Fi3\">pic.twitter.com\/SuzQt71Fi3<\/a><\/p>\n<p>\u2014 FVB \ud83c\uddfb\ud83c\uddea\ud83c\udfc0 (@FVBbasketball) <a href=\"https:\/\/twitter.com\/FVBbasketball\/status\/2049606022289911910?ref_src=twsrc%5Etfw\" target=\"_blank\" rel=\"noopener\">April 29, 2026<\/a><\/p><\/blockquote>\n<\/div>\n<\/figure>\n<p>Recordemos que Venezuela jugar\u00e1 tres encuentros en condici\u00f3n de local en la tercera ventana clasificatoria al Mundial FIBA 2027 debido a que el duelo frente a Colombia pautado para diciembre de 2025 tuvo que ser postergado por razones log\u00edsticas.<\/p>\n<p><strong>Lee tambi\u00e9n: <a href=\"https:\/\/www.liderendeportes.com\/noticias\/basketball\/curro-segura-destaco-el-gran-caracter-de-la-seleccion\/\" target=\"_blank\" rel=\"noopener\">\u00abCurro\u00bb Segura destac\u00f3 el gran car\u00e1cter de la Selecci\u00f3n<\/a><\/strong><\/p>\n<p>En este camino al Mundial, los dirigidos por Francisco \u201cCurro\u201d Segura tienen r\u00e9cord de una victoria y dos derrotas, todas en condici\u00f3n de visitante.<\/p>\n<\/div>\n<\/div>\n<p><script async src=\"\/\/platform.twitter.com\/widgets.js\" charset=\"utf-8\"><\/script><br \/>\n<br \/><a href=\"https:\/\/www.liderendeportes.com\/noticias\/basketball\/seleccion-nacional\/venezuela-regresa-al-domo-bolivariano-y-a-la-caldera\/\" class=\" target=\" title=\"Venezuela regresa al Domo Bolivariano y a La Caldera\" target=\"_blank\" rel=\"noopener\">Ver fuente<\/a><\/p>\n","protected":false},"excerpt":{"rendered":"<p>La Federaci\u00f3n Venezolana de Baloncesto confirm\u00f3 este mi\u00e9rcoles las sedes de los tres duelos de las ventanas clasificatorias de cara al Mundial FIBA 2027. Puerto La Cruz y Barquisimeto son las ciudades que van a acoger los encuentros frente a Brasil, Chile y Colombia. Los tres compromisos est\u00e1n pautados para el martes 30 de junio, [&hellip;]<\/p>\n","protected":false},"author":2,"featured_media":129151,"comment_status":"open","ping_status":"closed","sticky":false,"template":"","format":"standard","meta":{"footnotes":""},"categories":[7],"tags":[],"class_list":["post-129150","post","type-post","status-publish","format-standard","has-post-thumbnail","hentry","category-deporte"],"_links":{"self":[{"href":"https:\/\/enfoquenoticioso.com\/index.php?rest_route=\/wp\/v2\/posts\/129150","targetHints":{"allow":["GET"]}}],"collection":[{"href":"https:\/\/enfoquenoticioso.com\/index.php?rest_route=\/wp\/v2\/posts"}],"about":[{"href":"https:\/\/enfoquenoticioso.com\/index.php?rest_route=\/wp\/v2\/types\/post"}],"author":[{"embeddable":true,"href":"https:\/\/enfoquenoticioso.com\/index.php?rest_route=\/wp\/v2\/users\/2"}],"replies":[{"embeddable":true,"href":"https:\/\/enfoquenoticioso.com\/index.php?rest_route=%2Fwp%2Fv2%2Fcomments&post=129150"}],"version-history":[{"count":0,"href":"https:\/\/enfoquenoticioso.com\/index.php?rest_route=\/wp\/v2\/posts\/129150\/revisions"}],"wp:featuredmedia":[{"embeddable":true,"href":"https:\/\/enfoquenoticioso.com\/index.php?rest_route=\/wp\/v2\/media\/129151"}],"wp:attachment":[{"href":"https:\/\/enfoquenoticioso.com\/index.php?rest_route=%2Fwp%2Fv2%2Fmedia&parent=129150"}],"wp:term":[{"taxonomy":"category","embeddable":true,"href":"https:\/\/enfoquenoticioso.com\/index.php?rest_route=%2Fwp%2Fv2%2Fcategories&post=129150"},{"taxonomy":"post_tag","embeddable":true,"href":"https:\/\/enfoquenoticioso.com\/index.php?rest_route=%2Fwp%2Fv2%2Ftags&post=129150"}],"curies":[{"name":"wp","href":"https:\/\/api.w.org\/{rel}","templated":true}]}}