{"id":129154,"date":"2026-04-30T03:55:31","date_gmt":"2026-04-30T03:55:31","guid":{"rendered":"https:\/\/enfoquenoticioso.com\/?p=129154"},"modified":"2026-04-30T03:55:31","modified_gmt":"2026-04-30T03:55:31","slug":"los-tigres-colocaron-a-baez-y-mize-en-lista-de-lesionados","status":"publish","type":"post","link":"https:\/\/enfoquenoticioso.com\/?p=129154","title":{"rendered":"Los Tigres colocaron a B\u00e1ez y Mize en lista de lesionados"},"content":{"rendered":"<div data-td-block-uid=\"tdi_72\">\n<div class=\"tdb-block-inner td-fix-index\">\n<p>Los\u00a0Tigres de Detroit\u00a0colocaron al lanzador Casey Mize y al jugador de cuadro Javier B\u00e1ez en la lista de lesionados el mi\u00e9rcoles luego de que cayeran en la derrota en el primer partido de la serie contra\u00a0los Bravos de Atlanta\u00a0.<\/p>\n<p>Mize fue incluido en la lista de lesionados de 15 d\u00edas por una distensi\u00f3n en el aductor derecho, mientras que B\u00e1ez est\u00e1 en la lista de 10 d\u00edas por un esguince en el tobillo derecho. El lanzador zurdo Enmanuel DeJesus y el jugador de cuadro Jace Jung fueron llamados de regreso de la filial Triple-A de Toledo.<\/p>\n<p><strong>Lee tambi\u00e9n: <a href=\"https:\/\/www.liderendeportes.com\/noticias\/baseball\/baseball-grandes-ligas\/yankees-designaron-para-asignacion-a-grichuk\/\" target=\"_blank\" rel=\"noopener\">Yankees designaron para asignaci\u00f3n a Grichuk<\/a><\/strong><\/p>\n<p>Mize\u00a0abandon\u00f3 el partido en la tercera entrada\u00a0del martes debido a una molestia en la ingle derecha tras fildear una bola rodada hacia la primera base.<\/p>\n<p>\u201cFue una especie de endurecimiento gradual\u201d, dijo el lanzador diestro despu\u00e9s del partido. \u201cHicimos algunas pruebas entre entradas y nos sentimos lo suficientemente bien como para volver al campo, pero la molestia nunca desapareci\u00f3 del todo\u201d.<\/p>\n<p>Dos entradas m\u00e1s tarde, B\u00e1ez fue retirado del campo en camilla debido a una lesi\u00f3n en el pie derecho que sufri\u00f3 al batear un rodado al campocorto. Intentaba llegar a primera base antes de un lanzamiento alto, golpe\u00f3 la base de forma extra\u00f1a con el pie izquierdo y, al caer, su pie derecho se dobl\u00f3 bajo su pierna.<\/p>\n<p>B\u00e1ez dijo que se sent\u00eda mejor despu\u00e9s de recibir tratamiento, pero no fue suficiente para evitar un per\u00edodo en la lista de lesionados.<\/p>\n<p>Mize fue All-Star en 2025, cuando tuvo un r\u00e9cord de 14-6 con una efectividad de 3.86. Esta temporada tiene un r\u00e9cord de 2-2 con una efectividad de 2.90 en seis aperturas.<\/p>\n<p><strong>AP.<\/strong><\/p>\n<\/div>\n<\/div>\n<p><a href=\"https:\/\/www.liderendeportes.com\/noticias\/baseball\/baseball-grandes-ligas\/los-tigres-colocaron-a-baez-y-mize-en-lista-de-lesionados\/\" class=\" target=\" title=\"Los Tigres colocaron a B\u00e1ez y Mize en lista de lesionados\" target=\"_blank\" rel=\"noopener\">Ver fuente<\/a><\/p>\n","protected":false},"excerpt":{"rendered":"<p>Los\u00a0Tigres de Detroit\u00a0colocaron al lanzador Casey Mize y al jugador de cuadro Javier B\u00e1ez en la lista de lesionados el mi\u00e9rcoles luego de que cayeran en la derrota en el primer partido de la serie contra\u00a0los Bravos de Atlanta\u00a0. Mize fue incluido en la lista de lesionados de 15 d\u00edas por una distensi\u00f3n en el [&hellip;]<\/p>\n","protected":false},"author":2,"featured_media":129155,"comment_status":"open","ping_status":"closed","sticky":false,"template":"","format":"standard","meta":{"footnotes":""},"categories":[7],"tags":[],"class_list":["post-129154","post","type-post","status-publish","format-standard","has-post-thumbnail","hentry","category-deporte"],"_links":{"self":[{"href":"https:\/\/enfoquenoticioso.com\/index.php?rest_route=\/wp\/v2\/posts\/129154","targetHints":{"allow":["GET"]}}],"collection":[{"href":"https:\/\/enfoquenoticioso.com\/index.php?rest_route=\/wp\/v2\/posts"}],"about":[{"href":"https:\/\/enfoquenoticioso.com\/index.php?rest_route=\/wp\/v2\/types\/post"}],"author":[{"embeddable":true,"href":"https:\/\/enfoquenoticioso.com\/index.php?rest_route=\/wp\/v2\/users\/2"}],"replies":[{"embeddable":true,"href":"https:\/\/enfoquenoticioso.com\/index.php?rest_route=%2Fwp%2Fv2%2Fcomments&post=129154"}],"version-history":[{"count":0,"href":"https:\/\/enfoquenoticioso.com\/index.php?rest_route=\/wp\/v2\/posts\/129154\/revisions"}],"wp:featuredmedia":[{"embeddable":true,"href":"https:\/\/enfoquenoticioso.com\/index.php?rest_route=\/wp\/v2\/media\/129155"}],"wp:attachment":[{"href":"https:\/\/enfoquenoticioso.com\/index.php?rest_route=%2Fwp%2Fv2%2Fmedia&parent=129154"}],"wp:term":[{"taxonomy":"category","embeddable":true,"href":"https:\/\/enfoquenoticioso.com\/index.php?rest_route=%2Fwp%2Fv2%2Fcategories&post=129154"},{"taxonomy":"post_tag","embeddable":true,"href":"https:\/\/enfoquenoticioso.com\/index.php?rest_route=%2Fwp%2Fv2%2Ftags&post=129154"}],"curies":[{"name":"wp","href":"https:\/\/api.w.org\/{rel}","templated":true}]}}