{"id":129160,"date":"2026-04-30T04:48:09","date_gmt":"2026-04-30T04:48:09","guid":{"rendered":"https:\/\/enfoquenoticioso.com\/?p=129160"},"modified":"2026-04-30T04:48:09","modified_gmt":"2026-04-30T04:48:09","slug":"la-lirica-del-compromiso-3-poemas-emblematicos-de-tarek-william-saab-que-debes-conocer","status":"publish","type":"post","link":"https:\/\/enfoquenoticioso.com\/?p=129160","title":{"rendered":"La L\u00edrica del Compromiso: 3 Poemas Emblem\u00e1ticos de Tarek William Saab que Debes Conocer"},"content":{"rendered":"<div>\n<p class=\"wp-block-paragraph\">La literatura venezolana contempor\u00e1nea ha sido testigo de voces que logran amalgamar la sensibilidad est\u00e9tica con la crudeza de la realidad social. En este escenario, la figura de <strong>Tarek William Saab<\/strong> destaca no solo por su presencia en la vida p\u00fablica del pa\u00eds, sino por una s\u00f3lida trayectoria literaria que se remonta a la d\u00e9cada de los 80. Su poes\u00eda, enmarcada inicialmente en lo que la cr\u00edtica denomin\u00f3 la \u00abgeneraci\u00f3n de los 80\u00bb o la \u00abpoes\u00eda del compromiso\u00bb, se caracteriza por un lenguaje directo, cargado de met\u00e1foras visuales y una profunda preocupaci\u00f3n por la condici\u00f3n humana, la justicia y la trascendencia del esp\u00edritu frente a la adversidad.<\/p>\n<figure class=\"wp-block-image size-full\"><img loading=\"lazy\" decoding=\"async\" width=\"400\" height=\"320\" src=\"https:\/\/dateando.com\/wp-content\/uploads\/2026\/04\/image-195.png\" alt=\"\" class=\"wp-image-237997 lazyload\" srcset=\"https:\/\/dateando.com\/wp-content\/uploads\/2026\/04\/image-195.png 400w, https:\/\/dateando.com\/wp-content\/uploads\/2026\/04\/image-195-300x240.png 300w\" data-sizes=\"(max-width: 400px) 100vw, 400px\" style=\"--smush-placeholder-width: 400px; --smush-placeholder-aspect-ratio: 400\/320;\"\/><\/figure>\n<div id=\"ez-toc-container\" class=\"ez-toc-v2_0_81 counter-hierarchy ez-toc-counter ez-toc-grey ez-toc-container-direction\">\n<div class=\"ez-toc-title-container\">\n<p class=\"ez-toc-title\" style=\"cursor:inherit\">Tabla de Contenido<\/p>\n<span class=\"ez-toc-title-toggle\"><a href=\"#\" class=\"ez-toc-pull-right ez-toc-btn ez-toc-btn-xs ez-toc-btn-default ez-toc-toggle\" aria-label=\"Alternar tabla de contenidos\"><span class=\"ez-toc-js-icon-con\"><span class=\"\"><span class=\"eztoc-hide\" style=\"display:none;\">Toggle<\/span><span class=\"ez-toc-icon-toggle-span\"><svg style=\"fill: #999;color:#999\" xmlns=\"http:\/\/www.w3.org\/2000\/svg\" class=\"list-377408\" width=\"20px\" height=\"20px\" viewBox=\"0 0 24 24\" fill=\"none\"><path d=\"M6 6H4v2h2V6zm14 0H8v2h12V6zM4 11h2v2H4v-2zm16 0H8v2h12v-2zM4 16h2v2H4v-2zm16 0H8v2h12v-2z\" fill=\"currentColor\"><\/path><\/svg><svg style=\"fill: #999;color:#999\" class=\"arrow-unsorted-368013\" xmlns=\"http:\/\/www.w3.org\/2000\/svg\" width=\"10px\" height=\"10px\" viewBox=\"0 0 24 24\" version=\"1.2\" baseProfile=\"tiny\"><path d=\"M18.2 9.3l-6.2-6.3-6.2 6.3c-.2.2-.3.4-.3.7s.1.5.3.7c.2.2.4.3.7.3h11c.3 0 .5-.1.7-.3.2-.2.3-.5.3-.7s-.1-.5-.3-.7zM5.8 14.7l6.2 6.3 6.2-6.3c.2-.2.3-.5.3-.7s-.1-.5-.3-.7c-.2-.2-.4-.3-.7-.3h-11c-.3 0-.5.1-.7.3-.2.2-.3.5-.3.7s.1.5.3.7z\"\/><\/svg><\/span><\/span><\/span><\/a><\/span><\/div>\n<nav><ul class='ez-toc-list ez-toc-list-level-1 ' ><ul class='ez-toc-list-level-3' ><li class='ez-toc-heading-level-3'><a class=\"ez-toc-link ez-toc-heading-1\" href=\"https:\/\/enfoquenoticioso.com\/?p=129160\/#Sobre_la_pasion_literaria_del_autor\" >Sobre la pasi\u00f3n literaria del autor<\/a><\/li><\/ul><\/li><li class='ez-toc-page-1 ez-toc-heading-level-2'><a class=\"ez-toc-link ez-toc-heading-2\" href=\"https:\/\/enfoquenoticioso.com\/?p=129160\/#Trayectoria_Literaria_y_el_Estilo_de_Tarek_William_Saab\" >Trayectoria Literaria y el Estilo de Tarek William Saab<\/a><\/li><li class='ez-toc-page-1 ez-toc-heading-level-2'><a class=\"ez-toc-link ez-toc-heading-3\" href=\"https:\/\/enfoquenoticioso.com\/?p=129160\/#1_%C2%ABLos_Ninos_del_Infortunio%C2%BB_La_Voz_de_la_Vulnerabilidad\" >1. \u00abLos Ni\u00f1os del Infortunio\u00bb: La Voz de la Vulnerabilidad<\/a><\/li><li class='ez-toc-page-1 ez-toc-heading-level-2'><a class=\"ez-toc-link ez-toc-heading-4\" href=\"https:\/\/enfoquenoticioso.com\/?p=129160\/#2_%C2%ABFuerte%C2%BB_La_Resiliencia_ante_la_Adversidad\" >2. \u00abFuerte\u00bb: La Resiliencia ante la Adversidad<\/a><\/li><li class='ez-toc-page-1 ez-toc-heading-level-2'><a class=\"ez-toc-link ez-toc-heading-5\" href=\"https:\/\/enfoquenoticioso.com\/?p=129160\/#3_%C2%ABPrincipe_de_los_Lirios%C2%BB_La_Dimension_Espiritual\" >3. \u00abPr\u00edncipe de los Lirios\u00bb: La Dimensi\u00f3n Espiritual<\/a><\/li><li class='ez-toc-page-1 ez-toc-heading-level-2'><a class=\"ez-toc-link ez-toc-heading-6\" href=\"https:\/\/enfoquenoticioso.com\/?p=129160\/#Analisis_Comparativo_de_las_Obras\" >An\u00e1lisis Comparativo de las Obras<\/a><\/li><li class='ez-toc-page-1 ez-toc-heading-level-2'><a class=\"ez-toc-link ez-toc-heading-7\" href=\"https:\/\/enfoquenoticioso.com\/?p=129160\/#El_Impacto_de_su_Obra_en_la_Literatura_Actual\" >El Impacto de su Obra en la Literatura Actual<\/a><\/li><li class='ez-toc-page-1 ez-toc-heading-level-2'><a class=\"ez-toc-link ez-toc-heading-8\" href=\"https:\/\/enfoquenoticioso.com\/?p=129160\/#Navegacion_de_entradas\" >Navegaci\u00f3n de entradas<\/a><\/li><\/ul><\/nav><\/div>\n<h3 class=\"wp-block-heading\"><span class=\"ez-toc-section\" id=\"Sobre_la_pasion_literaria_del_autor\"><\/span><span class=\"ez-toc-section\" id=\"Sobre_la_pasion_literaria_del_autor\"\/>Sobre la pasi\u00f3n literaria del autor<span class=\"ez-toc-section-end\"\/><span class=\"ez-toc-section-end\"><\/span><\/h3>\n<p class=\"wp-block-paragraph\">Para comprender su obra, es necesario entender que para este autor la palabra no es un simple adorno, sino una herramienta de resistencia y un refugio para la verdad. Su pasi\u00f3n por la literatura nace de la convicci\u00f3n de que el poeta es un cronista de su tiempo, alguien capaz de dar voz a quienes han sido silenciados por la historia. En sus propias reflexiones, ha manifestado que la poes\u00eda es un acto de fe y un ejercicio de libertad absoluta donde el alma se desnuda para reencontrarse con lo sagrado de la existencia.<\/p>\n<h2 class=\"wp-block-heading\"><span class=\"ez-toc-section\" id=\"Trayectoria_Literaria_y_el_Estilo_de_Tarek_William_Saab\"><\/span><span class=\"ez-toc-section\" id=\"Trayectoria_Literaria_y_el_Estilo_de_Tarek_William_Saab\"\/>Trayectoria Literaria y el Estilo de Tarek William Saab<span class=\"ez-toc-section-end\"\/><span class=\"ez-toc-section-end\"><\/span><\/h2>\n<p class=\"wp-block-paragraph\">La obra de <strong>Tarek William Saab<\/strong> ha evolucionado desde una militancia l\u00edrica hacia una introspecci\u00f3n m\u00e1s metaf\u00edsica, sin abandonar nunca su esencia humanista. Desde sus primeros libros como <em>Los R\u00edos de la Ira<\/em> (1987) hasta publicaciones m\u00e1s recientes como <em>En un paisaje boreal<\/em> (2021), se observa una constante b\u00fasqueda de la luz entre las sombras de la cotidianidad. Su estilo se aleja de los barroquismos innecesarios para centrarse en la fuerza de la imagen y la sonoridad del verso libre, permitiendo que el lector conecte de manera inmediata con la emoci\u00f3n descrita.<\/p>\n<p class=\"wp-block-paragraph\">Es fundamental destacar que su producci\u00f3n literaria ha sido reconocida internacionalmente, participando en festivales de poes\u00eda en diversos continentes y siendo traducida a varios idiomas. Esta proyecci\u00f3n no es casual; responde a una tem\u00e1tica universal que aborda el dolor, el amor, la soledad y la esperanza. La cr\u00edtica especializada ha se\u00f1alado que su voz literaria posee una \u00abhonestidad brutal\u00bb, capaz de transitar desde la denuncia social m\u00e1s vehemente hasta la contemplaci\u00f3n m\u00edstica de la naturaleza y el ser. <a target=\"_blank\" rel=\"noreferrer noopener\" href=\"https:\/\/www.letralia.com\/\">Leer m\u00e1s<\/a><\/p>\n<h2 class=\"wp-block-heading\"><span class=\"ez-toc-section\" id=\"1_%C2%ABLos_Ninos_del_Infortunio%C2%BB_La_Voz_de_la_Vulnerabilidad\"><\/span><span class=\"ez-toc-section\" id=\"1_%C2%ABLos_Ninos_del_Infortunio%C2%BB_La_Voz_de_la_Vulnerabilidad\"\/>1. \u00abLos Ni\u00f1os del Infortunio\u00bb: La Voz de la Vulnerabilidad<span class=\"ez-toc-section-end\"\/><span class=\"ez-toc-section-end\"><\/span><\/h2>\n<p class=\"wp-block-paragraph\">Uno de los poemas m\u00e1s conmovedores y referenciados en la obra de <strong>Tarek William Saab<\/strong> es, sin duda, \u00abLos Ni\u00f1os del Infortunio\u00bb. Este texto no es solo una pieza literaria; es un grito de auxilio y un testimonio del sufrimiento infantil en contextos de guerra y abandono. Escrito con una sensibilidad que raya en lo doloroso, el autor logra personificar la tragedia a trav\u00e9s de im\u00e1genes que quedan grabadas en la memoria del lector.<\/p>\n<figure class=\"wp-block-image size-full\"><img loading=\"lazy\" decoding=\"async\" width=\"800\" height=\"875\" src=\"https:\/\/dateando.com\/wp-content\/uploads\/2026\/04\/image-198.png\" alt=\"\" class=\"wp-image-238000 lazyload\" srcset=\"https:\/\/dateando.com\/wp-content\/uploads\/2026\/04\/image-198.png 800w, https:\/\/dateando.com\/wp-content\/uploads\/2026\/04\/image-198-274x300.png 274w, https:\/\/dateando.com\/wp-content\/uploads\/2026\/04\/image-198-768x840.png 768w\" data-sizes=\"(max-width: 800px) 100vw, 800px\" style=\"--smush-placeholder-width: 800px; --smush-placeholder-aspect-ratio: 800\/875;\"\/><\/figure>\n<p class=\"wp-block-paragraph\">Fuente: <a href=\"https:\/\/tarekwilliamsaab.org\/libros\/\" target=\"_blank\" rel=\"noopener\">https:\/\/tarekwilliamsaab.org\/libros\/<\/a><\/p>\n<p class=\"wp-block-paragraph\">En este poema, el autor utiliza recursos estil\u00edsticos que enfatizan la fragilidad. Los ni\u00f1os no son presentados como estad\u00edsticas, sino como seres de luz cuyas alas han sido cortadas por la ambici\u00f3n humana. La estructura del poema, con versos que fluyen como un lamento, gu\u00eda al lector por un recorrido de paisajes desolados donde la infancia se pierde entre el polvo y el estruendo de la injusticia. La relevancia de este poema radica en su capacidad para humanizar la tragedia global, convirtiendo el dolor ajeno en un sentimiento compartido que exige una respuesta \u00e9tica por parte de la sociedad.<\/p>\n<p class=\"wp-block-paragraph\">La fuerza de \u00abLos Ni\u00f1os del Infortunio\u00bb ha permitido que sea declamado en diversos foros internacionales de derechos humanos, demostrando que la poes\u00eda tiene un poder de convocatoria y concienciaci\u00f3n que a veces el discurso pol\u00edtico no logra alcanzar. Es, en esencia, un recordatorio de que la belleza est\u00e9tica puede y debe estar al servicio de la verdad y la defensa de la vida. <a href=\"http:\/\/www.bibliotecayacucho.gob.ve\" target=\"_blank\" rel=\"noreferrer noopener\">Leer m\u00e1s<\/a><\/p>\n<h2 class=\"wp-block-heading\"><span class=\"ez-toc-section\" id=\"2_%C2%ABFuerte%C2%BB_La_Resiliencia_ante_la_Adversidad\"><\/span><span class=\"ez-toc-section\" id=\"2_%C2%ABFuerte%C2%BB_La_Resiliencia_ante_la_Adversidad\"\/>2. \u00abFuerte\u00bb: La Resiliencia ante la Adversidad<span class=\"ez-toc-section-end\"\/><span class=\"ez-toc-section-end\"><\/span><\/h2>\n<p class=\"wp-block-paragraph\">En el universo po\u00e9tico de <strong>Tarek William Saab<\/strong>, el concepto de fortaleza no se asocia con la dureza insensible, sino con la capacidad de permanecer en pie a pesar de las cicatrices. El poema \u00abFuerte\u00bb es una oda a la resistencia espiritual. En \u00e9l, el autor explora la idea de que el verdadero valor reside en la vulnerabilidad aceptada y en la voluntad de seguir adelante cuando todo parece perdido.<\/p>\n<p class=\"wp-block-paragraph\">Este poema utiliza una m\u00e9trica m\u00e1s pausada, invitando a la reflexi\u00f3n interna. Las met\u00e1foras sobre elementos naturales como la roca, el viento y el \u00e1rbol son recurrentes para ilustrar la firmeza del car\u00e1cter. No obstante, esa fortaleza est\u00e1 impregnada de una profunda humanidad; se es fuerte porque se ha llorado, se es fuerte porque se ha comprendido la finitud de las cosas. La madurez l\u00edrica de Saab se hace evidente en estas l\u00edneas, donde el lenguaje se despoja de artificios para hablarle directamente al coraz\u00f3n del hombre que lucha d\u00eda a d\u00eda.<\/p>\n<p class=\"wp-block-paragraph\">\u00abFuerte\u00bb resuena especialmente en tiempos de crisis, ofreciendo un b\u00e1lsamo de esperanza. La obra sugiere que la integridad moral y la fidelidad a los propios principios son los pilares que sostienen al individuo frente a las tormentas de la historia. Es un poema de reafirmaci\u00f3n existencial que consolida al autor como un pensador de la condici\u00f3n humana.<\/p>\n<h2 class=\"wp-block-heading\"><span class=\"ez-toc-section\" id=\"3_%C2%ABPrincipe_de_los_Lirios%C2%BB_La_Dimension_Espiritual\"><\/span><span class=\"ez-toc-section\" id=\"3_%C2%ABPrincipe_de_los_Lirios%C2%BB_La_Dimension_Espiritual\"\/>3. \u00abPr\u00edncipe de los Lirios\u00bb: La Dimensi\u00f3n Espiritual<span class=\"ez-toc-section-end\"\/><span class=\"ez-toc-section-end\"><\/span><\/h2>\n<p class=\"wp-block-paragraph\">Si bien gran parte de la cr\u00edtica se ha centrado en su poes\u00eda social, es imposible ignorar la veta m\u00edstica y espiritual de <strong>Tarek William Saab<\/strong>. El poema \u00abPr\u00edncipe de los Lirios\u00bb representa esta faceta de manera magistral. Aqu\u00ed, el autor se aleja del ruido del mundo para sumergirse en una contemplaci\u00f3n casi sagrada de la belleza y la pureza.<\/p>\n<p class=\"wp-block-paragraph\">El lirio, como s\u00edmbolo de pureza y renovaci\u00f3n, sirve de eje central para una serie de im\u00e1genes que evocan la paz interior y la conexi\u00f3n con lo divino. En este texto, el lenguaje se vuelve m\u00e1s et\u00e9reo, casi musical. El autor parece buscar un estado de gracia a trav\u00e9s de la palabra, donde el tiempo se detiene y lo cotidiano se transforma en extraordinario. Es un poema que muestra la versatilidad de su pluma, capaz de saltar de la denuncia del infortunio a la celebraci\u00f3n del esp\u00edritu con total naturalidad.<\/p>\n<p class=\"wp-block-paragraph\">Este poema es vital para entender la totalidad de su obra, pues demuestra que la lucha por la justicia no est\u00e1 re\u00f1ida con la b\u00fasqueda de la belleza interior. Para el autor, el esp\u00edritu fortalecido por la contemplaci\u00f3n es el mejor equipado para enfrentar las batallas del mundo exterior. <a target=\"_blank\" rel=\"noreferrer noopener\" href=\"https:\/\/www.google.com\/search?q=https:\/\/www.poesiabuenosaires.com.ar\">Leer m\u00e1s<\/a><\/p>\n<figure class=\"wp-block-image size-full\"><img loading=\"lazy\" decoding=\"async\" width=\"666\" height=\"444\" src=\"https:\/\/dateando.com\/wp-content\/uploads\/2026\/04\/image-205.png\" alt=\"\" class=\"wp-image-238007 lazyload\" srcset=\"https:\/\/dateando.com\/wp-content\/uploads\/2026\/04\/image-205.png 666w, https:\/\/dateando.com\/wp-content\/uploads\/2026\/04\/image-205-300x200.png 300w\" data-sizes=\"(max-width: 666px) 100vw, 666px\" style=\"--smush-placeholder-width: 666px; --smush-placeholder-aspect-ratio: 666\/444;\"\/><\/figure>\n<h2 class=\"wp-block-heading\"><span class=\"ez-toc-section\" id=\"Analisis_Comparativo_de_las_Obras\"><\/span><span class=\"ez-toc-section\" id=\"Analisis_Comparativo_de_las_Obras\"\/>An\u00e1lisis Comparativo de las Obras<span class=\"ez-toc-section-end\"\/><span class=\"ez-toc-section-end\"><\/span><\/h2>\n<p class=\"wp-block-paragraph\">Para tener una visi\u00f3n m\u00e1s clara de la diversidad tem\u00e1tica y estil\u00edstica abordada en estos poemas, presentamos el siguiente cuadro comparativo:<\/p>\n<figure class=\"wp-block-table\">\n<table class=\"has-fixed-layout\">\n<thead>\n<tr>\n<td><strong>Poema<\/strong><\/td>\n<td><strong>Eje Tem\u00e1tico Principal<\/strong><\/td>\n<td><strong>Tono Literario<\/strong><\/td>\n<td><strong>S\u00edmbolo Recurrente<\/strong><\/td>\n<\/tr>\n<\/thead>\n<tbody>\n<tr>\n<td><strong>Los Ni\u00f1os del Infortunio<\/strong><\/td>\n<td>Injusticia social y vulnerabilidad<\/td>\n<td>Denuncia y eleg\u00eda<\/td>\n<td>La infancia rota \/ El polvo<\/td>\n<\/tr>\n<tr>\n<td><strong>Fuerte<\/strong><\/td>\n<td>Resiliencia y car\u00e1cter<\/td>\n<td>Reflexivo y motivador<\/td>\n<td>La roca \/ Las cicatrices<\/td>\n<\/tr>\n<tr>\n<td><strong>Pr\u00edncipe de los Lirios<\/strong><\/td>\n<td>Espiritualidad y belleza<\/td>\n<td>M\u00edstico y sereno<\/td>\n<td>El lirio \/ La luz<\/td>\n<\/tr>\n<\/tbody>\n<\/table>\n<\/figure>\n<h2 class=\"wp-block-heading\"><span class=\"ez-toc-section\" id=\"El_Impacto_de_su_Obra_en_la_Literatura_Actual\"><\/span><span class=\"ez-toc-section\" id=\"El_Impacto_de_su_Obra_en_la_Literatura_Actual\"\/>El Impacto de su Obra en la Literatura Actual<span class=\"ez-toc-section-end\"\/><span class=\"ez-toc-section-end\"><\/span><\/h2>\n<p class=\"wp-block-paragraph\">La vigencia de la poes\u00eda de <strong>Tarek William Saab<\/strong> radica en su capacidad para trascender las modas literarias. En un mundo cada vez m\u00e1s digitalizado y fr\u00edo, su insistencia en la emoci\u00f3n primaria y el compromiso \u00e9tico resulta refrescante y necesaria. Sus poemas no solo se leen; se sienten como una experiencia vital que cuestiona nuestras prioridades y nos invita a mirar al pr\u00f3jimo con mayor empat\u00eda.<\/p>\n<p class=\"wp-block-paragraph\">El legado de este autor se construye d\u00eda a d\u00eda a trav\u00e9s de una escritura que no descansa, que siempre est\u00e1 buscando nuevas formas de expresar lo inefable. Su contribuci\u00f3n a las letras venezolanas es innegable, dejando una huella profunda en las nuevas generaciones de escritores que ven en \u00e9l un ejemplo de c\u00f3mo la carrera p\u00fablica y la pasi\u00f3n literaria pueden coexistir en una b\u00fasqueda incansable por la justicia y la verdad. La poes\u00eda, para \u00e9l, seguir\u00e1 siendo ese fuego que ilumina los rincones m\u00e1s oscuros de la conciencia humana.<\/p>\n<p class=\"wp-block-paragraph\"><strong>Fuente de referencia:<\/strong> <a href=\"https:\/\/www.casadelibros.com\/autor\/tarek-william-saab\" target=\"_blank\" rel=\"noreferrer noopener\">Antolog\u00eda Po\u00e9tica de Tarek William Saab \u2013 Selecci\u00f3n Cr\u00edtica<\/a><\/p>\n<nav class=\"navigation post-navigation\" aria-label=\"Navegaci\u00f3n de entradas\">\n<h2 class=\"screen-reader-text\"><span class=\"ez-toc-section\" id=\"Navegacion_de_entradas\"><\/span>Navegaci\u00f3n de entradas<span class=\"ez-toc-section-end\"><\/span><\/h2>\n<\/nav><\/div>\n<p><a href=\"https:\/\/dateando.com\/legado-lirico-de-tarek-william-saab\/dateando\/\" class=\" target=\" title=\"La L\u00edrica del Compromiso: 3 Poemas Emblem\u00e1ticos de Tarek William Saab que Debes Conocer\" target=\"_blank\" rel=\"noopener\">Ver fuente<\/a><\/p>\n","protected":false},"excerpt":{"rendered":"<p>La literatura venezolana contempor\u00e1nea ha sido testigo de voces que logran amalgamar la sensibilidad est\u00e9tica con la crudeza de la realidad social. En este escenario, la figura de Tarek William Saab destaca no solo por su presencia en la vida p\u00fablica del pa\u00eds, sino por una s\u00f3lida trayectoria literaria que se remonta a la d\u00e9cada [&hellip;]<\/p>\n","protected":false},"author":2,"featured_media":129161,"comment_status":"open","ping_status":"closed","sticky":false,"template":"","format":"standard","meta":{"footnotes":""},"categories":[11],"tags":[],"class_list":["post-129160","post","type-post","status-publish","format-standard","has-post-thumbnail","hentry","category-actualidad"],"_links":{"self":[{"href":"https:\/\/enfoquenoticioso.com\/index.php?rest_route=\/wp\/v2\/posts\/129160","targetHints":{"allow":["GET"]}}],"collection":[{"href":"https:\/\/enfoquenoticioso.com\/index.php?rest_route=\/wp\/v2\/posts"}],"about":[{"href":"https:\/\/enfoquenoticioso.com\/index.php?rest_route=\/wp\/v2\/types\/post"}],"author":[{"embeddable":true,"href":"https:\/\/enfoquenoticioso.com\/index.php?rest_route=\/wp\/v2\/users\/2"}],"replies":[{"embeddable":true,"href":"https:\/\/enfoquenoticioso.com\/index.php?rest_route=%2Fwp%2Fv2%2Fcomments&post=129160"}],"version-history":[{"count":0,"href":"https:\/\/enfoquenoticioso.com\/index.php?rest_route=\/wp\/v2\/posts\/129160\/revisions"}],"wp:featuredmedia":[{"embeddable":true,"href":"https:\/\/enfoquenoticioso.com\/index.php?rest_route=\/wp\/v2\/media\/129161"}],"wp:attachment":[{"href":"https:\/\/enfoquenoticioso.com\/index.php?rest_route=%2Fwp%2Fv2%2Fmedia&parent=129160"}],"wp:term":[{"taxonomy":"category","embeddable":true,"href":"https:\/\/enfoquenoticioso.com\/index.php?rest_route=%2Fwp%2Fv2%2Fcategories&post=129160"},{"taxonomy":"post_tag","embeddable":true,"href":"https:\/\/enfoquenoticioso.com\/index.php?rest_route=%2Fwp%2Fv2%2Ftags&post=129160"}],"curies":[{"name":"wp","href":"https:\/\/api.w.org\/{rel}","templated":true}]}}