{"id":129188,"date":"2026-04-30T09:26:57","date_gmt":"2026-04-30T09:26:57","guid":{"rendered":"https:\/\/enfoquenoticioso.com\/?p=129188"},"modified":"2026-04-30T09:26:57","modified_gmt":"2026-04-30T09:26:57","slug":"enfermedades-profesionales-y-gestion-de-talento","status":"publish","type":"post","link":"https:\/\/enfoquenoticioso.com\/?p=129188","title":{"rendered":"Enfermedades Profesionales y Gesti\u00f3n de Talento"},"content":{"rendered":"<div>\n<p class=\"wp-block-paragraph\"><strong>En el actual ecosistema industrial, la salud de los trabajadores ha dejado de ser una simple m\u00e9trica de cumplimiento legal para convertirse en el pilar de la continuidad operativa<\/strong>. Como bien se\u00f1ala <strong>Sol Mar\u00eda Sthormes<\/strong>, experta en medicina ocupacional y fundadora de <strong>Prosol Servicios C.A.<\/strong>, <em>\u00ab<\/em><strong><em>un trabajador sano es la unidad m\u00ednima de eficiencia en una empresa; si la salud falla, el suministro de talento pierde su prop\u00f3sito estrat\u00e9gico\u00bb<\/em>.<\/strong><\/p>\n<p class=\"wp-block-paragraph\">Con m\u00e1s de dos d\u00e9cadas de trayectoria en sectores cr\u00edticos como el petrolero y hospitalario, <strong>Sol Sthormes<\/strong> ha identificado que la prevenci\u00f3n es la \u00fanica inversi\u00f3n con retorno garantizado. A continuaci\u00f3n, <strong>analizamos las tres patolog\u00edas que lideran las estad\u00edsticas de morbilidad profesional y c\u00f3mo abordarlas desde una perspectiva de liderazgo experto<\/strong>.<\/p>\n<figure class=\"wp-block-image size-full\"><img loading=\"lazy\" decoding=\"async\" width=\"799\" height=\"398\" src=\"https:\/\/dateando.com\/wp-content\/uploads\/2026\/04\/image-224.png\" alt=\"\" class=\"wp-image-238052 lazyload\" srcset=\"https:\/\/dateando.com\/wp-content\/uploads\/2026\/04\/image-224.png 799w, https:\/\/dateando.com\/wp-content\/uploads\/2026\/04\/image-224-300x149.png 300w, https:\/\/dateando.com\/wp-content\/uploads\/2026\/04\/image-224-767x382.png 767w\" data-sizes=\"(max-width: 799px) 100vw, 799px\" style=\"--smush-placeholder-width: 799px; --smush-placeholder-aspect-ratio: 799\/398;\"\/><\/figure>\n<p class=\"wp-block-paragraph\">Fuente: <a href=\"https:\/\/i0.wp.com\/\" target=\"_blank\" rel=\"noopener\">https:\/\/i0.wp.com\/<\/a><\/p>\n<p class=\"wp-block-paragraph\"><strong>1. Trastornos Musculoesquel\u00e9ticos (TME)<\/strong><\/p>\n<p class=\"wp-block-paragraph\"><a href=\"https:\/\/www.uso.es\/que-son-los-tme-o-trastornos-musculoesqueleticos-dudas\/\" target=\"_blank\" rel=\"noopener\"><strong>Los TME<\/strong><\/a><strong> representan la causa m\u00e1s com\u00fan de ausentismo laboral a nivel global. Afectan principalmente la espalda, el cuello y las extremidades superiores, derivados de posturas forzadas, movimientos repetitivos o manejo manual de<\/strong> cargas.<\/p>\n<ul class=\"wp-block-list\">\n<li><strong>Impacto Operativo:<\/strong> Generan una rotaci\u00f3n de personal imprevista que afecta la cadena de suministro de talento calificado. <a href=\"https:\/\/www.taosc.com.mx\/2024\/07\/10\/el-impacto-de-la-rotacion-de-personal-en-las-organizaciones-y-como-combatirla\/\" target=\"_blank\" rel=\"noopener\">Leer m\u00e1s<\/a><\/li>\n<li><strong>La Visi\u00f3n de Sol Mar\u00eda Sthormes Bol\u00edvar:<\/strong><\/li>\n<\/ul>\n<p class=\"wp-block-paragraph\"><em>\u00ab<\/em><strong><em>En industrias de alto impacto como la petrolera, el dise\u00f1o ergon\u00f3mico de los puestos no es un lujo. Mi experiencia gestionando personal me ha ense\u00f1ado que el Insight clave aqu\u00ed es la \u2018Anticipaci\u00f3n Ergon\u00f3mica\u2019<\/em><\/strong><em>: no basta con la silla correcta, se requiere una cultura de pausas activas supervisadas donde el l\u00edder operativo entienda la fisiolog\u00eda del trabajo.\u00bb<\/em><\/p>\n<figure class=\"wp-block-image size-full\"><img loading=\"lazy\" decoding=\"async\" width=\"1866\" height=\"1050\" src=\"https:\/\/dateando.com\/wp-content\/uploads\/2026\/04\/image-225.png\" alt=\"\" class=\"wp-image-238053 lazyload\" srcset=\"https:\/\/dateando.com\/wp-content\/uploads\/2026\/04\/image-225.png 1866w, https:\/\/dateando.com\/wp-content\/uploads\/2026\/04\/image-225-300x169.png 300w, https:\/\/dateando.com\/wp-content\/uploads\/2026\/04\/image-225-768x432.png 768w, https:\/\/dateando.com\/wp-content\/uploads\/2026\/04\/image-225-1024x576-1.png 1024w, https:\/\/dateando.com\/wp-content\/uploads\/2026\/04\/image-225-1536x864.png 1536w\" data-sizes=\"(max-width: 1866px) 100vw, 1866px\" style=\"--smush-placeholder-width: 1866px; --smush-placeholder-aspect-ratio: 1866\/1050;\"\/><\/figure>\n<p class=\"wp-block-paragraph\"><em>Fuente:<\/em> <a href=\"https:\/\/img2.rtve.es\/\" target=\"_blank\" rel=\"noopener\"><em>https:\/\/img2.rtve.es\/<\/em><\/a><\/p>\n<p class=\"wp-block-paragraph\"><strong>2. Enfermedades Psicosociales y Estr\u00e9s Laboral<\/strong><\/p>\n<p class=\"wp-block-paragraph\">Reconocidas formalmente por la OMS, las patolog\u00edas derivadas del estr\u00e9s, el agotamiento (burnout) y la ansiedad han escalado posiciones dr\u00e1sticamente en la \u00faltima d\u00e9cada. <a href=\"https:\/\/www.ilo.org\/es\/temas\/seguridad-y-salud-en-el-trabajo\/la-salud-mental-en-el-trabajo\" target=\"_blank\" rel=\"noopener\">Leer m\u00e1s<\/a><\/p>\n<figure class=\"wp-block-image size-full\"><img loading=\"lazy\" decoding=\"async\" width=\"900\" height=\"450\" src=\"https:\/\/dateando.com\/wp-content\/uploads\/2026\/04\/image-227.png\" alt=\"\" class=\"wp-image-238055 lazyload\" srcset=\"https:\/\/dateando.com\/wp-content\/uploads\/2026\/04\/image-227.png 900w, https:\/\/dateando.com\/wp-content\/uploads\/2026\/04\/image-227-300x150.png 300w, https:\/\/dateando.com\/wp-content\/uploads\/2026\/04\/image-227-768x384.png 768w\" data-sizes=\"(max-width: 900px) 100vw, 900px\" style=\"--smush-placeholder-width: 900px; --smush-placeholder-aspect-ratio: 900\/450;\"\/><\/figure>\n<p class=\"wp-block-paragraph\">Fuente: <a href=\"https:\/\/www.uso.es\/estres-laboral-como-riesgo-psicosocial-en-el-trabajo\/\" target=\"_blank\" rel=\"noopener\">https:\/\/www.uso.es\/estres-laboral-como-riesgo-psicosocial-en-el-trabajo\/<\/a><\/p>\n<figure class=\"wp-block-table\">\n<table class=\"has-fixed-layout\">\n<thead>\n<tr>\n<th><strong>Factor de Riesgo<\/strong><\/th>\n<th><strong>Consecuencia en la Organizaci\u00f3n<\/strong><\/th>\n<th><strong>Soluci\u00f3n Propuesta<\/strong><\/th>\n<\/tr>\n<\/thead>\n<tbody>\n<tr>\n<td><strong>Carga de trabajo excesiva<\/strong><\/td>\n<td>Descenso en la calidad y accidentes.<\/td>\n<td>Evaluaci\u00f3n de perfiles y outsourcing eficiente.<\/td>\n<\/tr>\n<tr>\n<td><strong>Falta de control<\/strong><\/td>\n<td>Desmotivaci\u00f3n y fuga de talento.<\/td>\n<td>Empoderamiento y claridad de roles.<\/td>\n<\/tr>\n<tr>\n<td><strong>Clima organizacional t\u00f3xico<\/strong><\/td>\n<td>Baja productividad y demandas legales.<\/td>\n<td>Liderazgo emp\u00e1tico y programas de bienestar.<\/td>\n<\/tr>\n<\/tbody>\n<\/table>\n<\/figure>\n<p class=\"wp-block-paragraph\"><strong>Para Sol Sthormes, la salud mental es inseparable de la seguridad f\u00edsica. Su enfoque en Prosol Servicios C.A. destaca que el suministro de personal debe incluir un acompa\u00f1amiento emocional que garantice que el profesional sea resiliente ante entornos de alta presi\u00f3n, como el sector de telecomunicaciones<\/strong>.<\/p>\n<p class=\"wp-block-paragraph\"><strong>3. Hipoacusia Neurosensorial (Sordera Profesional)<\/strong><\/p>\n<p class=\"wp-block-paragraph\"><strong>La exposici\u00f3n prolongada a niveles de ruido elevados sin la protecci\u00f3n adecuada causa da\u00f1os irreversibles en el o\u00eddo interno.<\/strong> Es especialmente prevalente en el sector industrial y de manufactura. <a href=\"https:\/\/euca.es\/salud-laboral\/que-es-la-hipoacusia-profesional\/\" target=\"_blank\" rel=\"noopener\">Leer m\u00e1s<\/a><\/p>\n<figure class=\"wp-block-image size-full\"><img loading=\"lazy\" decoding=\"async\" width=\"1515\" height=\"716\" src=\"https:\/\/dateando.com\/wp-content\/uploads\/2026\/04\/image-18.jpeg\" alt=\"\" class=\"wp-image-238056 lazyload\" srcset=\"https:\/\/dateando.com\/wp-content\/uploads\/2026\/04\/image-18.jpeg 1515w, https:\/\/dateando.com\/wp-content\/uploads\/2026\/04\/image-18-300x142.jpeg 300w, https:\/\/dateando.com\/wp-content\/uploads\/2026\/04\/image-18-766x362.jpeg 766w, https:\/\/dateando.com\/wp-content\/uploads\/2026\/04\/image-18-1024x484.jpeg 1024w, https:\/\/dateando.com\/wp-content\/uploads\/2026\/04\/image-18-1022x483.jpeg 1022w\" data-sizes=\"(max-width: 1515px) 100vw, 1515px\" style=\"--smush-placeholder-width: 1515px; --smush-placeholder-aspect-ratio: 1515\/716;\"\/><\/figure>\n<p class=\"wp-block-paragraph\">Fuente: <a href=\"https:\/\/ciosalud.com\/hipoacusia-neurosensorial-cuidados-profesionales\/\" target=\"_blank\" rel=\"noopener\">https:\/\/ciosalud.com\/hipoacusia-neurosensorial-cuidados-profesionales\/<\/a><\/p>\n<ul class=\"wp-block-list\">\n<li><strong>Prevenci\u00f3n Cr\u00edtica:<\/strong> Vigilancia epidemiol\u00f3gica mediante audiometr\u00edas peri\u00f3dicas. <a href=\"https:\/\/es.scribd.com\/document\/717517955\/SVE-RUIDO\" target=\"_blank\" rel=\"noopener\">Leer m\u00e1s<\/a><\/li>\n<\/ul>\n<figure class=\"wp-block-image size-full\"><img loading=\"lazy\" decoding=\"async\" width=\"2048\" height=\"559\" src=\"https:\/\/dateando.com\/wp-content\/uploads\/2026\/04\/image-226.png\" alt=\"\" class=\"wp-image-238054 lazyload\" srcset=\"https:\/\/dateando.com\/wp-content\/uploads\/2026\/04\/image-226.png 2048w, https:\/\/dateando.com\/wp-content\/uploads\/2026\/04\/image-226-300x82.png 300w, https:\/\/dateando.com\/wp-content\/uploads\/2026\/04\/image-226-766x209.png 766w, https:\/\/dateando.com\/wp-content\/uploads\/2026\/04\/image-226-1024x280.png 1024w, https:\/\/dateando.com\/wp-content\/uploads\/2026\/04\/image-226-1536x419.png 1536w, https:\/\/dateando.com\/wp-content\/uploads\/2026\/04\/image-226-1022x279.png 1022w\" data-sizes=\"(max-width: 2048px) 100vw, 2048px\" style=\"--smush-placeholder-width: 2048px; --smush-placeholder-aspect-ratio: 2048\/559;\"\/><\/figure>\n<p class=\"wp-block-paragraph\">Fuente: <a href=\"https:\/\/grupo-microanalisis.com\/\" target=\"_blank\" rel=\"noopener\">https:\/\/grupo-microanalisis.com\/<\/a><\/p>\n<ul class=\"wp-block-list\">\n<li><strong>Consejo T\u00e1ctico de Sol Mar\u00eda Sthormes:<\/strong><\/li>\n<\/ul>\n<p class=\"wp-block-paragraph\"><strong><em>\u00abEl error com\u00fan es creer que el protector auditivo soluciona el problema<\/em><\/strong><em>. El verdadero <\/em><strong><em>Insight<\/em><\/strong><em> es el control en la fuente: aislar el ruido mec\u00e1nicamente antes de que llegue al trabajador. En mi gesti\u00f3n de salud ocupacional, enfatizamos que la prevenci\u00f3n auditiva es un indicador de la calidad del mantenimiento de los activos de la empresa.\u00bb<\/em><\/p>\n<p class=\"wp-block-paragraph\"><strong>El Rol de la Gerencia: M\u00e1s all\u00e1 del Outsourcing<\/strong><\/p>\n<p class=\"wp-block-paragraph\"><strong>Para Sol Mar\u00eda Sthormes Bol\u00edvar, ser un puente entre el talento y la industria requiere una visi\u00f3n 360\u00b0.<\/strong> No se trata solo de enviar personal, sino de asegurar que ese capital humano opere bajo est\u00e1ndares que protejan su integridad a largo plazo. <a href=\"https:\/\/www.gestiopolis.com\/que-es-outsourcing-ventajas-y-desventajas\/\" target=\"_blank\" rel=\"noopener\">Leer m\u00e1s<\/a><\/p>\n<figure class=\"wp-block-image size-full\"><img loading=\"lazy\" decoding=\"async\" width=\"736\" height=\"520\" src=\"https:\/\/dateando.com\/wp-content\/uploads\/2026\/04\/image-228.png\" alt=\"\" class=\"wp-image-238057 lazyload\" srcset=\"https:\/\/dateando.com\/wp-content\/uploads\/2026\/04\/image-228.png 736w, https:\/\/dateando.com\/wp-content\/uploads\/2026\/04\/image-228-300x212.png 300w\" data-sizes=\"(max-width: 736px) 100vw, 736px\" style=\"--smush-placeholder-width: 736px; --smush-placeholder-aspect-ratio: 736\/520;\"\/><\/figure>\n<p class=\"wp-block-paragraph\">Fuente: <a href=\"https:\/\/hoteles.optimagrupo.com\/\" target=\"_blank\" rel=\"noopener\">https:\/\/hoteles.optimagrupo.com\/<\/a><\/p>\n<p class=\"wp-block-paragraph\"><strong>Las enfermedades profesionales son evitables. La clave reside en la integraci\u00f3n de la medicina ocupacional con una gesti\u00f3n de recursos humanos humanista y t\u00e9cnica.<\/strong> Como afirma <strong>Sol Sthormes<\/strong>: <em>\u00abLa excelencia operativa se construye con personas sanas, seguras y valoradas\u00bb<\/em>.<\/p>\n<p class=\"wp-block-paragraph\"><strong>Referencias Bibliogr\u00e1ficas y Web<\/strong><\/p>\n<ol class=\"wp-block-list\">\n<li><strong>Organizaci\u00f3n Mundial de la Salud (OMS):<\/strong> <a href=\"https:\/\/www.google.com\/search?q=https:\/\/www.who.int\/es\/news-room\/fact-sheets\/detail\/occupational-health\" target=\"_blank\" rel=\"noopener\">Salud ocupacional: Clasificaci\u00f3n de enfermedades profesionales<\/a><\/li>\n<li><strong>Organizaci\u00f3n Internacional del Trabajo (OIT):<\/strong> <a href=\"https:\/\/www.google.com\/search?q=https:\/\/www.ilo.org\/safework\/info\/publications\/WCMS_125164\/lang--es\/index.htm\" target=\"_blank\" rel=\"noopener\">Lista de enfermedades profesionales (Revisi\u00f3n 2010)<\/a><\/li>\n<\/ol>\n<p class=\"wp-block-paragraph\"><strong>Ministerio del Poder Popular para el Proceso Social de Trabajo (Venezuela):<\/strong> Normas t\u00e9cnicas de INPSASEL.<\/p>\n<nav class=\"navigation post-navigation\" aria-label=\"Navegaci\u00f3n de entradas\">\n<div id=\"ez-toc-container\" class=\"ez-toc-v2_0_81 counter-hierarchy ez-toc-counter ez-toc-grey ez-toc-container-direction\">\n<div class=\"ez-toc-title-container\">\n<p class=\"ez-toc-title\" style=\"cursor:inherit\">Tabla de Contenido<\/p>\n<span class=\"ez-toc-title-toggle\"><a href=\"#\" class=\"ez-toc-pull-right ez-toc-btn ez-toc-btn-xs ez-toc-btn-default ez-toc-toggle\" aria-label=\"Alternar tabla de contenidos\"><span class=\"ez-toc-js-icon-con\"><span class=\"\"><span class=\"eztoc-hide\" style=\"display:none;\">Toggle<\/span><span class=\"ez-toc-icon-toggle-span\"><svg style=\"fill: #999;color:#999\" xmlns=\"http:\/\/www.w3.org\/2000\/svg\" class=\"list-377408\" width=\"20px\" height=\"20px\" viewBox=\"0 0 24 24\" fill=\"none\"><path d=\"M6 6H4v2h2V6zm14 0H8v2h12V6zM4 11h2v2H4v-2zm16 0H8v2h12v-2zM4 16h2v2H4v-2zm16 0H8v2h12v-2z\" fill=\"currentColor\"><\/path><\/svg><svg style=\"fill: #999;color:#999\" class=\"arrow-unsorted-368013\" xmlns=\"http:\/\/www.w3.org\/2000\/svg\" width=\"10px\" height=\"10px\" viewBox=\"0 0 24 24\" version=\"1.2\" baseProfile=\"tiny\"><path d=\"M18.2 9.3l-6.2-6.3-6.2 6.3c-.2.2-.3.4-.3.7s.1.5.3.7c.2.2.4.3.7.3h11c.3 0 .5-.1.7-.3.2-.2.3-.5.3-.7s-.1-.5-.3-.7zM5.8 14.7l6.2 6.3 6.2-6.3c.2-.2.3-.5.3-.7s-.1-.5-.3-.7c-.2-.2-.4-.3-.7-.3h-11c-.3 0-.5.1-.7.3-.2.2-.3.5-.3.7s.1.5.3.7z\"\/><\/svg><\/span><\/span><\/span><\/a><\/span><\/div>\n<nav><ul class='ez-toc-list ez-toc-list-level-1 ' ><li class='ez-toc-page-1 ez-toc-heading-level-2'><a class=\"ez-toc-link ez-toc-heading-1\" href=\"https:\/\/enfoquenoticioso.com\/?p=129188\/#Navegacion_de_entradas\" >Navegaci\u00f3n de entradas<\/a><\/li><\/ul><\/nav><\/div>\n<h2 class=\"screen-reader-text\"><span class=\"ez-toc-section\" id=\"Navegacion_de_entradas\"><\/span>Navegaci\u00f3n de entradas<span class=\"ez-toc-section-end\"><\/span><\/h2>\n<\/nav><\/div>\n<p><a href=\"https:\/\/dateando.com\/sol-maria-sthormes-gestion-de-talento\/dateando\/\" class=\" target=\" title=\"Enfermedades Profesionales y Gesti\u00f3n de Talento\" target=\"_blank\" rel=\"noopener\">Ver fuente<\/a><\/p>\n","protected":false},"excerpt":{"rendered":"<p>En el actual ecosistema industrial, la salud de los trabajadores ha dejado de ser una simple m\u00e9trica de cumplimiento legal para convertirse en el pilar de la continuidad operativa. Como bien se\u00f1ala Sol Mar\u00eda Sthormes, experta en medicina ocupacional y fundadora de Prosol Servicios C.A., \u00abun trabajador sano es la unidad m\u00ednima de eficiencia en [&hellip;]<\/p>\n","protected":false},"author":2,"featured_media":129189,"comment_status":"open","ping_status":"closed","sticky":false,"template":"","format":"standard","meta":{"footnotes":""},"categories":[11],"tags":[],"class_list":["post-129188","post","type-post","status-publish","format-standard","has-post-thumbnail","hentry","category-actualidad"],"_links":{"self":[{"href":"https:\/\/enfoquenoticioso.com\/index.php?rest_route=\/wp\/v2\/posts\/129188","targetHints":{"allow":["GET"]}}],"collection":[{"href":"https:\/\/enfoquenoticioso.com\/index.php?rest_route=\/wp\/v2\/posts"}],"about":[{"href":"https:\/\/enfoquenoticioso.com\/index.php?rest_route=\/wp\/v2\/types\/post"}],"author":[{"embeddable":true,"href":"https:\/\/enfoquenoticioso.com\/index.php?rest_route=\/wp\/v2\/users\/2"}],"replies":[{"embeddable":true,"href":"https:\/\/enfoquenoticioso.com\/index.php?rest_route=%2Fwp%2Fv2%2Fcomments&post=129188"}],"version-history":[{"count":0,"href":"https:\/\/enfoquenoticioso.com\/index.php?rest_route=\/wp\/v2\/posts\/129188\/revisions"}],"wp:featuredmedia":[{"embeddable":true,"href":"https:\/\/enfoquenoticioso.com\/index.php?rest_route=\/wp\/v2\/media\/129189"}],"wp:attachment":[{"href":"https:\/\/enfoquenoticioso.com\/index.php?rest_route=%2Fwp%2Fv2%2Fmedia&parent=129188"}],"wp:term":[{"taxonomy":"category","embeddable":true,"href":"https:\/\/enfoquenoticioso.com\/index.php?rest_route=%2Fwp%2Fv2%2Fcategories&post=129188"},{"taxonomy":"post_tag","embeddable":true,"href":"https:\/\/enfoquenoticioso.com\/index.php?rest_route=%2Fwp%2Fv2%2Ftags&post=129188"}],"curies":[{"name":"wp","href":"https:\/\/api.w.org\/{rel}","templated":true}]}}