{"id":129206,"date":"2026-04-30T12:12:26","date_gmt":"2026-04-30T12:12:26","guid":{"rendered":"https:\/\/enfoquenoticioso.com\/?p=129206"},"modified":"2026-04-30T12:12:26","modified_gmt":"2026-04-30T12:12:26","slug":"confirmaron-el-fallecimiento-del-hijo-de-josemith-bermudez-en-mexico","status":"publish","type":"post","link":"https:\/\/enfoquenoticioso.com\/?p=129206","title":{"rendered":"Confirmaron el fallecimiento del hijo de Josemith Berm\u00fadez en M\u00e9xico"},"content":{"rendered":"<div>\n<p>Este mi\u00e9rcoles 29 de abril se confirm\u00f3 el sensible fallecimiento del joven Juan Crist\u00f3bal Sforzina Berm\u00fadez, hijo \u00fanico de la animadora, actriz y comunicadora venezolana, Josemith Berm\u00fadez, en M\u00e9xico.<\/p>\n<p>El periodista venezolano Luis Olivarrieta, allegado cercano a la familia y figura clave en el acompa\u00f1amiento de Josemith durante su vida, se pronunci\u00f3 para solicitar respeto ante este momento.<\/p>\n<p>\u00abEs momento de acompa\u00f1ar con mucho cari\u00f1o a la familia de Juan Crist\u00f3bal, hijo de mi amada Josemith. Que en este momento prevalezcan, por favor, la prudencia, la empat\u00eda, el silencio y el amor necesario. Gracias por sus mensajes de cari\u00f1o\u00bb, escribi\u00f3 Olivarrieta.<\/p>\n<p>M\u00e1s temprano, el Lawrence School Canc\u00fan, instituci\u00f3n educativa mexicana donde se formaba Sforzina Berm\u00fadez, public\u00f3 un obituario lamentando la desaparici\u00f3n f\u00edsica del menor y expresando sus condolencias a los familiares por la p\u00e9rdida.<\/p>\n<p>Juan Crist\u00f3bal de 14 a\u00f1os, fruto de la relaci\u00f3n entre Josemith Berm\u00fadez y el odont\u00f3logo Juan Crist\u00f3bal Sforzina Marcano, resid\u00eda con su padre y familia en Canc\u00fan.<\/p>\n<p>El joven fue el motor y la inspiraci\u00f3n de la venezolana, quien siempre destac\u00f3 el v\u00ednculo inquebrantable con su hijo. Hasta el momento, no se han ofrecido detalles adicionales sobre las causas del deceso.<\/p>\n<p>El 31 de julio de 2021, la actriz y presentadora venezolana Josemith Berm\u00fadez falleci\u00f3 tras una lucha de tres a\u00f1os contra el c\u00e1ncer de ovarios. Entonces, fue Olavarrieta quien inform\u00f3 la triste noticia de su desaparici\u00f3n f\u00edsica.<\/p>\n<blockquote class=\"instagram-media\" style=\"background: #FFF; border: 0; border-radius: 3px; box-shadow: 0 0 1px 0 rgba(0,0,0,0.5),0 1px 10px 0 rgba(0,0,0,0.15); margin: 1px; max-width: 540px; min-width: 326px; padding: 0; width: calc(100% - 2px);\" data-instgrm-captioned=\"\" data-instgrm-permalink=\"https:\/\/www.instagram.com\/p\/DXub7vWCrzz\/?utm_source=ig_embed&amp;utm_campaign=loading\" data-instgrm-version=\"14\">\n<\/blockquote><\/div>\n<p><script async src=\"\/\/www.instagram.com\/embed.js\"><\/script><br \/>\n<br \/><a href=\"https:\/\/noticiasaldiayalahora.co\/internacionales\/confirmaron-el-fallecimiento-del-hijo-de-josemith-bermudez-en-mexico\/\" class=\" target=\" title=\"Confirmaron el fallecimiento del hijo de Josemith Berm\u00fadez en M\u00e9xico\" target=\"_blank\" rel=\"noopener\">Ver fuente<\/a><\/p>\n","protected":false},"excerpt":{"rendered":"<p>Este mi\u00e9rcoles 29 de abril se confirm\u00f3 el sensible fallecimiento del joven Juan Crist\u00f3bal Sforzina Berm\u00fadez, hijo \u00fanico de la animadora, actriz y comunicadora venezolana, Josemith Berm\u00fadez, en M\u00e9xico. El periodista venezolano Luis Olivarrieta, allegado cercano a la familia y figura clave en el acompa\u00f1amiento de Josemith durante su vida, se pronunci\u00f3 para solicitar respeto [&hellip;]<\/p>\n","protected":false},"author":2,"featured_media":129207,"comment_status":"open","ping_status":"closed","sticky":false,"template":"","format":"standard","meta":{"footnotes":""},"categories":[6],"tags":[],"class_list":["post-129206","post","type-post","status-publish","format-standard","has-post-thumbnail","hentry","category-internacionales"],"_links":{"self":[{"href":"https:\/\/enfoquenoticioso.com\/index.php?rest_route=\/wp\/v2\/posts\/129206","targetHints":{"allow":["GET"]}}],"collection":[{"href":"https:\/\/enfoquenoticioso.com\/index.php?rest_route=\/wp\/v2\/posts"}],"about":[{"href":"https:\/\/enfoquenoticioso.com\/index.php?rest_route=\/wp\/v2\/types\/post"}],"author":[{"embeddable":true,"href":"https:\/\/enfoquenoticioso.com\/index.php?rest_route=\/wp\/v2\/users\/2"}],"replies":[{"embeddable":true,"href":"https:\/\/enfoquenoticioso.com\/index.php?rest_route=%2Fwp%2Fv2%2Fcomments&post=129206"}],"version-history":[{"count":0,"href":"https:\/\/enfoquenoticioso.com\/index.php?rest_route=\/wp\/v2\/posts\/129206\/revisions"}],"wp:featuredmedia":[{"embeddable":true,"href":"https:\/\/enfoquenoticioso.com\/index.php?rest_route=\/wp\/v2\/media\/129207"}],"wp:attachment":[{"href":"https:\/\/enfoquenoticioso.com\/index.php?rest_route=%2Fwp%2Fv2%2Fmedia&parent=129206"}],"wp:term":[{"taxonomy":"category","embeddable":true,"href":"https:\/\/enfoquenoticioso.com\/index.php?rest_route=%2Fwp%2Fv2%2Fcategories&post=129206"},{"taxonomy":"post_tag","embeddable":true,"href":"https:\/\/enfoquenoticioso.com\/index.php?rest_route=%2Fwp%2Fv2%2Ftags&post=129206"}],"curies":[{"name":"wp","href":"https:\/\/api.w.org\/{rel}","templated":true}]}}