{"id":129208,"date":"2026-04-30T12:38:00","date_gmt":"2026-04-30T12:38:00","guid":{"rendered":"https:\/\/enfoquenoticioso.com\/?p=129208"},"modified":"2026-04-30T12:38:00","modified_gmt":"2026-04-30T12:38:00","slug":"el-crimen-de-alias-satanas-contra-un-abuelo-en-su-propia-casa","status":"publish","type":"post","link":"https:\/\/enfoquenoticioso.com\/?p=129208","title":{"rendered":"El crimen de alias \u2018Satan\u00e1s\u2019 contra un abuelo en su propia casa"},"content":{"rendered":"<div>\n<p>Las autoridades policiales anunciaron este mi\u00e9rcoles la captura de Jos\u00e9 \u00c1ngel Vallejo Rengel, alias\u00a0<em>Satan\u00e1s<\/em>, quien\u00a0<strong>habr\u00eda asesinado a un septuagenario en la ciudad de Cuman\u00e1<\/strong>, estado Sucre.<\/p>\n<p>Douglas Rico, director del Cuerpo de Investigaciones Cient\u00edficas, Penales y Criminal\u00edsticas (Cicpc), inform\u00f3 de la captura de Vallejo, tambi\u00e9n conocido como\u00a0<em>Rollo de Teipe<\/em>. La v\u00edctima fue identificada como\u00a0<strong>Nelson Jos\u00e9 Calzadilla P\u00e9rez, de 71 a\u00f1os<\/strong>.<\/p>\n<p>Los hechos se dieron el pasado 16 de vivienda en la parroquia Santa In\u00e9s, cuando Vallejo invent\u00f3 hurtar una ventana y unas l\u00e1minas de zinc de la casa de la v\u00edctima. El se\u00f1or se percat\u00f3 de lo que ocurr\u00eda y, aunque se desat\u00f3 una disputa,\u00a0<strong>el sospechoso huy\u00f3<\/strong>.<\/p>\n<p>Vallejo regres\u00f3 a la vivienda en horas de la madrugada y tom\u00f3 un pedazo de concreto para atacar a la v\u00edctima. \u00ab<strong>Le propin\u00f3 varios golpes en la regi\u00f3n cef\u00e1lica<\/strong>, caus\u00e1ndole la muerte\u00bb, indica el reporte policial.<\/p>\n<div id=\"ez-toc-container\" class=\"ez-toc-v2_0_81 counter-hierarchy ez-toc-counter ez-toc-grey ez-toc-container-direction\">\n<div class=\"ez-toc-title-container\">\n<p class=\"ez-toc-title\" style=\"cursor:inherit\">Tabla de Contenido<\/p>\n<span class=\"ez-toc-title-toggle\"><a href=\"#\" class=\"ez-toc-pull-right ez-toc-btn ez-toc-btn-xs ez-toc-btn-default ez-toc-toggle\" aria-label=\"Alternar tabla de contenidos\"><span class=\"ez-toc-js-icon-con\"><span class=\"\"><span class=\"eztoc-hide\" style=\"display:none;\">Toggle<\/span><span class=\"ez-toc-icon-toggle-span\"><svg style=\"fill: #999;color:#999\" xmlns=\"http:\/\/www.w3.org\/2000\/svg\" class=\"list-377408\" width=\"20px\" height=\"20px\" viewBox=\"0 0 24 24\" fill=\"none\"><path d=\"M6 6H4v2h2V6zm14 0H8v2h12V6zM4 11h2v2H4v-2zm16 0H8v2h12v-2zM4 16h2v2H4v-2zm16 0H8v2h12v-2z\" fill=\"currentColor\"><\/path><\/svg><svg style=\"fill: #999;color:#999\" class=\"arrow-unsorted-368013\" xmlns=\"http:\/\/www.w3.org\/2000\/svg\" width=\"10px\" height=\"10px\" viewBox=\"0 0 24 24\" version=\"1.2\" baseProfile=\"tiny\"><path d=\"M18.2 9.3l-6.2-6.3-6.2 6.3c-.2.2-.3.4-.3.7s.1.5.3.7c.2.2.4.3.7.3h11c.3 0 .5-.1.7-.3.2-.2.3-.5.3-.7s-.1-.5-.3-.7zM5.8 14.7l6.2 6.3 6.2-6.3c.2-.2.3-.5.3-.7s-.1-.5-.3-.7c-.2-.2-.4-.3-.7-.3h-11c-.3 0-.5.1-.7.3-.2.2-.3.5-.3.7s.1.5.3.7z\"\/><\/svg><\/span><\/span><\/span><\/a><\/span><\/div>\n<nav><ul class='ez-toc-list ez-toc-list-level-1 ' ><li class='ez-toc-page-1 ez-toc-heading-level-3'><a class=\"ez-toc-link ez-toc-heading-1\" href=\"https:\/\/enfoquenoticioso.com\/?p=129208\/#VALLEJO_ROBO_VARIAS_COSAS\" >VALLEJO ROB\u00d3 VARIAS COSAS<\/a><\/li><\/ul><\/nav><\/div>\n<h3 id=\"vallejo-robo-varias-cosas\" class=\"rb-heading-index-0-285564\"><span class=\"ez-toc-section\" id=\"VALLEJO_ROBO_VARIAS_COSAS\"><\/span><strong>VALLEJO ROB\u00d3 VARIAS COSAS<\/strong><span class=\"ez-toc-section-end\"><\/span><\/h3>\n<p>Las investigaciones determinaron que, luego de asesinar al se\u00f1or Calzadilla,\u00a0<strong>el sospechoso rob\u00f3 el celular de la v\u00edctima<\/strong>. Vallejo tambi\u00e9n tom\u00f3 prendas de bisuter\u00eda, un bolso, varias prendas de vestir y unos lentes de lectura.<\/p>\n<p>Tras el hallazgo del cuerpo del septuagenario, el Cicpc puso en marcha las pesquisas del crimen. Detectives de la Delegaci\u00f3n Municipal Cuman\u00e1\u00a0<strong>se encargaron de las investigaciones<\/strong>\u00a0e identificaron a Vallejo como el principal sospechoso.<\/p>\n<p>Vallejo result\u00f3 detenido y trasladado a los calabozos de Cuman\u00e1. El caso\u00a0<strong>qued\u00f3 a la orden del Ministerio P\u00fablico<\/strong>, que continuar\u00e1 con los procedimientos correspondientes.<\/p>\n<\/p><\/div>\n<p><a href=\"https:\/\/noticiasaldiayalahora.co\/sucesos\/cumana-el-crimen-de-alias-satanas-contra-un-abuelo-en-su-propia-casa\/\" class=\" target=\" title=\"El crimen de alias \u2018Satan\u00e1s\u2019 contra un abuelo en su propia casa\" target=\"_blank\" rel=\"noopener\">Ver fuente<\/a><\/p>\n","protected":false},"excerpt":{"rendered":"<p>Las autoridades policiales anunciaron este mi\u00e9rcoles la captura de Jos\u00e9 \u00c1ngel Vallejo Rengel, alias\u00a0Satan\u00e1s, quien\u00a0habr\u00eda asesinado a un septuagenario en la ciudad de Cuman\u00e1, estado Sucre. Douglas Rico, director del Cuerpo de Investigaciones Cient\u00edficas, Penales y Criminal\u00edsticas (Cicpc), inform\u00f3 de la captura de Vallejo, tambi\u00e9n conocido como\u00a0Rollo de Teipe. La v\u00edctima fue identificada como\u00a0Nelson Jos\u00e9 [&hellip;]<\/p>\n","protected":false},"author":2,"featured_media":129209,"comment_status":"open","ping_status":"closed","sticky":false,"template":"","format":"standard","meta":{"footnotes":""},"categories":[5],"tags":[],"class_list":["post-129208","post","type-post","status-publish","format-standard","has-post-thumbnail","hentry","category-sucesos"],"_links":{"self":[{"href":"https:\/\/enfoquenoticioso.com\/index.php?rest_route=\/wp\/v2\/posts\/129208","targetHints":{"allow":["GET"]}}],"collection":[{"href":"https:\/\/enfoquenoticioso.com\/index.php?rest_route=\/wp\/v2\/posts"}],"about":[{"href":"https:\/\/enfoquenoticioso.com\/index.php?rest_route=\/wp\/v2\/types\/post"}],"author":[{"embeddable":true,"href":"https:\/\/enfoquenoticioso.com\/index.php?rest_route=\/wp\/v2\/users\/2"}],"replies":[{"embeddable":true,"href":"https:\/\/enfoquenoticioso.com\/index.php?rest_route=%2Fwp%2Fv2%2Fcomments&post=129208"}],"version-history":[{"count":0,"href":"https:\/\/enfoquenoticioso.com\/index.php?rest_route=\/wp\/v2\/posts\/129208\/revisions"}],"wp:featuredmedia":[{"embeddable":true,"href":"https:\/\/enfoquenoticioso.com\/index.php?rest_route=\/wp\/v2\/media\/129209"}],"wp:attachment":[{"href":"https:\/\/enfoquenoticioso.com\/index.php?rest_route=%2Fwp%2Fv2%2Fmedia&parent=129208"}],"wp:term":[{"taxonomy":"category","embeddable":true,"href":"https:\/\/enfoquenoticioso.com\/index.php?rest_route=%2Fwp%2Fv2%2Fcategories&post=129208"},{"taxonomy":"post_tag","embeddable":true,"href":"https:\/\/enfoquenoticioso.com\/index.php?rest_route=%2Fwp%2Fv2%2Ftags&post=129208"}],"curies":[{"name":"wp","href":"https:\/\/api.w.org\/{rel}","templated":true}]}}