{"id":129210,"date":"2026-04-30T12:40:19","date_gmt":"2026-04-30T12:40:19","guid":{"rendered":"https:\/\/enfoquenoticioso.com\/?p=129210"},"modified":"2026-04-30T12:40:19","modified_gmt":"2026-04-30T12:40:19","slug":"la-artista-venezolana-que-se-viraliza-por-dar-clases-a-milan-y-sasha-los-hijos-de-shakira","status":"publish","type":"post","link":"https:\/\/enfoquenoticioso.com\/?p=129210","title":{"rendered":"La artista venezolana que se viraliza por dar clases a Milan y Sasha, los hijos de Shakira"},"content":{"rendered":"<div>\n<p class=\"s2\">La artista \u00c1ngela fue escogida por la academia de m\u00fasica Let it Beat, a trav\u00e9s de sus due\u00f1os \u2014las leyendas argentinas Guillermo Vadal\u00e1 y Nerina Nicotra\u2014 para impartir clases a los hijos de Shakira.<\/p>\n<p class=\"s2\">\u00c1ngela Uzc\u00e1tegui, conocida simplemente como \u00c1ngela en el medio art\u00edstico; dice que su designaci\u00f3n por parte de los maestros Vadal\u00e1 y Nicotra, as\u00ed como los momentos de clases con los hijos de la cantante colombiana m\u00e1s universal, los ha asumido con humildad, gratitud y como un reconocimiento a su trayectoria.<\/p>\n<p class=\"s2\">No cabe dudas del espaldarazo que la venezolana ha recibido no solo a su experiencia como docente, sino tambi\u00e9n a su labor como coach y, especialmente, a su formaci\u00f3n, la cual comenz\u00f3 en Venezuela, siendo parte de los m\u00fasicos del mundialmente conocido \u00a0Sistema Nacional de Orquestas, creado por el maestro Jos\u00e9 Antonio Luis Abreu.<\/p>\n<p class=\"s2\"><strong>Durante los \u00faltimos a\u00f1os, \u00c1ngela estuvo compartiendo de cerca con Shakira y sus hijos, quienes reciben las clases personalizadas en su casa en piano, keyboard y lectura musical.<\/strong><\/p>\n<div id=\"ez-toc-container\" class=\"ez-toc-v2_0_81 counter-hierarchy ez-toc-counter ez-toc-grey ez-toc-container-direction\">\n<div class=\"ez-toc-title-container\">\n<p class=\"ez-toc-title\" style=\"cursor:inherit\">Tabla de Contenido<\/p>\n<span class=\"ez-toc-title-toggle\"><a href=\"#\" class=\"ez-toc-pull-right ez-toc-btn ez-toc-btn-xs ez-toc-btn-default ez-toc-toggle\" aria-label=\"Alternar tabla de contenidos\"><span class=\"ez-toc-js-icon-con\"><span class=\"\"><span class=\"eztoc-hide\" style=\"display:none;\">Toggle<\/span><span class=\"ez-toc-icon-toggle-span\"><svg style=\"fill: #999;color:#999\" xmlns=\"http:\/\/www.w3.org\/2000\/svg\" class=\"list-377408\" width=\"20px\" height=\"20px\" viewBox=\"0 0 24 24\" fill=\"none\"><path d=\"M6 6H4v2h2V6zm14 0H8v2h12V6zM4 11h2v2H4v-2zm16 0H8v2h12v-2zM4 16h2v2H4v-2zm16 0H8v2h12v-2z\" fill=\"currentColor\"><\/path><\/svg><svg style=\"fill: #999;color:#999\" class=\"arrow-unsorted-368013\" xmlns=\"http:\/\/www.w3.org\/2000\/svg\" width=\"10px\" height=\"10px\" viewBox=\"0 0 24 24\" version=\"1.2\" baseProfile=\"tiny\"><path d=\"M18.2 9.3l-6.2-6.3-6.2 6.3c-.2.2-.3.4-.3.7s.1.5.3.7c.2.2.4.3.7.3h11c.3 0 .5-.1.7-.3.2-.2.3-.5.3-.7s-.1-.5-.3-.7zM5.8 14.7l6.2 6.3 6.2-6.3c.2-.2.3-.5.3-.7s-.1-.5-.3-.7c-.2-.2-.4-.3-.7-.3h-11c-.3 0-.5.1-.7.3-.2.2-.3.5-.3.7s.1.5.3.7z\"\/><\/svg><\/span><\/span><\/span><\/a><\/span><\/div>\n<nav><ul class='ez-toc-list ez-toc-list-level-1 ' ><li class='ez-toc-page-1 ez-toc-heading-level-3'><a class=\"ez-toc-link ez-toc-heading-1\" href=\"https:\/\/enfoquenoticioso.com\/?p=129210\/#%C2%BFCual_fue_tu_reaccion_al_saber_que_ibas_a_trabajar_tan_de_cerca_con_Shakira\" >\u00bfCu\u00e1l fue tu reacci\u00f3n al saber que ibas a trabajar tan de cerca con Shakira?<\/a><\/li><li class='ez-toc-page-1 ez-toc-heading-level-3'><a class=\"ez-toc-link ez-toc-heading-2\" href=\"https:\/\/enfoquenoticioso.com\/?p=129210\/#%C2%BFQue_nos_puedes_decir_de_Shakira\" >\u00bfQu\u00e9\u00a0nos puedes decir de Shakira?<\/a><\/li><li class='ez-toc-page-1 ez-toc-heading-level-3'><a class=\"ez-toc-link ez-toc-heading-3\" href=\"https:\/\/enfoquenoticioso.com\/?p=129210\/#%C2%BFDe_que_modo_se_involucra_Shakira_en_esos_momentos_de_aprendizaje\" >\u00bfDe qu\u00e9\u00a0modo se involucra Shakira en esos momentos de aprendizaje?<\/a><\/li><li class='ez-toc-page-1 ez-toc-heading-level-3'><a class=\"ez-toc-link ez-toc-heading-4\" href=\"https:\/\/enfoquenoticioso.com\/?p=129210\/#%C2%BFCual_seria_una_de_las_ensenanzas_que_tu_observas_de_Shakira_con_sus_hijos\" >\u00bfCu\u00e1l\u00a0ser\u00eda\u00a0una de\u00a0las\u00a0ense\u00f1anzas\u00a0que t\u00fa observas de Shakira con sus hijos?<\/a><\/li><\/ul><\/nav><\/div>\n<h3 id=\"cual-fue-tu-reaccion-al-saber-que-ibas-a-trabajar-tan-de-cerca-con-shakira\" class=\"rb-heading-index-0-285625 s4\"><span class=\"ez-toc-section\" id=\"%C2%BFCual_fue_tu_reaccion_al_saber_que_ibas_a_trabajar_tan_de_cerca_con_Shakira\"><\/span><strong><span class=\"s3\">\u00bfCu\u00e1<\/span><span class=\"s3\">l fue tu reacci\u00f3n al saber que ibas a trabajar tan de cerca con Shakira?<\/span><\/strong><span class=\"ez-toc-section-end\"><\/span><\/h3>\n<p class=\"s2\">La primera reacci\u00f3n fueron nervios, pero despu\u00e9s me sent\u00ed muy afortunada de ser escogida como profesora de Milan y Sasha. As\u00ed que debo agradecer a la academia de m\u00fasica Let itBeat, un centro educativo de alto nivel, por esta enorme oportunidad de crecimiento que me han permitido obtener.<\/p>\n<h3 id=\"que-nos-puedes-decir-de-shakira\" class=\"rb-heading-index-1-285625 s4\"><span class=\"ez-toc-section\" id=\"%C2%BFQue_nos_puedes_decir_de_Shakira\"><\/span><strong><span class=\"s3\">\u00bfQu\u00e9<\/span><span class=\"s3\">\u00a0nos puedes decir de Shakira?<\/span><\/strong><span class=\"ez-toc-section-end\"><\/span><\/h3>\n<p class=\"s2\">Est\u00e1 muy involucrada en la ense\u00f1anza musical de sus hijos a pesar de estar ocupada con su tour. Est\u00e1 educando muy bien a Milan y Sasha. Los tres son hermosas personas, amables, educadas y con los pies sobre la tierra.<\/p>\n<h3 id=\"de-que-modo-se-involucra-shakira-en-esos-momentos-de-aprendizaje\" class=\"rb-heading-index-2-285625 s4\"><span class=\"ez-toc-section\" id=\"%C2%BFDe_que_modo_se_involucra_Shakira_en_esos_momentos_de_aprendizaje\"><\/span><strong><span class=\"s3\">\u00bfDe qu\u00e9<\/span><span class=\"s3\">\u00a0modo se involucra Shakira en es<\/span><span class=\"s3\">os momentos d<\/span><span class=\"s3\">e aprendizaje?<\/span><\/strong><span class=\"ez-toc-section-end\"><\/span><\/h3>\n<p class=\"s2\">Muchas veces, Shakira se queda conmigo pendiente de lo que ella espec\u00edficamente desea que los ni\u00f1os aprendan. Est\u00e1 muy pendiente de eso. Adem\u00e1s, es una persona s\u00faper amable, humana y cari\u00f1osa.<\/p>\n<h3 id=\"cual-seria-una-de-las-ensenanzas-que-tu-observas-de-shakira-con-sus-hijos\" class=\"rb-heading-index-3-285625 s4\"><span class=\"ez-toc-section\" id=\"%C2%BFCual_seria_una_de_las_ensenanzas_que_tu_observas_de_Shakira_con_sus_hijos\"><\/span><strong><span class=\"s3\">\u00bfCu\u00e1l<\/span><span class=\"s3\">\u00a0ser\u00eda\u00a0<\/span><span class=\"s3\">una de\u00a0<\/span><span class=\"s3\">la<\/span><span class=\"s3\">s<\/span><span class=\"s3\">\u00a0ense\u00f1anza<\/span><span class=\"s3\">s<\/span><span class=\"s3\">\u00a0que t\u00fa observas de Shakira con sus hijos?<\/span><\/strong><span class=\"ez-toc-section-end\"><\/span><\/h3>\n<p class=\"s2\">Les ense\u00f1a a sus hijos a que valoren el privilegio que tienen de estudiar m\u00fasica. Yo he quedado muy sorprendida de ver el nivel de respeto y educaci\u00f3n que percibes en su casa. No tengo palabras para expresarte el asombro de ver una persona tan pero tan humana como Shakira.<\/p>\n<p class=\"s4\"><span class=\"s3\">Milan<\/span><span class=\"s3\">\u00a0y\u00a0<\/span><span class=\"s3\">Sasha<\/span>\u00a0<span class=\"s3\">han participado en eventos de la academia\u00a0<\/span><span class=\"s3\">Let<\/span>\u00a0<span class=\"s3\">it<\/span><span class=\"s3\">\u00a0Beat.\u00a0<\/span><span class=\"s3\">\u00bf<\/span><span class=\"s3\">Participar\u00e1n este a\u00f1o\u00a0<\/span><span class=\"s3\">tambi\u00e9n?<\/span><\/p>\n<p class=\"s2\">La verdad que todav\u00eda no lo s\u00e9. Pienso que este a\u00f1o tal vez no puedan participar por la agenda del tour.<\/p>\n<\/p><\/div>\n<p><a href=\"https:\/\/noticiasaldiayalahora.co\/entretenimiento\/la-artista-venezolana-que-se-viraliza-por-dar-clases-a-milan-y-sasha-los-hijos-de-shakira\/\" class=\" target=\" title=\"La artista venezolana que se viraliza por dar clases a Milan y Sasha, los hijos de Shakira\" target=\"_blank\" rel=\"noopener\">Ver fuente<\/a><\/p>\n","protected":false},"excerpt":{"rendered":"<p>La artista \u00c1ngela fue escogida por la academia de m\u00fasica Let it Beat, a trav\u00e9s de sus due\u00f1os \u2014las leyendas argentinas Guillermo Vadal\u00e1 y Nerina Nicotra\u2014 para impartir clases a los hijos de Shakira. \u00c1ngela Uzc\u00e1tegui, conocida simplemente como \u00c1ngela en el medio art\u00edstico; dice que su designaci\u00f3n por parte de los maestros Vadal\u00e1 y [&hellip;]<\/p>\n","protected":false},"author":2,"featured_media":129211,"comment_status":"open","ping_status":"closed","sticky":false,"template":"","format":"standard","meta":{"footnotes":""},"categories":[8],"tags":[],"class_list":["post-129210","post","type-post","status-publish","format-standard","has-post-thumbnail","hentry","category-entretenimiento"],"_links":{"self":[{"href":"https:\/\/enfoquenoticioso.com\/index.php?rest_route=\/wp\/v2\/posts\/129210","targetHints":{"allow":["GET"]}}],"collection":[{"href":"https:\/\/enfoquenoticioso.com\/index.php?rest_route=\/wp\/v2\/posts"}],"about":[{"href":"https:\/\/enfoquenoticioso.com\/index.php?rest_route=\/wp\/v2\/types\/post"}],"author":[{"embeddable":true,"href":"https:\/\/enfoquenoticioso.com\/index.php?rest_route=\/wp\/v2\/users\/2"}],"replies":[{"embeddable":true,"href":"https:\/\/enfoquenoticioso.com\/index.php?rest_route=%2Fwp%2Fv2%2Fcomments&post=129210"}],"version-history":[{"count":0,"href":"https:\/\/enfoquenoticioso.com\/index.php?rest_route=\/wp\/v2\/posts\/129210\/revisions"}],"wp:featuredmedia":[{"embeddable":true,"href":"https:\/\/enfoquenoticioso.com\/index.php?rest_route=\/wp\/v2\/media\/129211"}],"wp:attachment":[{"href":"https:\/\/enfoquenoticioso.com\/index.php?rest_route=%2Fwp%2Fv2%2Fmedia&parent=129210"}],"wp:term":[{"taxonomy":"category","embeddable":true,"href":"https:\/\/enfoquenoticioso.com\/index.php?rest_route=%2Fwp%2Fv2%2Fcategories&post=129210"},{"taxonomy":"post_tag","embeddable":true,"href":"https:\/\/enfoquenoticioso.com\/index.php?rest_route=%2Fwp%2Fv2%2Ftags&post=129210"}],"curies":[{"name":"wp","href":"https:\/\/api.w.org\/{rel}","templated":true}]}}