{"id":129228,"date":"2026-04-30T14:31:58","date_gmt":"2026-04-30T14:31:58","guid":{"rendered":"https:\/\/enfoquenoticioso.com\/?p=129228"},"modified":"2026-04-30T14:31:58","modified_gmt":"2026-04-30T14:31:58","slug":"christopher-nolan-confirma-por-que-la-odisea-sera-mas-corta-que-oppenheimer-y-la-compara-con-sus-peliculas-de-batman","status":"publish","type":"post","link":"https:\/\/enfoquenoticioso.com\/?p=129228","title":{"rendered":"Christopher Nolan confirma por qu\u00e9 \u2018La Odisea\u2019 ser\u00e1 m\u00e1s corta que \u2018Oppenheimer\u2019 y la compara con sus pel\u00edculas de Batman"},"content":{"rendered":"<figure><img loading=\"lazy\" decoding=\"async\" width=\"1024\" height=\"640\" src=\"https:\/\/i0.wp.com\/imgs.hipertextual.com\/wp-content\/uploads\/2025\/07\/The-Odyssey-Christopher-Nola-trailer.jpg?fit=1024%2C640&amp;quality=70&amp;strip=all&amp;ssl=1\" class=\"attachment-rss-image-size size-rss-image-size wp-post-image\" alt=\"La Odisea The Odyssey Christopher Nola tr\u00e1iler\" \/><\/figure>\n<p><strong><a href=\"https:\/\/hipertextual.com\/cine-television\/the-odyssey-pelicula-mas-cara-christopher-nolan\/\" target=\"_blank\" rel=\"noopener\">Christopher Nolan<\/a><\/strong> est\u00e1 a punto de estrenar su pr\u00f3xima pel\u00edcula, <em><strong><a href=\"https:\/\/hipertextual.com\/cine-television\/el-epico-nuevo-trailer-de-la-odisea-de-christopher-nolan-luce-su-caballo-de-troya-y-confirma-un-nuevo-personaje\/\" target=\"_blank\" rel=\"noopener\">La Odisea<\/a><\/strong><\/em>. El oscarizado cineasta regresa a la gran pantalla despu\u00e9s de triunfar con <em>Oppenheimer<\/em> hace apenas unos pocos a\u00f1os. Esta vez, llevar\u00e1 a los cines una adaptaci\u00f3n de la cl\u00e1sica epopeya de <strong>Homero<\/strong>, de la Grecia cl\u00e1sica. Un proyecto que <a href=\"https:\/\/hipertextual.com\/cine-television\/cine-espanol-manifiesto-contra-christopher-nolan-la-odisea-sahara-occidental\/\" target=\"_blank\" rel=\"noopener\">ha despertado una gran expectaci\u00f3n<\/a> en todo el mundo. Ahora, a medida que la fecha se acerca, el director ha revelado algunos detalles muy importantes sobre la cinta.<\/p>\n<p>\u00abLa presi\u00f3n es enorme\u00bb, ha confesado en una entrevista concedida a <em><a href=\"https:\/\/apnews.com\/article\/summer-movies-2026-associated-press-highlights-36eb489825e809e5b9e5ee75efeaa18b\" target=\"_blank\" rel=\"noreferrer noopener\">Associated Press<\/a><\/em>. \u00abCualquiera que se atreva con <em>La Odisea<\/em> asume las esperanzas y los sue\u00f1os de los amantes <a href=\"https:\/\/hipertextual.com\/cine-television\/la-odisea-primer-trailer\/\" target=\"_blank\" rel=\"noopener\">de las pel\u00edculas \u00e9picas<\/a> de todo el mundo, y eso conlleva una enorme responsabilidad\u00bb, explica <strong>Christopher Nolan<\/strong>. De hecho, esa presi\u00f3n es tan grande que incluso se ha atrevido a comparar su nueva cinta con la trilog\u00eda de <em>El Caballero Oscuro (Batman)<\/em> que dirigi\u00f3 hace ya casi dos d\u00e9cadas.<\/p>\n<p>\u00abLo que aprend\u00ed de aquella experiencia es que lo que la gente espera de una pel\u00edcula basada en una historia querida, en un grupo de personajes queridos, es una interpretaci\u00f3n s\u00f3lida y sincera\u00bb, expresa. \u00abQuieren saber que el cineasta se ha dejado la piel por ella. Realmente he intentado hacer la mejor pel\u00edcula posible\u00bb, promete a su vez. De lo que no hay duda es de que <em>La Odisea<\/em> de <strong>Christopher Nolan<\/strong> va a ser uno de los mayores acontecimientos del verano.<\/p>\n<figure class=\"wp-block-image alignwide size-large\"><img loading=\"lazy\" decoding=\"async\" data-recalc-dims=\"1\" width=\"780\" height=\"468\" src=\"https:\/\/i0.wp.com\/imgs.hipertextual.com\/wp-content\/uploads\/2026\/01\/La-Odisea-Christopher-Nolan-1500x900.jpg?resize=780%2C468&#038;quality=70&#038;strip=all&#038;ssl=1\" alt=\"La Odisea Christopher Nolan\" class=\"wp-image-1872526\" \/><\/figure>\n<div id=\"ez-toc-container\" class=\"ez-toc-v2_0_81 counter-hierarchy ez-toc-counter ez-toc-grey ez-toc-container-direction\">\n<div class=\"ez-toc-title-container\">\n<p class=\"ez-toc-title\" style=\"cursor:inherit\">Tabla de Contenido<\/p>\n<span class=\"ez-toc-title-toggle\"><a href=\"#\" class=\"ez-toc-pull-right ez-toc-btn ez-toc-btn-xs ez-toc-btn-default ez-toc-toggle\" aria-label=\"Alternar tabla de contenidos\"><span class=\"ez-toc-js-icon-con\"><span class=\"\"><span class=\"eztoc-hide\" style=\"display:none;\">Toggle<\/span><span class=\"ez-toc-icon-toggle-span\"><svg style=\"fill: #999;color:#999\" xmlns=\"http:\/\/www.w3.org\/2000\/svg\" class=\"list-377408\" width=\"20px\" height=\"20px\" viewBox=\"0 0 24 24\" fill=\"none\"><path d=\"M6 6H4v2h2V6zm14 0H8v2h12V6zM4 11h2v2H4v-2zm16 0H8v2h12v-2zM4 16h2v2H4v-2zm16 0H8v2h12v-2z\" fill=\"currentColor\"><\/path><\/svg><svg style=\"fill: #999;color:#999\" class=\"arrow-unsorted-368013\" xmlns=\"http:\/\/www.w3.org\/2000\/svg\" width=\"10px\" height=\"10px\" viewBox=\"0 0 24 24\" version=\"1.2\" baseProfile=\"tiny\"><path d=\"M18.2 9.3l-6.2-6.3-6.2 6.3c-.2.2-.3.4-.3.7s.1.5.3.7c.2.2.4.3.7.3h11c.3 0 .5-.1.7-.3.2-.2.3-.5.3-.7s-.1-.5-.3-.7zM5.8 14.7l6.2 6.3 6.2-6.3c.2-.2.3-.5.3-.7s-.1-.5-.3-.7c-.2-.2-.4-.3-.7-.3h-11c-.3 0-.5.1-.7.3-.2.2-.3.5-.3.7s.1.5.3.7z\"\/><\/svg><\/span><\/span><\/span><\/a><\/span><\/div>\n<nav><ul class='ez-toc-list ez-toc-list-level-1 ' ><li class='ez-toc-page-1 ez-toc-heading-level-2'><a class=\"ez-toc-link ez-toc-heading-1\" href=\"https:\/\/enfoquenoticioso.com\/?p=129228\/#La_Odisea_sera_mas_corta_que_Oppenheimer\" >La Odisea ser\u00e1 m\u00e1s corta que Oppenheimer<\/a><\/li><\/ul><\/nav><\/div>\n<h2 class=\"wp-block-heading\" id=\"h-la-odisea-sera-mas-corta-que-oppenheimer\"><span class=\"ez-toc-section\" id=\"La_Odisea_sera_mas_corta_que_Oppenheimer\"><\/span>La Odisea ser\u00e1 m\u00e1s corta que Oppenheimer<span class=\"ez-toc-section-end\"><\/span><\/h2>\n<p>Al margen de la \u00e9pica y el respecto al material original, <strong>Nolan<\/strong> tambi\u00e9n ha desvelado lo que los rumores aseguraban desde hac\u00eda ya un tiempo. <a href=\"https:\/\/hipertextual.com\/cine-television\/confirmada-fecha-nuevo-trailer-la-odisea-de-christopher-nolan\/\" target=\"_blank\" rel=\"noopener\"><em>La Odisea<\/em> va a ser una pel\u00edcula m\u00e1s corta<\/a> que <em>Oppenheimer<\/em>. Y el director ha explicado el motivo que le ha llevado a tomar esta decisi\u00f3n.<\/p>\n<p>\u00abUna de las cosas que realmente me importan es poder proyectar la pel\u00edcula en formato IMAX siempre que sea posible, ya que <a href=\"https:\/\/hipertextual.com\/cine-television\/asi-rodo-christopher-nolan-la-odisea-nueva-tecnologia\/\" target=\"_blank\" rel=\"noopener\">la rodamos \u00edntegramente en pel\u00edcula IMAX<\/a>. Y la duraci\u00f3n m\u00e1xima que hemos podido proyectar en un proyector IMAX es de tres horas. As\u00ed que sabemos que dura menos de tres horas\u00bb, cuenta acerca de <em>La Odisea<\/em>.<\/p>\n<p>Esta duraci\u00f3n la deja por debajo de su anterior filme sobre el padre de la bomba at\u00f3mica. \u00abPuedo decir que la pel\u00edcula es m\u00e1s corta que <em>Oppenheimer<\/em>. Sigue siendo una obra \u00e9pica, tal y como exige el tema. Pero es m\u00e1s corta\u00bb, insiste <strong>Nolan<\/strong>. De acuerdo a los \u00faltimos rumores, la duraci\u00f3n total de <em>La Odisea<\/em> rondar\u00eda entre las 2 horas y 20 minutos y las 2 horas y 40 minutos. Es decir, entre 140 y 160 minutos de duraci\u00f3n, sensiblemente menos que los 180 minutos que duraba <em>Oppenheimer<\/em>.<\/p>\n<p><em>La Odisea<\/em> se estrena en cines el 17 de julio.<\/p>\n<p>Seguir leyendo: <a href=\"https:\/\/hipertextual.com\/cine-television\/christopher-nolan-confirma-por-que-la-odisea-sera-mas-corta-que-oppenheimer-y-la-compara-con-sus-peliculas-de-batman\/\" target=\"_blank\" rel=\"noopener\">Christopher Nolan confirma por qu\u00e9 &#8216;La Odisea&#8217; ser\u00e1 m\u00e1s corta que &#8216;Oppenheimer&#8217; y la compara con sus pel\u00edculas de Batman<\/a><\/p>\n<p><a href=\"https:\/\/hipertextual.com\/cine-television\/christopher-nolan-confirma-por-que-la-odisea-sera-mas-corta-que-oppenheimer-y-la-compara-con-sus-peliculas-de-batman\/\" class=\" target=\" title=\"Christopher Nolan confirma por qu\u00e9 \u2018La Odisea\u2019 ser\u00e1 m\u00e1s corta que \u2018Oppenheimer\u2019 y la compara con sus pel\u00edculas de Batman\" target=\"_blank\" rel=\"noopener\">Ver fuente<\/a><\/p>\n","protected":false},"excerpt":{"rendered":"<p>Christopher Nolan est\u00e1 a punto de estrenar su pr\u00f3xima pel\u00edcula, La Odisea. El oscarizado cineasta regresa a la gran pantalla despu\u00e9s de triunfar con Oppenheimer hace apenas unos pocos a\u00f1os. Esta vez, llevar\u00e1 a los cines una adaptaci\u00f3n de la cl\u00e1sica epopeya de Homero, de la Grecia cl\u00e1sica. Un proyecto que ha despertado una gran [&hellip;]<\/p>\n","protected":false},"author":2,"featured_media":129229,"comment_status":"open","ping_status":"closed","sticky":false,"template":"","format":"standard","meta":{"footnotes":""},"categories":[9],"tags":[],"class_list":["post-129228","post","type-post","status-publish","format-standard","has-post-thumbnail","hentry","category-tecnologia"],"_links":{"self":[{"href":"https:\/\/enfoquenoticioso.com\/index.php?rest_route=\/wp\/v2\/posts\/129228","targetHints":{"allow":["GET"]}}],"collection":[{"href":"https:\/\/enfoquenoticioso.com\/index.php?rest_route=\/wp\/v2\/posts"}],"about":[{"href":"https:\/\/enfoquenoticioso.com\/index.php?rest_route=\/wp\/v2\/types\/post"}],"author":[{"embeddable":true,"href":"https:\/\/enfoquenoticioso.com\/index.php?rest_route=\/wp\/v2\/users\/2"}],"replies":[{"embeddable":true,"href":"https:\/\/enfoquenoticioso.com\/index.php?rest_route=%2Fwp%2Fv2%2Fcomments&post=129228"}],"version-history":[{"count":0,"href":"https:\/\/enfoquenoticioso.com\/index.php?rest_route=\/wp\/v2\/posts\/129228\/revisions"}],"wp:featuredmedia":[{"embeddable":true,"href":"https:\/\/enfoquenoticioso.com\/index.php?rest_route=\/wp\/v2\/media\/129229"}],"wp:attachment":[{"href":"https:\/\/enfoquenoticioso.com\/index.php?rest_route=%2Fwp%2Fv2%2Fmedia&parent=129228"}],"wp:term":[{"taxonomy":"category","embeddable":true,"href":"https:\/\/enfoquenoticioso.com\/index.php?rest_route=%2Fwp%2Fv2%2Fcategories&post=129228"},{"taxonomy":"post_tag","embeddable":true,"href":"https:\/\/enfoquenoticioso.com\/index.php?rest_route=%2Fwp%2Fv2%2Ftags&post=129228"}],"curies":[{"name":"wp","href":"https:\/\/api.w.org\/{rel}","templated":true}]}}