{"id":129232,"date":"2026-04-30T14:47:25","date_gmt":"2026-04-30T14:47:25","guid":{"rendered":"https:\/\/enfoquenoticioso.com\/?p=129232"},"modified":"2026-04-30T14:47:25","modified_gmt":"2026-04-30T14:47:25","slug":"eurocamara-aprueba-resolucion-para-mantener-sanciones-contra-delcy-rodriguez-y-pide-elecciones-libres","status":"publish","type":"post","link":"https:\/\/enfoquenoticioso.com\/?p=129232","title":{"rendered":"Euroc\u00e1mara aprueba resoluci\u00f3n para mantener sanciones contra Delcy Rodr\u00edguez y pide elecciones libres"},"content":{"rendered":"<div id=\"post-584389\">&#13;<br \/>\n\t\t\t&#13;<\/p>\n<div class=\"entry-thumbnail\">\n<img loading=\"lazy\" width=\"777\" height=\"437\" src=\"https:\/\/noticiasaldiayalahora.co\/wp-content\/uploads\/2026\/02\/Delcy-Rodriguez-1-777x437.png\" class=\"attachment-content-single size-content-single wp-post-image\" alt=\"\" decoding=\"async\" srcset=\"https:\/\/noticiasaldiayalahora.co\/wp-content\/uploads\/2026\/02\/Delcy-Rodriguez-1-777x437.png 777w, https:\/\/noticiasaldiayalahora.co\/wp-content\/uploads\/2026\/02\/Delcy-Rodriguez-1-180x101.png 180w, https:\/\/noticiasaldiayalahora.co\/wp-content\/uploads\/2026\/02\/Delcy-Rodriguez-1-260x146.png 260w, https:\/\/noticiasaldiayalahora.co\/wp-content\/uploads\/2026\/02\/Delcy-Rodriguez-1-373x210.png 373w, https:\/\/noticiasaldiayalahora.co\/wp-content\/uploads\/2026\/02\/Delcy-Rodriguez-1-120x67.png 120w\" sizes=\"auto, (max-width: 777px) 100vw, 777px\"\/><\/div>\n<p>\t&#13;<\/p>\n<div class=\"advertisement\">\n<div class=\"sb-widget post-ad\">\n<p style=\"font-size: 10px; color: #999; margin: 0 0 10px 0; text-transform: uppercase; font-family: sans-serif;\">Publicidad \/ Contenido Patrocinado<\/p>\n<\/div><\/div>\n<p>&#13;<\/p>\n<p class=\"entry-meta\">\n<span class=\"entry-meta-author vcard author\">Por: <a class=\"fn\" href=\"https:\/\/noticiasaldiayalahora.co\/author\/redaccion\/\" target=\"_blank\" rel=\"noopener\">Redacci\u00f3n Noticias al Dia y a la Hora<\/a><\/span><br \/>\n<span class=\"entry-meta-date updated\">30 abril, 2026<\/span>\n<\/p>\n<p>\t&#13;<\/p>\n<div class=\"entry-content clearfix\">\n<p>El Parlamento Europeo aprob\u00f3 este jueves una resoluci\u00f3n en la que insta al Consejo de la Uni\u00f3n Europea a mantener las sanciones contra la presidenta encargada de Venezuela, Delcy Rodr\u00edguez, as\u00ed como tambi\u00e9n la exigencia de elecciones en el pa\u00eds y libertad para los presos pol\u00edticos.<\/p>\n<p>La resoluci\u00f3n, impulsada por el Partido Popular espa\u00f1ol, fue respaldada con 507 votos a favor, 31 en contra y 35 abstenciones. En el texto, los eurodiputados subrayan que no deben levantarse las sanciones impuestas a funcionarios venezolanos se\u00f1alados por \u00abviolaciones de derechos humanos\u00bb mientras \u00abno existan avances concretos hacia una transici\u00f3n democr\u00e1tica en el pa\u00eds\u00bb.<\/p>\n<p>El documento condiciona cualquier flexibilizaci\u00f3n de las medidas a acciones como la liberaci\u00f3n de presos pol\u00edticos, la anulaci\u00f3n de procesos judiciales contra la oposici\u00f3n y la adopci\u00f3n de una hoja de ruta cre\u00edble para \u00abcelebrar elecciones libres y justas en Venezuela\u00bb.<\/p>\n<p>La decisi\u00f3n del Parlamento Europeo se produce luego de que el Gobierno espa\u00f1ol anunciara la invitaci\u00f3n de\u00a0Rodr\u00edguez a la Cumbre Iberoamericana prevista para noviembre en Madrid, un evento que reunir\u00e1 a jefes de Estado y de Gobierno de la regi\u00f3n.<\/p>\n<p>A trav\u00e9s de las redes sociales, el Partido Popular Europeo celebr\u00f3 la decisi\u00f3n y asegur\u00f3 \u00abno puede haber una amnist\u00eda en Venezuela sin la excarcelaci\u00f3n de los m\u00e1s de 470 presos pol\u00edticos\u00bb.<\/p>\n<p>Por su parte, la eurodiputada Dolors Montserrat critic\u00f3 duramente la decisi\u00f3n del Gobierno espa\u00f1ol, calific\u00e1ndola de \u201cdesafiante\u201d si no va acompa\u00f1ada de reformas democr\u00e1ticas en Venezuela.<\/p>\n<p>Actualmente, la mandataria venezolana est\u00e1 sujeta a sanciones de la Uni\u00f3n Europea que incluyen la prohibici\u00f3n de entrada al territorio comunitario, aunque existen excepciones en el marco de eventos diplom\u00e1ticos internacionales, como ya ocurri\u00f3 en 2023 durante la cumbre UE-CELAC en Bruselas.<\/p>\n<p>El debate ahora se traslada al Consejo de la Uni\u00f3n Europea, que deber\u00e1 decidir en los pr\u00f3ximos meses si mantiene o modifica el r\u00e9gimen de sanciones vigente.<\/p>\n<\/p><\/div>\n<p>\t&#13;<br \/>\n&#13;<br \/>\n\t<!-- Taboola Below Article con Etiqueta -->&#13;<\/p>\n<div style=\"margin-top: 20px;\">\n<p style=\"font-size: 10px; color: #999; margin: 0 0 5px 0; text-transform: uppercase; font-family: sans-serif;\">Contenido Patrocinado \/ Recomendado para ti<\/p>\n<\/p><\/div>\n<p>&#13;<br \/>\n&#13;<br \/>\n\t\t&#13;\n<\/p><\/div>\n<p><a href=\"https:\/\/noticiasaldiayalahora.co\/internacionales\/eurocamara-aprueba-resolucion-para-mantener-sanciones-contra-delcy-rodriguez-y-pide-elecciones-libres\/\" class=\" target=\" title=\"Euroc\u00e1mara aprueba resoluci\u00f3n para mantener sanciones contra Delcy Rodr\u00edguez y pide elecciones libres\" target=\"_blank\" rel=\"noopener\">Ver fuente<\/a><\/p>\n","protected":false},"excerpt":{"rendered":"<p>&#13; &#13; &#13; Publicidad \/ Contenido Patrocinado &#13; Por: Redacci\u00f3n Noticias al Dia y a la Hora 30 abril, 2026 &#13; El Parlamento Europeo aprob\u00f3 este jueves una resoluci\u00f3n en la que insta al Consejo de la Uni\u00f3n Europea a mantener las sanciones contra la presidenta encargada de Venezuela, Delcy Rodr\u00edguez, as\u00ed como tambi\u00e9n la [&hellip;]<\/p>\n","protected":false},"author":2,"featured_media":129233,"comment_status":"open","ping_status":"closed","sticky":false,"template":"","format":"standard","meta":{"footnotes":""},"categories":[6],"tags":[],"class_list":["post-129232","post","type-post","status-publish","format-standard","has-post-thumbnail","hentry","category-internacionales"],"_links":{"self":[{"href":"https:\/\/enfoquenoticioso.com\/index.php?rest_route=\/wp\/v2\/posts\/129232","targetHints":{"allow":["GET"]}}],"collection":[{"href":"https:\/\/enfoquenoticioso.com\/index.php?rest_route=\/wp\/v2\/posts"}],"about":[{"href":"https:\/\/enfoquenoticioso.com\/index.php?rest_route=\/wp\/v2\/types\/post"}],"author":[{"embeddable":true,"href":"https:\/\/enfoquenoticioso.com\/index.php?rest_route=\/wp\/v2\/users\/2"}],"replies":[{"embeddable":true,"href":"https:\/\/enfoquenoticioso.com\/index.php?rest_route=%2Fwp%2Fv2%2Fcomments&post=129232"}],"version-history":[{"count":0,"href":"https:\/\/enfoquenoticioso.com\/index.php?rest_route=\/wp\/v2\/posts\/129232\/revisions"}],"wp:featuredmedia":[{"embeddable":true,"href":"https:\/\/enfoquenoticioso.com\/index.php?rest_route=\/wp\/v2\/media\/129233"}],"wp:attachment":[{"href":"https:\/\/enfoquenoticioso.com\/index.php?rest_route=%2Fwp%2Fv2%2Fmedia&parent=129232"}],"wp:term":[{"taxonomy":"category","embeddable":true,"href":"https:\/\/enfoquenoticioso.com\/index.php?rest_route=%2Fwp%2Fv2%2Fcategories&post=129232"},{"taxonomy":"post_tag","embeddable":true,"href":"https:\/\/enfoquenoticioso.com\/index.php?rest_route=%2Fwp%2Fv2%2Ftags&post=129232"}],"curies":[{"name":"wp","href":"https:\/\/api.w.org\/{rel}","templated":true}]}}