{"id":129238,"date":"2026-04-30T15:18:15","date_gmt":"2026-04-30T15:18:15","guid":{"rendered":"https:\/\/enfoquenoticioso.com\/?p=129238"},"modified":"2026-04-30T15:18:15","modified_gmt":"2026-04-30T15:18:15","slug":"se-la-tomo-donde-almaceno-sus-armas","status":"publish","type":"post","link":"https:\/\/enfoquenoticioso.com\/?p=129238","title":{"rendered":"Se la tom\u00f3 donde almacen\u00f3 sus armas"},"content":{"rendered":"<div>\n<p><span data-contrast=\"auto\">Minutos antes de intentar irrumpir armado en la Cena de Corresponsales de la Casa Blanca y atacar al presidente de los Estados Unidos, Donald Trump, el sospechoso de querer matar al mandatario<strong>\u00a0se tom\u00f3 una impactante fotograf\u00eda en su habitaci\u00f3n del hotel Washington Hilton.\u00a0<\/strong><\/span><strong>\u00a0<\/strong><\/p>\n<p><span data-contrast=\"auto\">Ahora, esa<strong>\u00a0foto que Cole Tomas Allen se tom\u00f3 rodeado de armas y municiones minutos antes del atentado,<\/strong>\u00a0se convirti\u00f3 en una pieza central de la investigaci\u00f3n federal que reconstruye el ataque frustrado durante la Cena de Corresponsales de la Casa Blanca.<\/span><\/p>\n<p><span data-contrast=\"auto\">La imagen, incorporada a los documentos judiciales,\u00a0<strong>muestra al sospechoso de 31 a\u00f1os vestido de negro y con una corbata roja.<\/strong>\u00a0<strong>Portaba un bolso de municiones, una funda de arma al hombro y un cuchillo enfundado.\u00a0<\/strong><\/span><strong>\u00a0<\/strong><\/p>\n<p><span data-contrast=\"auto\"><strong>Seg\u00fan los fiscales, la fotograf\u00eda fue tomada en la misma habitaci\u00f3n donde Allen almacen\u00f3 su arsenal,<\/strong>\u00a0dentro del hotel que esa noche albergaba al presidente, a la primera dama y a cientos de periodistas y funcionarios del gobierno de Trump.<\/span><span data-ccp-props=\"{&quot;134233117&quot;:false,&quot;134233118&quot;:false,&quot;201341983&quot;:0,&quot;335551550&quot;:1,&quot;335551620&quot;:1,&quot;335559685&quot;:0,&quot;335559737&quot;:0,&quot;335559738&quot;:0,&quot;335559739&quot;:160,&quot;335559740&quot;:259}\">\u00a0<\/span><\/p>\n<p><span data-contrast=\"auto\"><strong>Los investigadores sostienen que el ataque fue planificado con semanas de anticipaci\u00f3n.<\/strong>\u00a0De hecho, se determin\u00f3 que Allen reserv\u00f3 la habitaci\u00f3n el 6 de abril, viaj\u00f3 en tren desde California hasta Washington con escala en Chicago. Y finalmente, se registr\u00f3 en el Hilton un d\u00eda antes del evento.\u00a0<\/span><span data-ccp-props=\"{&quot;134233117&quot;:false,&quot;134233118&quot;:false,&quot;201341983&quot;:0,&quot;335551550&quot;:1,&quot;335551620&quot;:1,&quot;335559685&quot;:0,&quot;335559737&quot;:0,&quot;335559738&quot;:0,&quot;335559739&quot;:160,&quot;335559740&quot;:259}\">\u00a0<\/span><\/p>\n<p><span data-contrast=\"auto\"><strong>La acusaci\u00f3n tambi\u00e9n se\u00f1ala que monitore\u00f3 en l\u00ednea la agenda del mandatario.<\/strong>\u00a0Y de manera llamativa, program\u00f3 correos electr\u00f3nicos con un archivo titulado \u00abApology and Explanation\u00bb (disculpa y explicaci\u00f3n), que se enviaron minutos antes del ataque.<\/span><span data-ccp-props=\"{&quot;134233117&quot;:false,&quot;134233118&quot;:false,&quot;201341983&quot;:0,&quot;335551550&quot;:1,&quot;335551620&quot;:1,&quot;335559685&quot;:0,&quot;335559737&quot;:0,&quot;335559738&quot;:0,&quot;335559739&quot;:160,&quot;335559740&quot;:259}\">\u00a0<\/span><\/p>\n<div id=\"ez-toc-container\" class=\"ez-toc-v2_0_81 counter-hierarchy ez-toc-counter ez-toc-grey ez-toc-container-direction\">\n<div class=\"ez-toc-title-container\">\n<p class=\"ez-toc-title\" style=\"cursor:inherit\">Tabla de Contenido<\/p>\n<span class=\"ez-toc-title-toggle\"><a href=\"#\" class=\"ez-toc-pull-right ez-toc-btn ez-toc-btn-xs ez-toc-btn-default ez-toc-toggle\" aria-label=\"Alternar tabla de contenidos\"><span class=\"ez-toc-js-icon-con\"><span class=\"\"><span class=\"eztoc-hide\" style=\"display:none;\">Toggle<\/span><span class=\"ez-toc-icon-toggle-span\"><svg style=\"fill: #999;color:#999\" xmlns=\"http:\/\/www.w3.org\/2000\/svg\" class=\"list-377408\" width=\"20px\" height=\"20px\" viewBox=\"0 0 24 24\" fill=\"none\"><path d=\"M6 6H4v2h2V6zm14 0H8v2h12V6zM4 11h2v2H4v-2zm16 0H8v2h12v-2zM4 16h2v2H4v-2zm16 0H8v2h12v-2z\" fill=\"currentColor\"><\/path><\/svg><svg style=\"fill: #999;color:#999\" class=\"arrow-unsorted-368013\" xmlns=\"http:\/\/www.w3.org\/2000\/svg\" width=\"10px\" height=\"10px\" viewBox=\"0 0 24 24\" version=\"1.2\" baseProfile=\"tiny\"><path d=\"M18.2 9.3l-6.2-6.3-6.2 6.3c-.2.2-.3.4-.3.7s.1.5.3.7c.2.2.4.3.7.3h11c.3 0 .5-.1.7-.3.2-.2.3-.5.3-.7s-.1-.5-.3-.7zM5.8 14.7l6.2 6.3 6.2-6.3c.2-.2.3-.5.3-.7s-.1-.5-.3-.7c-.2-.2-.4-.3-.7-.3h-11c-.3 0-.5.1-.7.3-.2.2-.3.5-.3.7s.1.5.3.7z\"\/><\/svg><\/span><\/span><\/span><\/a><\/span><\/div>\n<nav><ul class='ez-toc-list ez-toc-list-level-1 ' ><li class='ez-toc-page-1 ez-toc-heading-level-3'><a class=\"ez-toc-link ez-toc-heading-1\" href=\"https:\/\/enfoquenoticioso.com\/?p=129238\/#ATAQUE_EN_LA_CENA_DE_CORRESPONSALES\" >ATAQUE EN LA CENA DE CORRESPONSALES\u00a0\u00a0<\/a><\/li><\/ul><\/nav><\/div>\n<h3 id=\"ataque-en-la-cena-de-corresponsales%c2%a0%c2%a0\" class=\"rb-heading-index-1-285571\"><span class=\"ez-toc-section\" id=\"ATAQUE_EN_LA_CENA_DE_CORRESPONSALES\"><\/span><strong>ATAQUE EN LA CENA DE CORRESPONSALES\u00a0\u00a0<\/strong><span class=\"ez-toc-section-end\"><\/span><\/h3>\n<p><span data-contrast=\"auto\"><strong>El episodio se desat\u00f3 poco despu\u00e9s de iniciada la cena.<\/strong>\u00a0Lo que se detall\u00f3, es que Allen corri\u00f3 hacia los controles de seguridad armado con una escopeta calibre 12 y una pistola semiautom\u00e1tica calibre .38.\u00a0<\/span><span data-ccp-props=\"{&quot;134233117&quot;:false,&quot;134233118&quot;:false,&quot;201341983&quot;:0,&quot;335551550&quot;:1,&quot;335551620&quot;:1,&quot;335559685&quot;:0,&quot;335559737&quot;:0,&quot;335559738&quot;:0,&quot;335559739&quot;:160,&quot;335559740&quot;:259}\">\u00a0<\/span><\/p>\n<p><span data-contrast=\"auto\"><strong>Sin embargo, agentes del Servicio Secreto reaccionaron de inmediato.<\/strong>\u00a0Luego, se produjo un intercambio de disparos que impidi\u00f3, que el sospechoso, ingresara al sal\u00f3n principal donde Trump fue evacuado en cuesti\u00f3n de segundos y en medio del p\u00e1nico generalizado.<\/span><span data-ccp-props=\"{&quot;134233117&quot;:false,&quot;134233118&quot;:false,&quot;201341983&quot;:0,&quot;335551550&quot;:1,&quot;335551620&quot;:1,&quot;335559685&quot;:0,&quot;335559737&quot;:0,&quot;335559738&quot;:0,&quot;335559739&quot;:160,&quot;335559740&quot;:259}\">\u00a0<\/span><\/p>\n<p><span data-contrast=\"auto\">Durante el enfrentamiento,\u00a0<strong>Allen result\u00f3 herido sin recibir impactos de bala,<\/strong>\u00a0mientras que un agente del Servicio Secreto sobrevivi\u00f3 gracias a su chaleco antibalas.<\/span><span data-ccp-props=\"{&quot;134233117&quot;:false,&quot;134233118&quot;:false,&quot;201341983&quot;:0,&quot;335551550&quot;:1,&quot;335551620&quot;:1,&quot;335559685&quot;:0,&quot;335559737&quot;:0,&quot;335559738&quot;:0,&quot;335559739&quot;:160,&quot;335559740&quot;:259}\">\u00a0<\/span><\/p>\n<p><span data-contrast=\"auto\">M\u00e1s tarde, desde la Casa Blanca,\u00a0<strong>Trump afirm\u00f3 que las autoridades consideran que el atacante actu\u00f3 como un \u00ablobo solitario\u00bb.\u00a0<\/strong><\/span><strong>\u00a0<\/strong><\/p>\n<p><span data-contrast=\"auto\">Los fiscales federales, por su parte, aseguran que Allen ten\u00eda la intenci\u00f3n de matar y representa \u00abun peligro excepcionalmente grave para la comunidad\u00bb.<\/span><span data-ccp-props=\"{&quot;134233117&quot;:false,&quot;134233118&quot;:false,&quot;201341983&quot;:0,&quot;335551550&quot;:1,&quot;335551620&quot;:1,&quot;335559685&quot;:0,&quot;335559737&quot;:0,&quot;335559738&quot;:0,&quot;335559739&quot;:160,&quot;335559740&quot;:259}\">\u00a0<\/span><\/p>\n<p>\u00a0<\/p>\n<\/p><\/div>\n<p><a href=\"https:\/\/noticiasaldiayalahora.co\/internacionales\/la-impactante-foto-del-acusado-de-intentar-matar-a-trump-se-la-tomo-donde-almaceno-sus-armas\/\" class=\" target=\" title=\"Se la tom\u00f3 donde almacen\u00f3 sus armas\" target=\"_blank\" rel=\"noopener\">Ver fuente<\/a><\/p>\n","protected":false},"excerpt":{"rendered":"<p>Minutos antes de intentar irrumpir armado en la Cena de Corresponsales de la Casa Blanca y atacar al presidente de los Estados Unidos, Donald Trump, el sospechoso de querer matar al mandatario\u00a0se tom\u00f3 una impactante fotograf\u00eda en su habitaci\u00f3n del hotel Washington Hilton.\u00a0\u00a0 Ahora, esa\u00a0foto que Cole Tomas Allen se tom\u00f3 rodeado de armas y [&hellip;]<\/p>\n","protected":false},"author":2,"featured_media":129239,"comment_status":"open","ping_status":"closed","sticky":false,"template":"","format":"standard","meta":{"footnotes":""},"categories":[6],"tags":[],"class_list":["post-129238","post","type-post","status-publish","format-standard","has-post-thumbnail","hentry","category-internacionales"],"_links":{"self":[{"href":"https:\/\/enfoquenoticioso.com\/index.php?rest_route=\/wp\/v2\/posts\/129238","targetHints":{"allow":["GET"]}}],"collection":[{"href":"https:\/\/enfoquenoticioso.com\/index.php?rest_route=\/wp\/v2\/posts"}],"about":[{"href":"https:\/\/enfoquenoticioso.com\/index.php?rest_route=\/wp\/v2\/types\/post"}],"author":[{"embeddable":true,"href":"https:\/\/enfoquenoticioso.com\/index.php?rest_route=\/wp\/v2\/users\/2"}],"replies":[{"embeddable":true,"href":"https:\/\/enfoquenoticioso.com\/index.php?rest_route=%2Fwp%2Fv2%2Fcomments&post=129238"}],"version-history":[{"count":0,"href":"https:\/\/enfoquenoticioso.com\/index.php?rest_route=\/wp\/v2\/posts\/129238\/revisions"}],"wp:featuredmedia":[{"embeddable":true,"href":"https:\/\/enfoquenoticioso.com\/index.php?rest_route=\/wp\/v2\/media\/129239"}],"wp:attachment":[{"href":"https:\/\/enfoquenoticioso.com\/index.php?rest_route=%2Fwp%2Fv2%2Fmedia&parent=129238"}],"wp:term":[{"taxonomy":"category","embeddable":true,"href":"https:\/\/enfoquenoticioso.com\/index.php?rest_route=%2Fwp%2Fv2%2Fcategories&post=129238"},{"taxonomy":"post_tag","embeddable":true,"href":"https:\/\/enfoquenoticioso.com\/index.php?rest_route=%2Fwp%2Fv2%2Ftags&post=129238"}],"curies":[{"name":"wp","href":"https:\/\/api.w.org\/{rel}","templated":true}]}}