{"id":129248,"date":"2026-04-30T16:18:21","date_gmt":"2026-04-30T16:18:21","guid":{"rendered":"https:\/\/enfoquenoticioso.com\/?p=129248"},"modified":"2026-04-30T16:18:21","modified_gmt":"2026-04-30T16:18:21","slug":"keydomar-vallenilla-alza-oro-con-record-panamericano","status":"publish","type":"post","link":"https:\/\/enfoquenoticioso.com\/?p=129248","title":{"rendered":"Keydomar Vallenilla alza oro con r\u00e9cord panamericano"},"content":{"rendered":"<div data-td-block-uid=\"tdi_72\">\n<div class=\"tdb-block-inner td-fix-index\">\n<p>El venezolano Keydomar Vallenilla demostr\u00f3 una vez m\u00e1s estar en la \u00e9lite de la halterofilia tras conquistar tres medallas de oro en el Campeonato Panamericano de Levantamiento de Pesas y consagrarse campe\u00f3n absoluto.<\/p>\n<p>El criollo logr\u00f3 dominar las modalidades de arranque, envi\u00f3n y total en la divisi\u00f3n de los -94 kg, el cu\u00e1l se disput\u00f3 en el Gimnasio Atheyna Byl\u00f3n de la ciudad de Panam\u00e1.<\/p>\n<p>Vallenilla logr\u00f3 tambi\u00e9n alcanzar el r\u00e9cord panamericano en la modalidad de arranque con un total de 177 kg, esto luego de haber iniciado con un peso de 162 kg para entrar en calor.<\/p>\n<p><strong>Lee tambi\u00e9n: <a href=\"https:\/\/www.liderendeportes.com\/wp-admin\/post.php?post=2321751&amp;action=edit\" target=\"_blank\" rel=\"noopener\">La FIA hace ajustes al reglamento de cara al GP de Miami<\/a><\/strong><\/p>\n<p>En el envi\u00f3n el venezolano inici\u00f3 con un peso de 206 kg, el cu\u00e1l termin\u00f3 elevando hasta la cifra de 212 kg para adjudicarse con la primera posici\u00f3n.<\/p>\n<p>El total lo concret\u00f3 con 389 kg para quedarse con su tercera medalla de la noche y as\u00ed poder seguir trabajando en su camino a los Juegos Ol\u00edmpicos de Los \u00c1ngeles 2028.<\/p>\n<p>Por su parte, Julio Mayora logr\u00f3 conseguir la medalla de bronce en su categor\u00eda tras sumar un total de 145 kg en el arranque y 191 kg en el envi\u00f3, donde logr\u00f3 la presea de plata.<\/p>\n<\/div>\n<\/div>\n<p><a href=\"https:\/\/www.liderendeportes.com\/noticias\/mas-deportes\/pesas\/keydomar-vallenilla-alza-oro-con-record-panamericano\/\" class=\" target=\" title=\"Keydomar Vallenilla alza oro con r\u00e9cord panamericano\" target=\"_blank\" rel=\"noopener\">Ver fuente<\/a><\/p>\n","protected":false},"excerpt":{"rendered":"<p>El venezolano Keydomar Vallenilla demostr\u00f3 una vez m\u00e1s estar en la \u00e9lite de la halterofilia tras conquistar tres medallas de oro en el Campeonato Panamericano de Levantamiento de Pesas y consagrarse campe\u00f3n absoluto. El criollo logr\u00f3 dominar las modalidades de arranque, envi\u00f3n y total en la divisi\u00f3n de los -94 kg, el cu\u00e1l se disput\u00f3 [&hellip;]<\/p>\n","protected":false},"author":2,"featured_media":129249,"comment_status":"open","ping_status":"closed","sticky":false,"template":"","format":"standard","meta":{"footnotes":""},"categories":[7],"tags":[],"class_list":["post-129248","post","type-post","status-publish","format-standard","has-post-thumbnail","hentry","category-deporte"],"_links":{"self":[{"href":"https:\/\/enfoquenoticioso.com\/index.php?rest_route=\/wp\/v2\/posts\/129248","targetHints":{"allow":["GET"]}}],"collection":[{"href":"https:\/\/enfoquenoticioso.com\/index.php?rest_route=\/wp\/v2\/posts"}],"about":[{"href":"https:\/\/enfoquenoticioso.com\/index.php?rest_route=\/wp\/v2\/types\/post"}],"author":[{"embeddable":true,"href":"https:\/\/enfoquenoticioso.com\/index.php?rest_route=\/wp\/v2\/users\/2"}],"replies":[{"embeddable":true,"href":"https:\/\/enfoquenoticioso.com\/index.php?rest_route=%2Fwp%2Fv2%2Fcomments&post=129248"}],"version-history":[{"count":0,"href":"https:\/\/enfoquenoticioso.com\/index.php?rest_route=\/wp\/v2\/posts\/129248\/revisions"}],"wp:featuredmedia":[{"embeddable":true,"href":"https:\/\/enfoquenoticioso.com\/index.php?rest_route=\/wp\/v2\/media\/129249"}],"wp:attachment":[{"href":"https:\/\/enfoquenoticioso.com\/index.php?rest_route=%2Fwp%2Fv2%2Fmedia&parent=129248"}],"wp:term":[{"taxonomy":"category","embeddable":true,"href":"https:\/\/enfoquenoticioso.com\/index.php?rest_route=%2Fwp%2Fv2%2Fcategories&post=129248"},{"taxonomy":"post_tag","embeddable":true,"href":"https:\/\/enfoquenoticioso.com\/index.php?rest_route=%2Fwp%2Fv2%2Ftags&post=129248"}],"curies":[{"name":"wp","href":"https:\/\/api.w.org\/{rel}","templated":true}]}}