{"id":129250,"date":"2026-04-30T16:48:06","date_gmt":"2026-04-30T16:48:06","guid":{"rendered":"https:\/\/enfoquenoticioso.com\/?p=129250"},"modified":"2026-04-30T16:48:06","modified_gmt":"2026-04-30T16:48:06","slug":"porfi-baloa-servando-y-florentino-y-otros-desmienten-su-participacion-en-el-concierto-en-la-carlota","status":"publish","type":"post","link":"https:\/\/enfoquenoticioso.com\/?p=129250","title":{"rendered":"Porfi Baloa, Servando y Florentino y otros desmienten su participaci\u00f3n en el concierto en La Carlota"},"content":{"rendered":"<div>\n<p>El equipo de trabajo del ic\u00f3nico m\u00fasico venezolano Porfi Baloa desminti\u00f3 su presencia en el concierto anunciado por el presidente de la Asamblea Nacional, Jorge Rodr\u00edguez, el pr\u00f3ximo 1 de mayo en La Carlota.<\/p>\n<p>\u00abQueremos tomar un momento para aclarar algunos rumores que han estado circulando recientemente. El maestro Porfi Baloa no estar\u00e1 participando en ning\u00fan evento programado para el pr\u00f3ximo 1 de mayo en Caracas\u00bb, indic\u00f3 el equipo en un comunicado divulgado en las redes sociales.<\/p>\n<p>En este sentido, hizo un llamado a estar pendiente de las redes para que sus fan\u00e1ticos puedan enterarse de sus pr\u00f3ximas presentaciones. \u00abAgradecemos el cari\u00f1o, la atenci\u00f3n y el inter\u00e9s del p\u00fablico, y siempre recomendamos confirmar la informaci\u00f3n a trav\u00e9s de los canales oficiales\u00bb.<\/p>\n<p><img loading=\"lazy\" decoding=\"async\" class=\"alignnone size-full wp-image-285725\" src=\"https:\/\/caraotadigital.net\/wp-content\/uploads\/2026\/04\/WhatsApp-Image-2026-04-30-at-11.18.44-AM.jpeg\" alt=\"\" width=\"488\" height=\"608\"\/><\/p>\n<p>Este anuncio se suma al realizado por Servando y Florentino, quienes tambi\u00e9n desmintieron su presencia el pr\u00f3ximo 1 de mayo en La Carlota.<\/p>\n<p>El anuncio de ambos lo hab\u00eda hecho el propio presidente de la Asamblea Nacional, Jorge Rodr\u00edguez en un encuentro con la prensa.<\/p>\n<p>Seg\u00fan la Agencia Venezolana de Noticias se estar\u00edan presentando Bonny Cepeda, Magic Juan, llegales, La Dimensi\u00f3n Latina, Felipe Pel\u00e1ez, Pablo Montero, Los Rabanes, Corina Smith, V\u00edctor Drija, Lion L\u00e1zaro y Los Cadillacs.<\/p>\n<p>En la lista compartida por este medio no incluyen a \u00d3scar D\u2019Le\u00f3n, Nicky Jam y Justin Quiles a quienes tambi\u00e9n hab\u00eda mencionado Rodr\u00edguez. No obstante queda en duda su veracidad ya que incluyeron a Porfi Baloa, quien recientemente descart\u00f3 su presencia, por lo que sigue la incertidumbre sobre los artistas que s\u00ed dir\u00e1n presente en el evento.<\/p>\n<\/p><\/div>\n<p><a href=\"https:\/\/noticiasaldiayalahora.co\/entretenimiento\/porfi-baloa-servando-y-florentino-y-otros-desmienten-su-participacion-en-el-concierto-en-la-carlota\/\" class=\" target=\" title=\"Porfi Baloa, Servando y Florentino y otros desmienten su participaci\u00f3n en el concierto en La Carlota\" target=\"_blank\" rel=\"noopener\">Ver fuente<\/a><\/p>\n","protected":false},"excerpt":{"rendered":"<p>El equipo de trabajo del ic\u00f3nico m\u00fasico venezolano Porfi Baloa desminti\u00f3 su presencia en el concierto anunciado por el presidente de la Asamblea Nacional, Jorge Rodr\u00edguez, el pr\u00f3ximo 1 de mayo en La Carlota. \u00abQueremos tomar un momento para aclarar algunos rumores que han estado circulando recientemente. El maestro Porfi Baloa no estar\u00e1 participando en [&hellip;]<\/p>\n","protected":false},"author":2,"featured_media":129251,"comment_status":"open","ping_status":"closed","sticky":false,"template":"","format":"standard","meta":{"footnotes":""},"categories":[8],"tags":[],"class_list":["post-129250","post","type-post","status-publish","format-standard","has-post-thumbnail","hentry","category-entretenimiento"],"_links":{"self":[{"href":"https:\/\/enfoquenoticioso.com\/index.php?rest_route=\/wp\/v2\/posts\/129250","targetHints":{"allow":["GET"]}}],"collection":[{"href":"https:\/\/enfoquenoticioso.com\/index.php?rest_route=\/wp\/v2\/posts"}],"about":[{"href":"https:\/\/enfoquenoticioso.com\/index.php?rest_route=\/wp\/v2\/types\/post"}],"author":[{"embeddable":true,"href":"https:\/\/enfoquenoticioso.com\/index.php?rest_route=\/wp\/v2\/users\/2"}],"replies":[{"embeddable":true,"href":"https:\/\/enfoquenoticioso.com\/index.php?rest_route=%2Fwp%2Fv2%2Fcomments&post=129250"}],"version-history":[{"count":0,"href":"https:\/\/enfoquenoticioso.com\/index.php?rest_route=\/wp\/v2\/posts\/129250\/revisions"}],"wp:featuredmedia":[{"embeddable":true,"href":"https:\/\/enfoquenoticioso.com\/index.php?rest_route=\/wp\/v2\/media\/129251"}],"wp:attachment":[{"href":"https:\/\/enfoquenoticioso.com\/index.php?rest_route=%2Fwp%2Fv2%2Fmedia&parent=129250"}],"wp:term":[{"taxonomy":"category","embeddable":true,"href":"https:\/\/enfoquenoticioso.com\/index.php?rest_route=%2Fwp%2Fv2%2Fcategories&post=129250"},{"taxonomy":"post_tag","embeddable":true,"href":"https:\/\/enfoquenoticioso.com\/index.php?rest_route=%2Fwp%2Fv2%2Ftags&post=129250"}],"curies":[{"name":"wp","href":"https:\/\/api.w.org\/{rel}","templated":true}]}}