{"id":129254,"date":"2026-04-30T16:52:02","date_gmt":"2026-04-30T16:52:02","guid":{"rendered":"https:\/\/enfoquenoticioso.com\/?p=129254"},"modified":"2026-04-30T16:52:02","modified_gmt":"2026-04-30T16:52:02","slug":"primer-vuelo-directo-entre-eeuu-y-venezuela-en-siete-anos-despega-desde-miami","status":"publish","type":"post","link":"https:\/\/enfoquenoticioso.com\/?p=129254","title":{"rendered":"Primer vuelo directo entre EEUU y Venezuela en siete a\u00f1os despega desde Miami"},"content":{"rendered":"<div id=\"post-584403\">&#13;<br \/>\n\t\t\t&#13;<\/p>\n<div class=\"entry-thumbnail\">\n<img loading=\"lazy\" width=\"777\" height=\"437\" src=\"https:\/\/noticiasaldiayalahora.co\/wp-content\/uploads\/2026\/04\/American-airlines-1-777x437.webp\" class=\"attachment-content-single size-content-single wp-post-image\" alt=\"\" decoding=\"async\" srcset=\"https:\/\/noticiasaldiayalahora.co\/wp-content\/uploads\/2026\/04\/American-airlines-1-777x437.webp 777w, https:\/\/noticiasaldiayalahora.co\/wp-content\/uploads\/2026\/04\/American-airlines-1-300x169.webp 300w, https:\/\/noticiasaldiayalahora.co\/wp-content\/uploads\/2026\/04\/American-airlines-1-1024x576.webp 1024w, https:\/\/noticiasaldiayalahora.co\/wp-content\/uploads\/2026\/04\/American-airlines-1-768x432.webp 768w, https:\/\/noticiasaldiayalahora.co\/wp-content\/uploads\/2026\/04\/American-airlines-1-180x101.webp 180w, https:\/\/noticiasaldiayalahora.co\/wp-content\/uploads\/2026\/04\/American-airlines-1-260x146.webp 260w, https:\/\/noticiasaldiayalahora.co\/wp-content\/uploads\/2026\/04\/American-airlines-1-373x210.webp 373w, https:\/\/noticiasaldiayalahora.co\/wp-content\/uploads\/2026\/04\/American-airlines-1-120x67.webp 120w, https:\/\/noticiasaldiayalahora.co\/wp-content\/uploads\/2026\/04\/American-airlines-1.webp 1536w\" sizes=\"auto, (max-width: 777px) 100vw, 777px\"\/><\/div>\n<p>\t&#13;<\/p>\n<div class=\"advertisement\">\n<div class=\"sb-widget post-ad\">\n<p style=\"font-size: 10px; color: #999; margin: 0 0 10px 0; text-transform: uppercase; font-family: sans-serif;\">Publicidad \/ Contenido Patrocinado<\/p>\n<\/div><\/div>\n<p>&#13;<\/p>\n<p class=\"entry-meta\">\n<span class=\"entry-meta-author vcard author\">Por: <a class=\"fn\" href=\"https:\/\/noticiasaldiayalahora.co\/author\/redaccion\/\" target=\"_blank\" rel=\"noopener\">Redacci\u00f3n Noticias al Dia y a la Hora<\/a><\/span><br \/>\n<span class=\"entry-meta-date updated\">30 abril, 2026<\/span>\n<\/p>\n<p>\t&#13;<\/p>\n<div class=\"entry-content clearfix\">\n<p>El primer vuelo comercial directo entre Estados Unidos y Venezuela en casi siete a\u00f1os despeg\u00f3 este jueves desde el Aeropuerto Internacional de Miami, marcando el restablecimiento de una conexi\u00f3n a\u00e9rea interrumpida desde 2019.<\/p>\n<p>La operaci\u00f3n, realizada por American Airlines, parti\u00f3 con destino a Caracas en medio de un ambiente festivo en la terminal a\u00e9rea, donde pasajeros y familiares celebraron el esperado reinicio de la ruta con banderas venezolanas, m\u00fasica y alimentos t\u00edpicos como arepas y teque\u00f1os.<\/p>\n<p>El vuelo, con una duraci\u00f3n aproximada de tres horas, fue recibido con gran expectativa por la comunidad venezolana residente en Estados Unidos, especialmente en el sur de Florida, que durante a\u00f1os ha dependido de conexiones indirectas para viajar a su pa\u00eds de origen.<\/p>\n<p><iframe loading=\"lazy\" style=\"border: none; overflow: hidden;\" src=\"https:\/\/www.facebook.com\/plugins\/video.php?height=476&amp;href=https%3A%2F%2Fwww.facebook.com%2Freel%2F4391588654452505%2F&amp;show_text=true&amp;width=267&amp;t=0\" width=\"267\" height=\"591\" frameborder=\"0\" scrolling=\"no\" allowfullscreen=\"allowfullscreen\"><\/iframe><\/p>\n<p>En el aeropuerto estuvieron presentes autoridades locales, entre ellas la alcaldesa de Miami-Dade, Daniella Levine\u00a0Cava, quien destac\u00f3 el significado del restablecimiento de la conexi\u00f3n a\u00e9rea para las familias y la movilidad entre ambos pa\u00edses.<\/p>\n<p>La ruta hab\u00eda sido suspendida en 2019 en medio de tensiones diplom\u00e1ticas entre Washington y Caracas\u00a0durante el primer mandato de Donald Trump, lo que provoc\u00f3 la interrupci\u00f3n total de los vuelos directos comerciales.<\/p>\n<p>El regreso de esta conexi\u00f3n marca un nuevo paso en la normalizaci\u00f3n gradual de los v\u00ednculos bilaterales y abre nuevamente la posibilidad de viajes directos entre ambos pa\u00edses tras a\u00f1os de restricciones.<\/p>\n<\/p><\/div>\n<p>\t&#13;<br \/>\n&#13;<br \/>\n\t<!-- Taboola Below Article con Etiqueta -->&#13;<\/p>\n<div style=\"margin-top: 20px;\">\n<p style=\"font-size: 10px; color: #999; margin: 0 0 5px 0; text-transform: uppercase; font-family: sans-serif;\">Contenido Patrocinado \/ Recomendado para ti<\/p>\n<\/p><\/div>\n<p>&#13;<br \/>\n&#13;<br \/>\n\t\t&#13;\n<\/p><\/div>\n<p><a href=\"https:\/\/noticiasaldiayalahora.co\/internacionales\/primer-vuelo-directo-entre-eeuu-y-venezuela-en-siete-anos-despega-desde-miami\/\" class=\" target=\" title=\"Primer vuelo directo entre EEUU y Venezuela en siete a\u00f1os despega desde Miami\" target=\"_blank\" rel=\"noopener\">Ver fuente<\/a><\/p>\n","protected":false},"excerpt":{"rendered":"<p>&#13; &#13; &#13; Publicidad \/ Contenido Patrocinado &#13; Por: Redacci\u00f3n Noticias al Dia y a la Hora 30 abril, 2026 &#13; El primer vuelo comercial directo entre Estados Unidos y Venezuela en casi siete a\u00f1os despeg\u00f3 este jueves desde el Aeropuerto Internacional de Miami, marcando el restablecimiento de una conexi\u00f3n a\u00e9rea interrumpida desde 2019. La [&hellip;]<\/p>\n","protected":false},"author":2,"featured_media":129255,"comment_status":"open","ping_status":"closed","sticky":false,"template":"","format":"standard","meta":{"footnotes":""},"categories":[6],"tags":[],"class_list":["post-129254","post","type-post","status-publish","format-standard","has-post-thumbnail","hentry","category-internacionales"],"_links":{"self":[{"href":"https:\/\/enfoquenoticioso.com\/index.php?rest_route=\/wp\/v2\/posts\/129254","targetHints":{"allow":["GET"]}}],"collection":[{"href":"https:\/\/enfoquenoticioso.com\/index.php?rest_route=\/wp\/v2\/posts"}],"about":[{"href":"https:\/\/enfoquenoticioso.com\/index.php?rest_route=\/wp\/v2\/types\/post"}],"author":[{"embeddable":true,"href":"https:\/\/enfoquenoticioso.com\/index.php?rest_route=\/wp\/v2\/users\/2"}],"replies":[{"embeddable":true,"href":"https:\/\/enfoquenoticioso.com\/index.php?rest_route=%2Fwp%2Fv2%2Fcomments&post=129254"}],"version-history":[{"count":0,"href":"https:\/\/enfoquenoticioso.com\/index.php?rest_route=\/wp\/v2\/posts\/129254\/revisions"}],"wp:featuredmedia":[{"embeddable":true,"href":"https:\/\/enfoquenoticioso.com\/index.php?rest_route=\/wp\/v2\/media\/129255"}],"wp:attachment":[{"href":"https:\/\/enfoquenoticioso.com\/index.php?rest_route=%2Fwp%2Fv2%2Fmedia&parent=129254"}],"wp:term":[{"taxonomy":"category","embeddable":true,"href":"https:\/\/enfoquenoticioso.com\/index.php?rest_route=%2Fwp%2Fv2%2Fcategories&post=129254"},{"taxonomy":"post_tag","embeddable":true,"href":"https:\/\/enfoquenoticioso.com\/index.php?rest_route=%2Fwp%2Fv2%2Ftags&post=129254"}],"curies":[{"name":"wp","href":"https:\/\/api.w.org\/{rel}","templated":true}]}}