{"id":129262,"date":"2026-04-30T17:54:00","date_gmt":"2026-04-30T17:54:00","guid":{"rendered":"https:\/\/enfoquenoticioso.com\/?p=129262"},"modified":"2026-04-30T17:54:00","modified_gmt":"2026-04-30T17:54:00","slug":"pronto-estaremos-juntos-en-las-calles","status":"publish","type":"post","link":"https:\/\/enfoquenoticioso.com\/?p=129262","title":{"rendered":"&#8216;Pronto estaremos juntos en las calles&#8217;"},"content":{"rendered":"<div id=\"post-584412\">&#13;<br \/>\n\t\t\t&#13;<\/p>\n<div class=\"entry-thumbnail\">\n<img loading=\"lazy\" width=\"718\" height=\"375\" src=\"https:\/\/noticiasaldiayalahora.co\/wp-content\/uploads\/2026\/04\/Juan-Pablo-Guanipa-Maria-Corina-Machado.jpg\" class=\"attachment-content-single size-content-single wp-post-image\" alt=\"\" decoding=\"async\" srcset=\"https:\/\/noticiasaldiayalahora.co\/wp-content\/uploads\/2026\/04\/Juan-Pablo-Guanipa-Maria-Corina-Machado.jpg 718w, https:\/\/noticiasaldiayalahora.co\/wp-content\/uploads\/2026\/04\/Juan-Pablo-Guanipa-Maria-Corina-Machado-300x157.jpg 300w\" sizes=\"auto, (max-width: 718px) 100vw, 718px\"\/><\/div>\n<p>\t&#13;<\/p>\n<div class=\"advertisement\">\n<div class=\"sb-widget post-ad\">\n<p style=\"font-size: 10px; color: #999; margin: 0 0 10px 0; text-transform: uppercase; font-family: sans-serif;\">Publicidad \/ Contenido Patrocinado<\/p>\n<\/div><\/div>\n<p>&#13;<\/p>\n<p class=\"entry-meta\">\n<span class=\"entry-meta-author vcard author\">Por: <a class=\"fn\" href=\"https:\/\/noticiasaldiayalahora.co\/author\/redaccion\/\" target=\"_blank\" rel=\"noopener\">Redacci\u00f3n Noticias al Dia y a la Hora<\/a><\/span><br \/>\n<span class=\"entry-meta-date updated\">30 abril, 2026<\/span>\n<\/p>\n<p>\t&#13;<\/p>\n<div class=\"entry-content clearfix\">\n<p>El dirigente de Primero Justicia, Juan Pablo Guanipa, se reuni\u00f3 con la l\u00edder venezolana y Premio Nobel de la Paz, Mar\u00eda Corina Machado, en Estados Unidos, en un encuentro que describieron como el pre\u00e1mbulo de su regreso a Venezuela para encabezar la fase final de la lucha por la democracia.<\/p>\n<p>\u00abAunque encontrarme luego de tanto tiempo y tantas crisis es especial, es apenas un abrebocas de lo que viene. Pronto estaremos juntos en las calles trabajando por la victoria definitiva de Venezuela sobre la dictadura\u00bb, escribi\u00f3 Guanipa en un mensaje publicado en sus redes sociales.<\/p>\n<p>El dirigente record\u00f3 que la \u00faltima vez que vio a Machado fue el 9 de enero de 2025 en las calles de Caracas, cuando ella fue arrestada temporalmente por fuerzas del r\u00e9gimen, y describi\u00f3 los meses que siguieron como uno de los per\u00edodos m\u00e1s duros para ambos.<\/p>\n<p>\u00abLas semanas y meses despu\u00e9s de ese encuentro con nuestro pueblo fueron dif\u00edciles. Ambos pasamos meses en la clandestinidad. En mi caso, fui capturado y pas\u00e9 por la funesta y lamentablemente com\u00fan experiencia de la c\u00e1rcel pol\u00edtica. En su caso, tuvo que escapar de nuestro pa\u00eds en una misi\u00f3n arriesgada y valiente mientras era buscada por Maduro y sus esbirros\u00bb, relat\u00f3.<\/p>\n<p>Guanipa tambi\u00e9n marc\u00f3 el contraste con el momento pol\u00edtico actual: \u00abHoy, Venezuela est\u00e1 en una posici\u00f3n completamente diferente a nuestro \u00faltimo encuentro. El que nos persegu\u00eda es el que est\u00e1 preso y los esbirros del r\u00e9gimen son los que est\u00e1n bajo amenaza\u00bb.<\/p>\n<p>El dirigente cerr\u00f3 su mensaje con una declaraci\u00f3n de optimismo y compromiso: \u00abLos venezolanos estamos listos, dispuestos y preparados para llevar, bajo el liderazgo de Mar\u00eda Corina Machado, a nuestro pa\u00eds a la libertad. Estamos listos para volver a ser Venezuela: una naci\u00f3n destinada a la grandeza. \u00a1Viva Venezuela Libre!\u00bb<\/p>\n<\/p><\/div>\n<p>\t&#13;<br \/>\n&#13;<br \/>\n\t<!-- Taboola Below Article con Etiqueta -->&#13;<\/p>\n<div style=\"margin-top: 20px;\">\n<p style=\"font-size: 10px; color: #999; margin: 0 0 5px 0; text-transform: uppercase; font-family: sans-serif;\">Contenido Patrocinado \/ Recomendado para ti<\/p>\n<\/p><\/div>\n<p>&#13;<br \/>\n&#13;<br \/>\n\t\t&#13;\n<\/p><\/div>\n<p><a href=\"https:\/\/noticiasaldiayalahora.co\/internacionales\/juan-pablo-guanipa-se-reunio-con-maria-corina-machado-en-eeuu-pronto-estaremos-juntos-en-las-calles\/\" class=\" target=\" title=\"&#039;Pronto estaremos juntos en las calles&#039;\" target=\"_blank\" rel=\"noopener\">Ver fuente<\/a><\/p>\n","protected":false},"excerpt":{"rendered":"<p>&#13; &#13; &#13; Publicidad \/ Contenido Patrocinado &#13; Por: Redacci\u00f3n Noticias al Dia y a la Hora 30 abril, 2026 &#13; El dirigente de Primero Justicia, Juan Pablo Guanipa, se reuni\u00f3 con la l\u00edder venezolana y Premio Nobel de la Paz, Mar\u00eda Corina Machado, en Estados Unidos, en un encuentro que describieron como el pre\u00e1mbulo [&hellip;]<\/p>\n","protected":false},"author":2,"featured_media":129263,"comment_status":"open","ping_status":"closed","sticky":false,"template":"","format":"standard","meta":{"footnotes":""},"categories":[6],"tags":[],"class_list":["post-129262","post","type-post","status-publish","format-standard","has-post-thumbnail","hentry","category-internacionales"],"_links":{"self":[{"href":"https:\/\/enfoquenoticioso.com\/index.php?rest_route=\/wp\/v2\/posts\/129262","targetHints":{"allow":["GET"]}}],"collection":[{"href":"https:\/\/enfoquenoticioso.com\/index.php?rest_route=\/wp\/v2\/posts"}],"about":[{"href":"https:\/\/enfoquenoticioso.com\/index.php?rest_route=\/wp\/v2\/types\/post"}],"author":[{"embeddable":true,"href":"https:\/\/enfoquenoticioso.com\/index.php?rest_route=\/wp\/v2\/users\/2"}],"replies":[{"embeddable":true,"href":"https:\/\/enfoquenoticioso.com\/index.php?rest_route=%2Fwp%2Fv2%2Fcomments&post=129262"}],"version-history":[{"count":0,"href":"https:\/\/enfoquenoticioso.com\/index.php?rest_route=\/wp\/v2\/posts\/129262\/revisions"}],"wp:featuredmedia":[{"embeddable":true,"href":"https:\/\/enfoquenoticioso.com\/index.php?rest_route=\/wp\/v2\/media\/129263"}],"wp:attachment":[{"href":"https:\/\/enfoquenoticioso.com\/index.php?rest_route=%2Fwp%2Fv2%2Fmedia&parent=129262"}],"wp:term":[{"taxonomy":"category","embeddable":true,"href":"https:\/\/enfoquenoticioso.com\/index.php?rest_route=%2Fwp%2Fv2%2Fcategories&post=129262"},{"taxonomy":"post_tag","embeddable":true,"href":"https:\/\/enfoquenoticioso.com\/index.php?rest_route=%2Fwp%2Fv2%2Ftags&post=129262"}],"curies":[{"name":"wp","href":"https:\/\/api.w.org\/{rel}","templated":true}]}}