{"id":129266,"date":"2026-04-30T18:40:13","date_gmt":"2026-04-30T18:40:13","guid":{"rendered":"https:\/\/enfoquenoticioso.com\/?p=129266"},"modified":"2026-04-30T18:40:13","modified_gmt":"2026-04-30T18:40:13","slug":"el-galaxy-s27-ultra-tendria-una-camara-menos-y-lo-creas-o-no-seria-algo-positivo","status":"publish","type":"post","link":"https:\/\/enfoquenoticioso.com\/?p=129266","title":{"rendered":"El Galaxy S27 Ultra tendr\u00eda una c\u00e1mara menos y, lo creas o no, ser\u00eda algo positivo"},"content":{"rendered":"<figure><img loading=\"lazy\" decoding=\"async\" width=\"1024\" height=\"683\" src=\"https:\/\/i0.wp.com\/imgs.hipertextual.com\/wp-content\/uploads\/2026\/03\/Samsung-Galaxy-S26-Utra-4.jpg?fit=1024%2C683&amp;quality=70&amp;strip=all&amp;ssl=1\" class=\"attachment-rss-image-size size-rss-image-size wp-post-image\" alt=\"\" \/><\/figure>\n<p><strong>Samsung<\/strong> se habr\u00eda convencido de que m\u00e1s no siempre es mejor, y lo aplicar\u00eda en la configuraci\u00f3n de c\u00e1maras del <strong>Galaxy S27 Ultra<\/strong>. Seg\u00fan una nueva filtraci\u00f3n, el pr\u00f3ximo buque insignia de la marca <strong>llegar\u00eda con una c\u00e1mara menos<\/strong>. Un cambio ambicioso y que, lo creas o no, ser\u00eda para bien.<\/p>\n<p>De acuerdo con el conocido filtrador Ice Universe, Samsung <strong>eliminar\u00eda el teleobjetivo de 10 MP con zoom de 3 aumentos<\/strong> en el Galaxy S27 Ultra. Dicho sensor es el m\u00e1s criticado del Galaxy S26 Ultra y sus predecesores, quedando en la consideraci\u00f3n como el m\u00e1s in\u00fatil que brinda el smartphone del fabricante coreano.<\/p>\n<p>El leaker <a href=\"https:\/\/x.com\/UniverseIce\/status\/2049766423707451517\">afirma<\/a> que el teleobjetivo 3x no va a mejorar ni a empeorar, sino que directamente va a desaparecer del Galaxy S27 Ultra. Si esto se confirma, Samsung podr\u00eda volver a un setup de triple c\u00e1mara trasera en su pr\u00f3ximo modelo tope de gama, eliminando al eslab\u00f3n m\u00e1s d\u00e9bil de la cadena.<\/p>\n<p>Pero este no ser\u00eda el \u00fanico cambio notorio que traer\u00eda la c\u00e1mara del Galaxy S27 Ultra. Seg\u00fan ha comentado, el m\u00f3vil podr\u00eda incorporar <strong>una nueva c\u00e1mara principal con apertura variable<\/strong>. Adem\u00e1s, adoptar\u00eda un sensor ultra gran angular de nueva generaci\u00f3n que debutar\u00eda este a\u00f1o con el Galaxy Z Fold 8.<\/p>\n<p>Por otra parte, el presunto \u00fanico teleobjetivo del Galaxy S27 Ultra podr\u00eda tener <strong>un zoom \u00f3ptico m\u00e1s amplio<\/strong> que el de 5 aumentos que ofrece en el S26 Ultra. En tanto que la c\u00e1mara frontal tambi\u00e9n ser\u00eda optimizada, aunque no se brindan m\u00e1s detalles en tal sentido.<\/p>\n<div id=\"ez-toc-container\" class=\"ez-toc-v2_0_81 counter-hierarchy ez-toc-counter ez-toc-grey ez-toc-container-direction\">\n<div class=\"ez-toc-title-container\">\n<p class=\"ez-toc-title\" style=\"cursor:inherit\">Tabla de Contenido<\/p>\n<span class=\"ez-toc-title-toggle\"><a href=\"#\" class=\"ez-toc-pull-right ez-toc-btn ez-toc-btn-xs ez-toc-btn-default ez-toc-toggle\" aria-label=\"Alternar tabla de contenidos\"><span class=\"ez-toc-js-icon-con\"><span class=\"\"><span class=\"eztoc-hide\" style=\"display:none;\">Toggle<\/span><span class=\"ez-toc-icon-toggle-span\"><svg style=\"fill: #999;color:#999\" xmlns=\"http:\/\/www.w3.org\/2000\/svg\" class=\"list-377408\" width=\"20px\" height=\"20px\" viewBox=\"0 0 24 24\" fill=\"none\"><path d=\"M6 6H4v2h2V6zm14 0H8v2h12V6zM4 11h2v2H4v-2zm16 0H8v2h12v-2zM4 16h2v2H4v-2zm16 0H8v2h12v-2z\" fill=\"currentColor\"><\/path><\/svg><svg style=\"fill: #999;color:#999\" class=\"arrow-unsorted-368013\" xmlns=\"http:\/\/www.w3.org\/2000\/svg\" width=\"10px\" height=\"10px\" viewBox=\"0 0 24 24\" version=\"1.2\" baseProfile=\"tiny\"><path d=\"M18.2 9.3l-6.2-6.3-6.2 6.3c-.2.2-.3.4-.3.7s.1.5.3.7c.2.2.4.3.7.3h11c.3 0 .5-.1.7-.3.2-.2.3-.5.3-.7s-.1-.5-.3-.7zM5.8 14.7l6.2 6.3 6.2-6.3c.2-.2.3-.5.3-.7s-.1-.5-.3-.7c-.2-.2-.4-.3-.7-.3h-11c-.3 0-.5.1-.7.3-.2.2-.3.5-.3.7s.1.5.3.7z\"\/><\/svg><\/span><\/span><\/span><\/a><\/span><\/div>\n<nav><ul class='ez-toc-list ez-toc-list-level-1 ' ><li class='ez-toc-page-1 ez-toc-heading-level-2'><a class=\"ez-toc-link ez-toc-heading-1\" href=\"https:\/\/enfoquenoticioso.com\/?p=129266\/#El_Galaxy_S27_Ultra_eliminaria_su_teleobjetivo_mas_pequeno_segun_una_filtracion\" >El Galaxy S27 Ultra eliminar\u00eda su teleobjetivo m\u00e1s peque\u00f1o, seg\u00fan una filtraci\u00f3n<\/a><\/li><\/ul><\/nav><\/div>\n<h2 class=\"wp-block-heading\" id=\"h-el-galaxy-s27-ultra-eliminaria-su-teleobjetivo-mas-pequeno-segun-una-filtracion\"><span class=\"ez-toc-section\" id=\"El_Galaxy_S27_Ultra_eliminaria_su_teleobjetivo_mas_pequeno_segun_una_filtracion\"><\/span>El Galaxy S27 Ultra eliminar\u00eda su teleobjetivo m\u00e1s peque\u00f1o, seg\u00fan una filtraci\u00f3n<span class=\"ez-toc-section-end\"><\/span><\/h2>\n<figure class=\"wp-block-image alignwide size-large\"><img decoding=\"async\" data-recalc-dims=\"1\" loading=\"lazy\" width=\"780\" height=\"520\" src=\"https:\/\/i0.wp.com\/imgs.hipertextual.com\/wp-content\/uploads\/2026\/03\/Samsung-Galaxy-S26-Utra-1-1500x1000.jpg?resize=780%2C520&#038;quality=70&#038;strip=all&#038;ssl=1\" alt=\"El Galaxy S27 Ultra eliminar\u00eda su teleobjetivo m\u00e1s peque\u00f1o, seg\u00fan una filtraci\u00f3n\" class=\"wp-image-1878413\" \/><\/figure>\n<p>Como siempre decimos, este tipo de rumores y filtraciones se deben tomar con pinzas. En especial, cuando se trata de un producto que llegar\u00e1 al mercado reci\u00e9n a comienzos del a\u00f1o pr\u00f3ximo. De todas maneras, no es la primera vez que se rumora sobre <a href=\"https:\/\/hipertextual.com\/mobile\/galaxy-s27-ultra-camara-200-mp\/\" target=\"_blank\" rel=\"noopener\">cambios importantes<\/a> en la c\u00e1mara del Galaxy S27 Ultra.<\/p>\n<p>Si Samsung realmente opta por eliminar el teleobjetivo de tres aumentos, <strong>podr\u00eda marcar un precedente interesante<\/strong>. Especialmente cuando muchos fabricantes siguen convencidos de que tener m\u00e1s c\u00e1maras en el m\u00f3vil es mejor, cosa que lejos est\u00e1 de ser siempre verdad.<\/p>\n<p>M\u00e1s all\u00e1 de la c\u00e1mara, los rumores m\u00e1s recientes apuntan a que el Galaxy S27 Ultra <a href=\"https:\/\/hipertextual.com\/mobile\/chip-samsung-galaxy-s27-ultra-exynos-snapdragon\/\" target=\"_blank\" rel=\"noopener\">a\u00fan no dar\u00eda el salto<\/a> a los chips Exynos de Samsung. Asimismo, se especula con que la compa\u00f1\u00eda coreana finalmente lanzar\u00eda <a href=\"https:\/\/hipertextual.com\/mobile\/samsung-va-a-lanzar-un-movil-nunca-antes-visto-identico-a-su-modelo-ultra-pero-mas-barato-asi-sera-el-galaxy-s27-pro\/\" target=\"_blank\" rel=\"noopener\">una variante Pro<\/a> que ser\u00eda parecida al Ultra, pero que se ofrecer\u00eda a un precio m\u00e1s econ\u00f3mico. De todas maneras, tendremos que esperar hasta <strong>principios de 2027<\/strong> para saber si realmente es as\u00ed.<\/p>\n<\/p>\n<p>Seguir leyendo: <a href=\"https:\/\/hipertextual.com\/mobile\/galaxy-s27-ultra-elimina-teleobjetivo-3-aumentos\/\" target=\"_blank\" rel=\"noopener\">El Galaxy S27 Ultra tendr\u00eda una c\u00e1mara menos y, lo creas o no, ser\u00eda algo positivo<\/a><\/p>\n<p><a href=\"https:\/\/hipertextual.com\/mobile\/galaxy-s27-ultra-elimina-teleobjetivo-3-aumentos\/\" class=\" target=\" title=\"El Galaxy S27 Ultra tendr\u00eda una c\u00e1mara menos y, lo creas o no, ser\u00eda algo positivo\" target=\"_blank\" rel=\"noopener\">Ver fuente<\/a><\/p>\n","protected":false},"excerpt":{"rendered":"<p>Samsung se habr\u00eda convencido de que m\u00e1s no siempre es mejor, y lo aplicar\u00eda en la configuraci\u00f3n de c\u00e1maras del Galaxy S27 Ultra. Seg\u00fan una nueva filtraci\u00f3n, el pr\u00f3ximo buque insignia de la marca llegar\u00eda con una c\u00e1mara menos. Un cambio ambicioso y que, lo creas o no, ser\u00eda para bien. De acuerdo con el [&hellip;]<\/p>\n","protected":false},"author":2,"featured_media":129267,"comment_status":"open","ping_status":"closed","sticky":false,"template":"","format":"standard","meta":{"footnotes":""},"categories":[9],"tags":[],"class_list":["post-129266","post","type-post","status-publish","format-standard","has-post-thumbnail","hentry","category-tecnologia"],"_links":{"self":[{"href":"https:\/\/enfoquenoticioso.com\/index.php?rest_route=\/wp\/v2\/posts\/129266","targetHints":{"allow":["GET"]}}],"collection":[{"href":"https:\/\/enfoquenoticioso.com\/index.php?rest_route=\/wp\/v2\/posts"}],"about":[{"href":"https:\/\/enfoquenoticioso.com\/index.php?rest_route=\/wp\/v2\/types\/post"}],"author":[{"embeddable":true,"href":"https:\/\/enfoquenoticioso.com\/index.php?rest_route=\/wp\/v2\/users\/2"}],"replies":[{"embeddable":true,"href":"https:\/\/enfoquenoticioso.com\/index.php?rest_route=%2Fwp%2Fv2%2Fcomments&post=129266"}],"version-history":[{"count":0,"href":"https:\/\/enfoquenoticioso.com\/index.php?rest_route=\/wp\/v2\/posts\/129266\/revisions"}],"wp:featuredmedia":[{"embeddable":true,"href":"https:\/\/enfoquenoticioso.com\/index.php?rest_route=\/wp\/v2\/media\/129267"}],"wp:attachment":[{"href":"https:\/\/enfoquenoticioso.com\/index.php?rest_route=%2Fwp%2Fv2%2Fmedia&parent=129266"}],"wp:term":[{"taxonomy":"category","embeddable":true,"href":"https:\/\/enfoquenoticioso.com\/index.php?rest_route=%2Fwp%2Fv2%2Fcategories&post=129266"},{"taxonomy":"post_tag","embeddable":true,"href":"https:\/\/enfoquenoticioso.com\/index.php?rest_route=%2Fwp%2Fv2%2Ftags&post=129266"}],"curies":[{"name":"wp","href":"https:\/\/api.w.org\/{rel}","templated":true}]}}