{"id":129292,"date":"2026-04-30T23:01:11","date_gmt":"2026-04-30T23:01:11","guid":{"rendered":"https:\/\/enfoquenoticioso.com\/?p=129292"},"modified":"2026-04-30T23:01:11","modified_gmt":"2026-04-30T23:01:11","slug":"ashley-young-anuncia-su-retiro-del-futbol","status":"publish","type":"post","link":"https:\/\/enfoquenoticioso.com\/?p=129292","title":{"rendered":"Ashley Young anuncia su retiro del f\u00fatbol"},"content":{"rendered":"<div data-td-block-uid=\"tdi_72\">\n<div class=\"tdb-block-inner td-fix-index\">\n<p>El mediocampista convertido a lateral izquierdo hacia los \u00faltimos a\u00f1os de su carrera, Ashley Young, ha anunciado su retiro del f\u00fatbol profesional a los 40 a\u00f1os de edad y despu\u00e9s de 23 temporadas.<\/p>\n<p><strong>Lee tambi\u00e9n: <a href=\"https:\/\/www.liderendeportes.com\/noticias\/futbol\/internacional-football\/lafc-triunfa-en-la-ida-de-la-copa-de-campeones\/\" target=\"_blank\" rel=\"noreferrer noopener\">LAFC triunfa en la ida de la Copa de Campeones<\/a><\/strong><\/p>\n<p>Young hizo su debut en 2003 con el Wattford, antes de migrar al Aston Villa y llegar al Manchester United, donde gan\u00f3 la Premier League en la 2012-13, en la \u00faltima campa\u00f1a de Sir Alex Ferguson en el banquillo.<\/p>\n<p>Tambi\u00e9n jug\u00f3 par de temporadas en Italia con el Inter de Mil\u00e1n, ganando la Serie A en la 2020-2021, antes de volver al Villa y disputar sus \u00faltimas estaciones con el Everton y el Ipswich Town, con quienes est\u00e1 jugando en la presente temporada de la Championship o 2da divisi\u00f3n inglesa.<\/p>\n<p>Igualmente gan\u00f3 una FA Cup y la Europa League con el Manchester United, adem\u00e1s de haber jugado la Copa del Mundo de Rusia 2018 con Inglaterra.<\/p>\n<p>\u201cMe siento incre\u00edblemente orgulloso y afortunado de haber logrado todo lo que he conseguido durante mi carrera\u201d, dijo Young. \u201cNo es frecuente que uno se detenga a pensar en esto mientras a\u00fan est\u00e1 en activo, pero he vivido mi sue\u00f1o durante los \u00faltimos 23 a\u00f1os\u201d.<\/p>\n<p>Podr\u00eda despedirse por todo lo alto este fin de semana. El Ipswich puede asegurar su ascenso a la Premier League si vence al Queens Park Rangers en la \u00faltima jornada del Championship el s\u00e1bado.<\/p>\n<p><strong>AP<\/strong><\/p>\n<\/div>\n<\/div>\n<p><a href=\"https:\/\/www.liderendeportes.com\/noticias\/sin-categoria\/ashley-young-anuncia-su-retiro-del-futbol\/\" class=\" target=\" title=\"Ashley Young anuncia su retiro del f\u00fatbol\" target=\"_blank\" rel=\"noopener\">Ver fuente<\/a><\/p>\n","protected":false},"excerpt":{"rendered":"<p>El mediocampista convertido a lateral izquierdo hacia los \u00faltimos a\u00f1os de su carrera, Ashley Young, ha anunciado su retiro del f\u00fatbol profesional a los 40 a\u00f1os de edad y despu\u00e9s de 23 temporadas. Lee tambi\u00e9n: LAFC triunfa en la ida de la Copa de Campeones Young hizo su debut en 2003 con el Wattford, antes [&hellip;]<\/p>\n","protected":false},"author":2,"featured_media":129293,"comment_status":"open","ping_status":"closed","sticky":false,"template":"","format":"standard","meta":{"footnotes":""},"categories":[7],"tags":[],"class_list":["post-129292","post","type-post","status-publish","format-standard","has-post-thumbnail","hentry","category-deporte"],"_links":{"self":[{"href":"https:\/\/enfoquenoticioso.com\/index.php?rest_route=\/wp\/v2\/posts\/129292","targetHints":{"allow":["GET"]}}],"collection":[{"href":"https:\/\/enfoquenoticioso.com\/index.php?rest_route=\/wp\/v2\/posts"}],"about":[{"href":"https:\/\/enfoquenoticioso.com\/index.php?rest_route=\/wp\/v2\/types\/post"}],"author":[{"embeddable":true,"href":"https:\/\/enfoquenoticioso.com\/index.php?rest_route=\/wp\/v2\/users\/2"}],"replies":[{"embeddable":true,"href":"https:\/\/enfoquenoticioso.com\/index.php?rest_route=%2Fwp%2Fv2%2Fcomments&post=129292"}],"version-history":[{"count":0,"href":"https:\/\/enfoquenoticioso.com\/index.php?rest_route=\/wp\/v2\/posts\/129292\/revisions"}],"wp:featuredmedia":[{"embeddable":true,"href":"https:\/\/enfoquenoticioso.com\/index.php?rest_route=\/wp\/v2\/media\/129293"}],"wp:attachment":[{"href":"https:\/\/enfoquenoticioso.com\/index.php?rest_route=%2Fwp%2Fv2%2Fmedia&parent=129292"}],"wp:term":[{"taxonomy":"category","embeddable":true,"href":"https:\/\/enfoquenoticioso.com\/index.php?rest_route=%2Fwp%2Fv2%2Fcategories&post=129292"},{"taxonomy":"post_tag","embeddable":true,"href":"https:\/\/enfoquenoticioso.com\/index.php?rest_route=%2Fwp%2Fv2%2Ftags&post=129292"}],"curies":[{"name":"wp","href":"https:\/\/api.w.org\/{rel}","templated":true}]}}