{"id":129294,"date":"2026-04-30T23:32:02","date_gmt":"2026-04-30T23:32:02","guid":{"rendered":"https:\/\/enfoquenoticioso.com\/?p=129294"},"modified":"2026-04-30T23:32:02","modified_gmt":"2026-04-30T23:32:02","slug":"el-inter-se-prepara-para-ser-campeon-de-liga-en-casa","status":"publish","type":"post","link":"https:\/\/enfoquenoticioso.com\/?p=129294","title":{"rendered":"El Inter se prepara para ser campe\u00f3n de liga en casa"},"content":{"rendered":"<div data-td-block-uid=\"tdi_72\">\n<div class=\"tdb-block-inner td-fix-index\">\n<p>El Inter de Mil\u00e1n podr\u00eda proclamarse campe\u00f3n\u00a0de la Serie A\u00a0incluso antes de que comience el partido contra el Parma el domingo.<\/p>\n<p>El equipo de Cristian Chivu tiene una ventaja de 10 puntos sobre el Napoli, segundo clasificado, y de 12 sobre el AC Milan, a falta de cuatro jornadas.<\/p>\n<p>Una victoria en casa el domingo por la noche le garantizar\u00eda el t\u00edtulo al Inter. Incluso un punto podr\u00eda ser suficiente dependiendo de los resultados de los partidos del Napoli y el Milan.<\/p>\n<p><strong>Lee tambi\u00e9n: <a href=\"https:\/\/www.liderendeportes.com\/noticias\/futbol\/futbol-europeo\/el-presidente-del-atletico-descarta-la-salida-de-julian-alvarez\/\" target=\"_blank\" rel=\"noopener\">El presidente del Atl\u00e9tico descarta la salida de Juli\u00e1n \u00c1lvarez<\/a><\/strong><\/p>\n<p>Pero los nerazzurri tambi\u00e9n ser\u00edan campeones si el Napoli pierde contra el Como, que aspira a la Champions League, el s\u00e1bado, y el Milan no logra vencer al Sassuolo unas cuatro horas antes de que el Inter inicie su partido en San Siro.<\/p>\n<p>Ser\u00eda el primer trofeo como entrenador para Chivu, cuya \u00fanica experiencia previa como t\u00e9cnico de primer nivel antes de asumir el cargo en el Inter fueron 13 partidos al frente del Parma al final de la temporada pasada.<\/p>\n<p>\u201cS\u00e9 por lo que pasan los jugadores, c\u00f3mo viven estas situaciones y lo que significa jugar en el Inter\u201d, dijo Chivu, quien form\u00f3 parte del famoso equipo del Inter que gan\u00f3 el triplete en 2010. \u201cHay que aceptarlas, decir siempre la verdad y ser coherente sin renunciar a las ideas. Puedo intentar aportar mi granito de arena, pero al final todo depende de los jugadores\u201d.<\/p>\n<p>\u201cHe tenido la suerte de que estos chicos se comprometieron de inmediato. Hemos tenido una gran temporada: 25 victorias, 80 goles en liga y m\u00e1s de 100 en total. No es f\u00e1cil de lograr, y el m\u00e9rito es de ellos por haber asumido todo lo que les pedimos.\u201d<\/p>\n<p>El Inter podr\u00eda conseguir el doblete de liga y copa al enfrentarse a la Lazio en la final de la Copa de Italia el 13 de mayo.<\/p>\n<p><strong>AP.<\/strong><\/p>\n<\/div>\n<\/div>\n<p><a href=\"https:\/\/www.liderendeportes.com\/noticias\/futbol\/futbol-europeo\/el-inter-se-prepara-para-ser-campeon-de-liga-en-casa\/\" class=\" target=\" title=\"El Inter se prepara para ser campe\u00f3n de liga en casa\" target=\"_blank\" rel=\"noopener\">Ver fuente<\/a><\/p>\n","protected":false},"excerpt":{"rendered":"<p>El Inter de Mil\u00e1n podr\u00eda proclamarse campe\u00f3n\u00a0de la Serie A\u00a0incluso antes de que comience el partido contra el Parma el domingo. El equipo de Cristian Chivu tiene una ventaja de 10 puntos sobre el Napoli, segundo clasificado, y de 12 sobre el AC Milan, a falta de cuatro jornadas. Una victoria en casa el domingo [&hellip;]<\/p>\n","protected":false},"author":2,"featured_media":129295,"comment_status":"open","ping_status":"closed","sticky":false,"template":"","format":"standard","meta":{"footnotes":""},"categories":[7],"tags":[],"class_list":["post-129294","post","type-post","status-publish","format-standard","has-post-thumbnail","hentry","category-deporte"],"_links":{"self":[{"href":"https:\/\/enfoquenoticioso.com\/index.php?rest_route=\/wp\/v2\/posts\/129294","targetHints":{"allow":["GET"]}}],"collection":[{"href":"https:\/\/enfoquenoticioso.com\/index.php?rest_route=\/wp\/v2\/posts"}],"about":[{"href":"https:\/\/enfoquenoticioso.com\/index.php?rest_route=\/wp\/v2\/types\/post"}],"author":[{"embeddable":true,"href":"https:\/\/enfoquenoticioso.com\/index.php?rest_route=\/wp\/v2\/users\/2"}],"replies":[{"embeddable":true,"href":"https:\/\/enfoquenoticioso.com\/index.php?rest_route=%2Fwp%2Fv2%2Fcomments&post=129294"}],"version-history":[{"count":0,"href":"https:\/\/enfoquenoticioso.com\/index.php?rest_route=\/wp\/v2\/posts\/129294\/revisions"}],"wp:featuredmedia":[{"embeddable":true,"href":"https:\/\/enfoquenoticioso.com\/index.php?rest_route=\/wp\/v2\/media\/129295"}],"wp:attachment":[{"href":"https:\/\/enfoquenoticioso.com\/index.php?rest_route=%2Fwp%2Fv2%2Fmedia&parent=129294"}],"wp:term":[{"taxonomy":"category","embeddable":true,"href":"https:\/\/enfoquenoticioso.com\/index.php?rest_route=%2Fwp%2Fv2%2Fcategories&post=129294"},{"taxonomy":"post_tag","embeddable":true,"href":"https:\/\/enfoquenoticioso.com\/index.php?rest_route=%2Fwp%2Fv2%2Ftags&post=129294"}],"curies":[{"name":"wp","href":"https:\/\/api.w.org\/{rel}","templated":true}]}}