{"id":129296,"date":"2026-05-01T00:03:15","date_gmt":"2026-05-01T00:03:15","guid":{"rendered":"https:\/\/enfoquenoticioso.com\/?p=129296"},"modified":"2026-05-01T00:03:15","modified_gmt":"2026-05-01T00:03:15","slug":"manchester-united-renovo-a-kobbie-mainoo","status":"publish","type":"post","link":"https:\/\/enfoquenoticioso.com\/?p=129296","title":{"rendered":"Manchester United renov\u00f3 a Kobbie Mainoo"},"content":{"rendered":"<div data-td-block-uid=\"tdi_72\">\n<div class=\"tdb-block-inner td-fix-index\">\n<p>El centrocampista del Manchester United,\u00a0Kobbie Mainoo,\u00a0firm\u00f3 el jueves un contrato de cinco a\u00f1os hasta junio de 2031.<\/p>\n<p>El futuro del internacional ingl\u00e9s estuvo en duda hace unos meses, cuando le costaba hacerse con un puesto en el once titular bajo las \u00f3rdenes\u00a0del anterior entrenador, Ruben Amorim. Pero Mainoo ha sido una pieza clave en el\u00a0resurgimiento del United\u00a0en la segunda mitad de la temporada y fue convocado de nuevo por Inglaterra antes del Mundial.<\/p>\n<p><strong>Lee tambi\u00e9n: <a href=\"https:\/\/www.liderendeportes.com\/noticias\/futbol\/futbol-europeo\/mykhailo-mudryk-enfrenta-cuatro-anos-de-sancion\/\" target=\"_blank\" rel=\"noopener\">Mykhailo Mudryk enfrenta cuatro a\u00f1os de sanci\u00f3n<\/a><\/strong><\/p>\n<p>\u201cEstoy decidido a dar un paso al frente y desempe\u00f1ar mi papel para ayudar al Manchester United a luchar regularmente por los grandes trofeos en los pr\u00f3ximos a\u00f1os\u201d, dijo Mainoo, de 21 a\u00f1os.<\/p>\n<p>Nacido en Stockport, cerca de Manchester, Mainoo tuvo su primer v\u00ednculo con el United a la edad de seis a\u00f1os y progres\u00f3 a trav\u00e9s de su famosa cantera.<\/p>\n<p>A pesar de haber sido una pieza clave en la selecci\u00f3n inglesa que lleg\u00f3 a la final de la Eurocopa 2024 y de ser considerado uno de los mejores talentos de su generaci\u00f3n, Mainoo perdi\u00f3 su puesto con Amorim. Sin embargo, cuando Amorim fue destituido en enero, Mainoo fue reincorporado por el entrenador interino Michael Carrick y desde entonces se ha consolidado como un jugador fundamental.<\/p>\n<p>\u00abKobbie es uno de los j\u00f3venes futbolistas con m\u00e1s talento natural del mundo\u00bb, declar\u00f3 Jason Wilcox, director deportivo del United. \u00abEstamos encantados de que Kobbie haya prolongado su estancia aqu\u00ed y confiamos plenamente en que se convertir\u00e1 en uno de los mejores jugadores del mundo, listo para desempe\u00f1ar un papel fundamental en un Manchester United que aspire a los t\u00edtulos m\u00e1s importantes\u00bb.<\/p>\n<p><strong>AP.<\/strong><\/p>\n<\/div>\n<\/div>\n<p><a href=\"https:\/\/www.liderendeportes.com\/noticias\/futbol\/futbol-europeo\/manchester-united-renovo-a-kobbie-mainoo\/\" class=\" target=\" title=\"Manchester United renov\u00f3 a Kobbie Mainoo\" target=\"_blank\" rel=\"noopener\">Ver fuente<\/a><\/p>\n","protected":false},"excerpt":{"rendered":"<p>El centrocampista del Manchester United,\u00a0Kobbie Mainoo,\u00a0firm\u00f3 el jueves un contrato de cinco a\u00f1os hasta junio de 2031. El futuro del internacional ingl\u00e9s estuvo en duda hace unos meses, cuando le costaba hacerse con un puesto en el once titular bajo las \u00f3rdenes\u00a0del anterior entrenador, Ruben Amorim. Pero Mainoo ha sido una pieza clave en el\u00a0resurgimiento [&hellip;]<\/p>\n","protected":false},"author":2,"featured_media":129297,"comment_status":"open","ping_status":"closed","sticky":false,"template":"","format":"standard","meta":{"footnotes":""},"categories":[7],"tags":[],"class_list":["post-129296","post","type-post","status-publish","format-standard","has-post-thumbnail","hentry","category-deporte"],"_links":{"self":[{"href":"https:\/\/enfoquenoticioso.com\/index.php?rest_route=\/wp\/v2\/posts\/129296","targetHints":{"allow":["GET"]}}],"collection":[{"href":"https:\/\/enfoquenoticioso.com\/index.php?rest_route=\/wp\/v2\/posts"}],"about":[{"href":"https:\/\/enfoquenoticioso.com\/index.php?rest_route=\/wp\/v2\/types\/post"}],"author":[{"embeddable":true,"href":"https:\/\/enfoquenoticioso.com\/index.php?rest_route=\/wp\/v2\/users\/2"}],"replies":[{"embeddable":true,"href":"https:\/\/enfoquenoticioso.com\/index.php?rest_route=%2Fwp%2Fv2%2Fcomments&post=129296"}],"version-history":[{"count":0,"href":"https:\/\/enfoquenoticioso.com\/index.php?rest_route=\/wp\/v2\/posts\/129296\/revisions"}],"wp:featuredmedia":[{"embeddable":true,"href":"https:\/\/enfoquenoticioso.com\/index.php?rest_route=\/wp\/v2\/media\/129297"}],"wp:attachment":[{"href":"https:\/\/enfoquenoticioso.com\/index.php?rest_route=%2Fwp%2Fv2%2Fmedia&parent=129296"}],"wp:term":[{"taxonomy":"category","embeddable":true,"href":"https:\/\/enfoquenoticioso.com\/index.php?rest_route=%2Fwp%2Fv2%2Fcategories&post=129296"},{"taxonomy":"post_tag","embeddable":true,"href":"https:\/\/enfoquenoticioso.com\/index.php?rest_route=%2Fwp%2Fv2%2Ftags&post=129296"}],"curies":[{"name":"wp","href":"https:\/\/api.w.org\/{rel}","templated":true}]}}