{"id":129302,"date":"2026-05-01T01:05:18","date_gmt":"2026-05-01T01:05:18","guid":{"rendered":"https:\/\/enfoquenoticioso.com\/?p=129302"},"modified":"2026-05-01T01:05:18","modified_gmt":"2026-05-01T01:05:18","slug":"el-barcelona-podria-fichar-con-normalidad-en-verano","status":"publish","type":"post","link":"https:\/\/enfoquenoticioso.com\/?p=129302","title":{"rendered":"El Barcelona podr\u00eda fichar con normalidad en verano"},"content":{"rendered":"<div>\n<p>Parece que el \u00abcalvario\u00bb de cada verano para el FC Barcelona en materia econ\u00f3mica y de fichajes podr\u00eda llegar a su fin este a\u00f1o, pues el club podr\u00eda regresar a la normativa 1:1 o del \u00abfair play financiero\u00bb.<\/p>\n<p>De acuerdo con el Diario Sport, de Barcelona, desde el equipo catal\u00e1n le habr\u00edan asegurado que estar\u00e1n \u00aben la regla del 1-1 antes del 30 de junio, seguro\u00bb, esta declaraci\u00f3n se alinear\u00eda con lo que ya expres\u00f3 el presidente de la entidad, Joan Laporta \u00abvez s\u00ed la alcanzaremos, seguro\u00bb, en referencia a las otras ventas de traspasos en las que se asegur\u00f3 que el \u2018cul\u00e9\u2019 ya cumpl\u00eda con la normativa, pero no fue as\u00ed.<\/p>\n<p><strong>Lee tambi\u00e9n: <a href=\"https:\/\/www.liderendeportes.com\/noticias\/futbol\/futbol-europeo\/el-presidente-del-atletico-descarta-la-salida-de-julian-alvarez\/\" target=\"_blank\" rel=\"noopener\">El presidente del Atl\u00e9tico descarta la salida de Juli\u00e1n \u00c1lvarez<\/a><\/strong><\/p>\n<p>Desde hace meses, Deco, director deportivo del cuadro azulgrana, ha estado trabajando para armar y reforzar la plantilla para ir por el tan anhelado objetivo de ganar la Champions. No obstante, sus acciones no han podido llevar grandes nombres para poder llevar jugadores de m\u00e1s experiencia para lograrlo debido a que no el club no estaba en condiciones econ\u00f3micas adecuadas para cumplirlo.<\/p>\n<p>Pero, ahora, si el conjunto azulgrana logra finalmente cumplir con la normativa, podr\u00e1 fichar este mismo verano a los jugadores que tanto desea y que est\u00e1n en el radar de Deco, en consenso con el entrenador Hansi Flick, para poder armar un mejor equipo que le permita luchar por la Champions.<\/p>\n<p>Todas las partes tienen claro las posiciones que necesitan reforzar: un delantero centro, un central, un extremo para la banda izquierda y un lateral. Para ellas hay nombres claros y de peso, tanto deportivo como econ\u00f3micos, que el Barcelona podr\u00eda incorporar sin ning\u00fan problema.<\/p>\n<div id=\"ez-toc-container\" class=\"ez-toc-v2_0_81 counter-hierarchy ez-toc-counter ez-toc-grey ez-toc-container-direction\">\n<div class=\"ez-toc-title-container\">\n<p class=\"ez-toc-title\" style=\"cursor:inherit\">Tabla de Contenido<\/p>\n<span class=\"ez-toc-title-toggle\"><a href=\"#\" class=\"ez-toc-pull-right ez-toc-btn ez-toc-btn-xs ez-toc-btn-default ez-toc-toggle\" aria-label=\"Alternar tabla de contenidos\"><span class=\"ez-toc-js-icon-con\"><span class=\"\"><span class=\"eztoc-hide\" style=\"display:none;\">Toggle<\/span><span class=\"ez-toc-icon-toggle-span\"><svg style=\"fill: #999;color:#999\" xmlns=\"http:\/\/www.w3.org\/2000\/svg\" class=\"list-377408\" width=\"20px\" height=\"20px\" viewBox=\"0 0 24 24\" fill=\"none\"><path d=\"M6 6H4v2h2V6zm14 0H8v2h12V6zM4 11h2v2H4v-2zm16 0H8v2h12v-2zM4 16h2v2H4v-2zm16 0H8v2h12v-2z\" fill=\"currentColor\"><\/path><\/svg><svg style=\"fill: #999;color:#999\" class=\"arrow-unsorted-368013\" xmlns=\"http:\/\/www.w3.org\/2000\/svg\" width=\"10px\" height=\"10px\" viewBox=\"0 0 24 24\" version=\"1.2\" baseProfile=\"tiny\"><path d=\"M18.2 9.3l-6.2-6.3-6.2 6.3c-.2.2-.3.4-.3.7s.1.5.3.7c.2.2.4.3.7.3h11c.3 0 .5-.1.7-.3.2-.2.3-.5.3-.7s-.1-.5-.3-.7zM5.8 14.7l6.2 6.3 6.2-6.3c.2-.2.3-.5.3-.7s-.1-.5-.3-.7c-.2-.2-.4-.3-.7-.3h-11c-.3 0-.5.1-.7.3-.2.2-.3.5-.3.7s.1.5.3.7z\"\/><\/svg><\/span><\/span><\/span><\/a><\/span><\/div>\n<nav><ul class='ez-toc-list ez-toc-list-level-1 ' ><li class='ez-toc-page-1 ez-toc-heading-level-4'><a class=\"ez-toc-link ez-toc-heading-1\" href=\"https:\/\/enfoquenoticioso.com\/?p=129302\/#Lo_que_le_faltaria_al_Barcelona_para_cumplir\" >Lo que le faltar\u00eda al Barcelona para cumplir<\/a><\/li><\/ul><\/nav><\/div>\n<h4 id=\"lo-que-le-faltar\u00eda-al-barcelona-para-cumplir\" class=\"wp-block-heading\"><span class=\"ez-toc-section\" id=\"Lo_que_le_faltaria_al_Barcelona_para_cumplir\"><\/span><strong>Lo que le faltar\u00eda al Barcelona para cumplir<\/strong><span class=\"ez-toc-section-end\"><\/span><\/h4>\n<p>En la campa\u00f1a electoral, quien fue tesorero del club y ser\u00e1 el vicepresidente econ\u00f3mico a partir del 1 de julio, Ferran Oliv\u00e9, indic\u00f3 que al club le faltaban entre 10 y 12 millones de euros para entrar en la normativa. Est\u00e1 cerca, pero todav\u00eda faltan algunas cosas que se deben conseguir antes del cierre del ejercicio econ\u00f3mico.<\/p>\n<p>Para estar en el 1-1,\u00a0el Barcelona no debe estar excedido en su L\u00edmite de Coste de Plantilla Deportiva, que incluye el gasto en jugadores, primer entrenador, segundo entrenador y preparador f\u00edsico del primer equipo, adem\u00e1s del gasto en filiales, cantera y otras secciones. En la \u00faltima actualizaci\u00f3n que hizo LaLiga de estos l\u00edmites, el club azulgrana pas\u00f3 de 351 millones de euros a 432, con un aumento de 81 millones, todav\u00eda excedido, pero cerca de no estarlo.<\/p>\n<p>Para llegar a la regla, se necesita que el club ingrese los 30 millones que faltan por cobrar de la operaci\u00f3n de cesi\u00f3n de los 475 asientos VIP del Camp Nou que se hizo en diciembre de 2024 y que en total es por 100 millones de euros. Los primeros 30 los pag\u00f3 la compa\u00f1\u00eda de Catar, Forta Advisors, y 70 de New Era Visionary Group, de los Emiratos \u00c1rabes. La primera pag\u00f3 los 30 millones en enero de 2025 y con la segunda se estableci\u00f3 un calendario de pagos.<\/p>\n<\/div>\n<p><a href=\"https:\/\/www.liderendeportes.com\/noticias\/futbol\/futbol-europeo\/el-barcelona-podria-fichar-con-normalidad-en-verano\/\" class=\" target=\" title=\"El Barcelona podr\u00eda fichar con normalidad en verano\" target=\"_blank\" rel=\"noopener\">Ver fuente<\/a><\/p>\n","protected":false},"excerpt":{"rendered":"<p>Parece que el \u00abcalvario\u00bb de cada verano para el FC Barcelona en materia econ\u00f3mica y de fichajes podr\u00eda llegar a su fin este a\u00f1o, pues el club podr\u00eda regresar a la normativa 1:1 o del \u00abfair play financiero\u00bb. De acuerdo con el Diario Sport, de Barcelona, desde el equipo catal\u00e1n le habr\u00edan asegurado que estar\u00e1n [&hellip;]<\/p>\n","protected":false},"author":2,"featured_media":129303,"comment_status":"open","ping_status":"closed","sticky":false,"template":"","format":"standard","meta":{"footnotes":""},"categories":[7],"tags":[],"class_list":["post-129302","post","type-post","status-publish","format-standard","has-post-thumbnail","hentry","category-deporte"],"_links":{"self":[{"href":"https:\/\/enfoquenoticioso.com\/index.php?rest_route=\/wp\/v2\/posts\/129302","targetHints":{"allow":["GET"]}}],"collection":[{"href":"https:\/\/enfoquenoticioso.com\/index.php?rest_route=\/wp\/v2\/posts"}],"about":[{"href":"https:\/\/enfoquenoticioso.com\/index.php?rest_route=\/wp\/v2\/types\/post"}],"author":[{"embeddable":true,"href":"https:\/\/enfoquenoticioso.com\/index.php?rest_route=\/wp\/v2\/users\/2"}],"replies":[{"embeddable":true,"href":"https:\/\/enfoquenoticioso.com\/index.php?rest_route=%2Fwp%2Fv2%2Fcomments&post=129302"}],"version-history":[{"count":0,"href":"https:\/\/enfoquenoticioso.com\/index.php?rest_route=\/wp\/v2\/posts\/129302\/revisions"}],"wp:featuredmedia":[{"embeddable":true,"href":"https:\/\/enfoquenoticioso.com\/index.php?rest_route=\/wp\/v2\/media\/129303"}],"wp:attachment":[{"href":"https:\/\/enfoquenoticioso.com\/index.php?rest_route=%2Fwp%2Fv2%2Fmedia&parent=129302"}],"wp:term":[{"taxonomy":"category","embeddable":true,"href":"https:\/\/enfoquenoticioso.com\/index.php?rest_route=%2Fwp%2Fv2%2Fcategories&post=129302"},{"taxonomy":"post_tag","embeddable":true,"href":"https:\/\/enfoquenoticioso.com\/index.php?rest_route=%2Fwp%2Fv2%2Ftags&post=129302"}],"curies":[{"name":"wp","href":"https:\/\/api.w.org\/{rel}","templated":true}]}}