{"id":129306,"date":"2026-05-01T01:36:05","date_gmt":"2026-05-01T01:36:05","guid":{"rendered":"https:\/\/enfoquenoticioso.com\/?p=129306"},"modified":"2026-05-01T01:36:05","modified_gmt":"2026-05-01T01:36:05","slug":"real-madrid-con-sorpresas-para-el-banquillo-y-una-negativa","status":"publish","type":"post","link":"https:\/\/enfoquenoticioso.com\/?p=129306","title":{"rendered":"Real Madrid, con \u00absorpresas\u00bb para el banquillo y una negativa"},"content":{"rendered":"<div data-td-block-uid=\"tdi_72\">\n<div class=\"tdb-block-inner td-fix-index\">\n<p>El Real Madrid tiene en la mira a varios directores t\u00e9cnicos para tomar el control del banquillo la temporada que viene. Sin embargo, la b\u00fasqueda todav\u00eda no avanza como se espera y hasta recibi\u00f3 una negativa de un \u00abcandidato\u00bb fuerte.<\/p>\n<p>Se conoce que hay muchos nombres sobre la mesa, como J\u00fcrgen\u00a0Klopp,\u00a0Didier Deschamps y\u00a0Mauricio Pochettino, con el de Jos\u00e9 Mourinho pareciendo el que m\u00e1s gusta en el club blanco. No obstante, todav\u00eda no hay una decisi\u00f3n.<\/p>\n<p>Seg\u00fan el periodista espa\u00f1ol Manu Carre\u00f1o, en el programa \u2018El Larguero\u2019 de la cadena SER, el merengue todav\u00eda est\u00e1 estudiando a cada candidato y de ah\u00ed a que no se hayan comunicado con ning\u00fan t\u00e9cnico.<\/p>\n<p><strong>Lee tambi\u00e9n: <a href=\"https:\/\/www.liderendeportes.com\/noticias\/futbol\/futbol-europeo\/atletico-y-arsenal-definiran-todo-en-la-vuelta\/\" target=\"_blank\" rel=\"noopener\">Atl\u00e9tico y Arsenal definir\u00e1n todo en la vuelta<\/a><\/strong><\/p>\n<p>\u00abNo hay noticia, pero lo que s\u00ed os puedo contar es que, ahora mismo, el Real Madrid no se ha puesto en contacto con ning\u00fan entrenador para decir \u2018queremos que sea este\u2019. Hay muchos nombres y se est\u00e1 estudiando, pero en este momento no hay ninguno decidido.\u00a0Mourinho\u00a0es uno de ellos\u00bb, acot\u00f3 el comunicador, que adicionalmente mencion\u00f3 que la opci\u00f3n del portugu\u00e9s est\u00e1, sin saber en qu\u00e9 porcentaje y que tampoco lo hab\u00edan llamado, adem\u00e1s de sorprenderle si regresara al banquillo blanco.<\/p>\n<p>Por otro lado, ya hay una negativa fija que se viene negando desde hace tiempo y es la de J\u00fcrgen\u00a0Klopp. El alem\u00e1n, alejado de los banquillos desde que se march\u00f3 del Liverpool en 2024, dej\u00f3 claro (seg\u00fan \u2018AS\u2019) que su objetivo es dirigir en alg\u00fan momento al a selecci\u00f3n de Alemania y eso pasar\u00e1 cuando Julian Nagelsmann deje su cargo, todav\u00eda sin fecha de confirmaci\u00f3n.<\/p>\n<p>Desde el Real Madrid parece que tampoco lo buscar\u00e1n y, por ende, Klopp seguir\u00e1 trabajando con Red Bull y el merengue buscando entrenador para la 26-27.<\/p>\n<\/div>\n<\/div>\n<p><a href=\"https:\/\/www.liderendeportes.com\/noticias\/futbol\/futbol-europeo\/real-madrid-con-sorpresas-para-el-banquillo-y-una-negativa\/\" class=\" target=\" title=\"Real Madrid, con \" para el banquillo una target=\"_blank\" rel=\"noopener\">Ver fuente<\/a><\/p>\n","protected":false},"excerpt":{"rendered":"<p>El Real Madrid tiene en la mira a varios directores t\u00e9cnicos para tomar el control del banquillo la temporada que viene. Sin embargo, la b\u00fasqueda todav\u00eda no avanza como se espera y hasta recibi\u00f3 una negativa de un \u00abcandidato\u00bb fuerte. Se conoce que hay muchos nombres sobre la mesa, como J\u00fcrgen\u00a0Klopp,\u00a0Didier Deschamps y\u00a0Mauricio Pochettino, con [&hellip;]<\/p>\n","protected":false},"author":2,"featured_media":129307,"comment_status":"open","ping_status":"closed","sticky":false,"template":"","format":"standard","meta":{"footnotes":""},"categories":[7],"tags":[],"class_list":["post-129306","post","type-post","status-publish","format-standard","has-post-thumbnail","hentry","category-deporte"],"_links":{"self":[{"href":"https:\/\/enfoquenoticioso.com\/index.php?rest_route=\/wp\/v2\/posts\/129306","targetHints":{"allow":["GET"]}}],"collection":[{"href":"https:\/\/enfoquenoticioso.com\/index.php?rest_route=\/wp\/v2\/posts"}],"about":[{"href":"https:\/\/enfoquenoticioso.com\/index.php?rest_route=\/wp\/v2\/types\/post"}],"author":[{"embeddable":true,"href":"https:\/\/enfoquenoticioso.com\/index.php?rest_route=\/wp\/v2\/users\/2"}],"replies":[{"embeddable":true,"href":"https:\/\/enfoquenoticioso.com\/index.php?rest_route=%2Fwp%2Fv2%2Fcomments&post=129306"}],"version-history":[{"count":0,"href":"https:\/\/enfoquenoticioso.com\/index.php?rest_route=\/wp\/v2\/posts\/129306\/revisions"}],"wp:featuredmedia":[{"embeddable":true,"href":"https:\/\/enfoquenoticioso.com\/index.php?rest_route=\/wp\/v2\/media\/129307"}],"wp:attachment":[{"href":"https:\/\/enfoquenoticioso.com\/index.php?rest_route=%2Fwp%2Fv2%2Fmedia&parent=129306"}],"wp:term":[{"taxonomy":"category","embeddable":true,"href":"https:\/\/enfoquenoticioso.com\/index.php?rest_route=%2Fwp%2Fv2%2Fcategories&post=129306"},{"taxonomy":"post_tag","embeddable":true,"href":"https:\/\/enfoquenoticioso.com\/index.php?rest_route=%2Fwp%2Fv2%2Ftags&post=129306"}],"curies":[{"name":"wp","href":"https:\/\/api.w.org\/{rel}","templated":true}]}}