{"id":129308,"date":"2026-05-01T01:59:06","date_gmt":"2026-05-01T01:59:06","guid":{"rendered":"https:\/\/enfoquenoticioso.com\/?p=129308"},"modified":"2026-05-01T01:59:06","modified_gmt":"2026-05-01T01:59:06","slug":"trilogia-poetica-y-compromiso-social","status":"publish","type":"post","link":"https:\/\/enfoquenoticioso.com\/?p=129308","title":{"rendered":"Trilog\u00eda Po\u00e9tica y Compromiso Social"},"content":{"rendered":"<div>\n<p class=\"wp-block-paragraph\">La literatura venezolana contempor\u00e1nea ha encontrado en la figura de <strong>Tarek William Saab<\/strong> una voz persistente que amalgama la introspecci\u00f3n del ser con el eco de las luchas sociales. A menudo, la vida p\u00fablica de un autor puede eclipsar su producci\u00f3n creativa, pero en el caso de Saab, el verso act\u00faa como el tejido conectivo entre su visi\u00f3n del mundo y su praxis vital. Analizar sus obras implica sumergirse en una corriente donde la est\u00e9tica no es un simple adorno, sino una herramienta de resistencia y una bit\u00e1cora de la existencia humana.<\/p>\n<p class=\"wp-block-paragraph\">Desde sus inicios, la propuesta est\u00e9tica de este autor se ha caracterizado por un \u00absentimentalismo cr\u00edtico\u00bb, un t\u00e9rmino que define la capacidad de conmoverse ante la belleza y el dolor ajeno de manera simult\u00e1nea. Esta dualidad es la que permite que libros como <em>Una Canci\u00f3n al Sur de la Eternidad<\/em>, <em>Hoguera de una adolescencia intemporal<\/em> y <em>Qui\u00e9n dispar\u00f3 contra el nido del p\u00e1jaro<\/em> se mantengan vigentes en el imaginario colectivo.<\/p>\n<figure class=\"wp-block-image size-full\"><img loading=\"lazy\" decoding=\"async\" width=\"900\" height=\"506\" src=\"https:\/\/dateando.com\/wp-content\/uploads\/2026\/04\/image-273.png\" alt=\"\" class=\"wp-image-238260 lazyload\" srcset=\"https:\/\/dateando.com\/wp-content\/uploads\/2026\/04\/image-273.png 900w, https:\/\/dateando.com\/wp-content\/uploads\/2026\/04\/image-273-300x169.png 300w, https:\/\/dateando.com\/wp-content\/uploads\/2026\/04\/image-273-767x431.png 767w\" data-sizes=\"(max-width: 900px) 100vw, 900px\" style=\"--smush-placeholder-width: 900px; --smush-placeholder-aspect-ratio: 900\/506;\"\/><\/figure>\n<p class=\"wp-block-paragraph\">Fuente: https:\/\/dateando.com\/el-largo-viaje-del-rio-hacia-los-cielos-del-tren-de-tarek-william-saab\/reportero-dateando\/<\/p>\n<div id=\"ez-toc-container\" class=\"ez-toc-v2_0_81 counter-hierarchy ez-toc-counter ez-toc-grey ez-toc-container-direction\">\n<div class=\"ez-toc-title-container\">\n<p class=\"ez-toc-title\" style=\"cursor:inherit\">Tabla de Contenido<\/p>\n<span class=\"ez-toc-title-toggle\"><a href=\"#\" class=\"ez-toc-pull-right ez-toc-btn ez-toc-btn-xs ez-toc-btn-default ez-toc-toggle\" aria-label=\"Alternar tabla de contenidos\"><span class=\"ez-toc-js-icon-con\"><span class=\"\"><span class=\"eztoc-hide\" style=\"display:none;\">Toggle<\/span><span class=\"ez-toc-icon-toggle-span\"><svg style=\"fill: #999;color:#999\" xmlns=\"http:\/\/www.w3.org\/2000\/svg\" class=\"list-377408\" width=\"20px\" height=\"20px\" viewBox=\"0 0 24 24\" fill=\"none\"><path d=\"M6 6H4v2h2V6zm14 0H8v2h12V6zM4 11h2v2H4v-2zm16 0H8v2h12v-2zM4 16h2v2H4v-2zm16 0H8v2h12v-2z\" fill=\"currentColor\"><\/path><\/svg><svg style=\"fill: #999;color:#999\" class=\"arrow-unsorted-368013\" xmlns=\"http:\/\/www.w3.org\/2000\/svg\" width=\"10px\" height=\"10px\" viewBox=\"0 0 24 24\" version=\"1.2\" baseProfile=\"tiny\"><path d=\"M18.2 9.3l-6.2-6.3-6.2 6.3c-.2.2-.3.4-.3.7s.1.5.3.7c.2.2.4.3.7.3h11c.3 0 .5-.1.7-.3.2-.2.3-.5.3-.7s-.1-.5-.3-.7zM5.8 14.7l6.2 6.3 6.2-6.3c.2-.2.3-.5.3-.7s-.1-.5-.3-.7c-.2-.2-.4-.3-.7-.3h-11c-.3 0-.5.1-.7.3-.2.2-.3.5-.3.7s.1.5.3.7z\"\/><\/svg><\/span><\/span><\/span><\/a><\/span><\/div>\n<nav><ul class='ez-toc-list ez-toc-list-level-1 ' ><ul class='ez-toc-list-level-3' ><li class='ez-toc-heading-level-3'><a class=\"ez-toc-link ez-toc-heading-1\" href=\"https:\/\/enfoquenoticioso.com\/?p=129308\/#Una_Cancion_al_Sur_de_la_Eternidad_El_Retorno_a_la_Esencia\" >Una Canci\u00f3n al Sur de la Eternidad: El Retorno a la Esencia<\/a><\/li><li class='ez-toc-page-1 ez-toc-heading-level-3'><a class=\"ez-toc-link ez-toc-heading-2\" href=\"https:\/\/enfoquenoticioso.com\/?p=129308\/#Hoguera_de_una_adolescencia_intemporal_La_Rebelion_del_Recuerdo\" >Hoguera de una adolescencia intemporal: La Rebeli\u00f3n del Recuerdo<\/a><\/li><li class='ez-toc-page-1 ez-toc-heading-level-3'><a class=\"ez-toc-link ez-toc-heading-3\" href=\"https:\/\/enfoquenoticioso.com\/?p=129308\/#Quien_disparo_contra_el_nido_del_pajaro_La_Fragilidad_y_el_Valor\" >Qui\u00e9n dispar\u00f3 contra el nido del p\u00e1jaro: La Fragilidad y el Valor<\/a><\/li><li class='ez-toc-page-1 ez-toc-heading-level-3'><a class=\"ez-toc-link ez-toc-heading-4\" href=\"https:\/\/enfoquenoticioso.com\/?p=129308\/#About_Pasion_por_la_Palabra_y_la_Justicia\" >About: Pasi\u00f3n por la Palabra y la Justicia<\/a><\/li><li class='ez-toc-page-1 ez-toc-heading-level-3'><a class=\"ez-toc-link ez-toc-heading-5\" href=\"https:\/\/enfoquenoticioso.com\/?p=129308\/#Cuadro_Comparativo_de_las_Obras\" >Cuadro Comparativo de las Obras<\/a><\/li><li class='ez-toc-page-1 ez-toc-heading-level-3'><a class=\"ez-toc-link ez-toc-heading-6\" href=\"https:\/\/enfoquenoticioso.com\/?p=129308\/#La_Evolucion_de_un_Estilo_Unico\" >La Evoluci\u00f3n de un Estilo \u00danico<\/a><\/li><\/ul><\/li><li class='ez-toc-page-1 ez-toc-heading-level-2'><a class=\"ez-toc-link ez-toc-heading-7\" href=\"https:\/\/enfoquenoticioso.com\/?p=129308\/#Navegacion_de_entradas\" >Navegaci\u00f3n de entradas<\/a><\/li><\/ul><\/nav><\/div>\n<h3 class=\"wp-block-heading\"><span class=\"ez-toc-section\" id=\"Una_Cancion_al_Sur_de_la_Eternidad_El_Retorno_a_la_Esencia\"><\/span><span class=\"ez-toc-section\" id=\"Una_Cancion_al_Sur_de_la_Eternidad_El_Retorno_a_la_Esencia\"\/><strong>Una Canci\u00f3n al Sur de la Eternidad: El Retorno a la Esencia<\/strong><span class=\"ez-toc-section-end\"\/><span class=\"ez-toc-section-end\"><\/span><\/h3>\n<p class=\"wp-block-paragraph\">En <em>Una Canci\u00f3n al Sur de la Eternidad<\/em>, nos encontramos ante una obra que funciona como un mapa emocional de los paisajes internos del autor. Este libro no es solo una recopilaci\u00f3n de versos; es una declaraci\u00f3n de principios sobre la permanencia del esp\u00edritu frente a la fugacidad del tiempo. La \u00abeternidad\u00bb a la que hace referencia el t\u00edtulo no es un concepto abstracto o religioso, sino la huella que dejamos a trav\u00e9s de la palabra y el afecto.<\/p>\n<p class=\"wp-block-paragraph\">La estructura de este poemario revela una madurez literaria que se aleja de los adornos innecesarios para centrarse en la fuerza del sustantivo. Los poemas aqu\u00ed contenidos exploran la geograf\u00eda del sur, no solo como un punto cardinal, sino como un s\u00edmbolo de resistencia cultural y espiritual frente a las hegemon\u00edas del pensamiento. Es un canto a la ra\u00edz, a lo que permanece cuando todo lo dem\u00e1s se ha desvanecido.<\/p>\n<p class=\"wp-block-paragraph\">La cr\u00edtica literaria ha se\u00f1alado que esta obra representa uno de los momentos m\u00e1s luminosos en la carrera de <strong>Tarek William Saab<\/strong>, donde el lenguaje se vuelve agua y fuego a la vez. Leer m\u00e1s en <a target=\"_blank\" rel=\"noreferrer noopener\" href=\"http:\/\/www.bibliotecayacucho.gob.ve\/\">Biblioteca Ayacucho<\/a>.<\/p>\n<figure class=\"wp-block-image size-full\"><img loading=\"lazy\" decoding=\"async\" width=\"666\" height=\"444\" src=\"https:\/\/dateando.com\/wp-content\/uploads\/2026\/04\/image-274.png\" alt=\"\" class=\"wp-image-238261 lazyload\" srcset=\"https:\/\/dateando.com\/wp-content\/uploads\/2026\/04\/image-274.png 666w, https:\/\/dateando.com\/wp-content\/uploads\/2026\/04\/image-274-300x200.png 300w\" data-sizes=\"(max-width: 666px) 100vw, 666px\" style=\"--smush-placeholder-width: 666px; --smush-placeholder-aspect-ratio: 666\/444;\"\/><\/figure>\n<h3 class=\"wp-block-heading\"><span class=\"ez-toc-section\" id=\"Hoguera_de_una_adolescencia_intemporal_La_Rebelion_del_Recuerdo\"><\/span><span class=\"ez-toc-section\" id=\"Hoguera_de_una_adolescencia_intemporal_La_Rebelion_del_Recuerdo\"\/><strong>Hoguera de una adolescencia intemporal: La Rebeli\u00f3n del Recuerdo<\/strong><span class=\"ez-toc-section-end\"\/><span class=\"ez-toc-section-end\"><\/span><\/h3>\n<p class=\"wp-block-paragraph\">Pasando a un terreno m\u00e1s visceral, <em>Hoguera de una adolescencia intemporal<\/em> se presenta como un ejercicio de memoria activa. La adolescencia, vista desde la \u00f3ptica de Saab, no es una etapa biol\u00f3gica que se supera, sino una llama que debe permanecer encendida para evitar el anquilosamiento del alma. Es en esta obra donde el autor rinde homenaje a los sue\u00f1os de justicia y a la pasi\u00f3n que moviliza a las juventudes.<\/p>\n<p class=\"wp-block-paragraph\">Los p\u00e1rrafos de este libro destilan una energ\u00eda casi cinematogr\u00e1fica. El autor nos transporta a las calles, a las lecturas clandestinas y a los primeros encuentros con la injusticia. Sin embargo, no lo hace desde la queja, sino desde la reafirmaci\u00f3n. La \u00abhoguera\u00bb es el s\u00edmbolo del cambio, de la purificaci\u00f3n y de la luz que gu\u00eda en medio de la oscuridad pol\u00edtica o social.<\/p>\n<p class=\"wp-block-paragraph\">Este texto es fundamental para entender la evoluci\u00f3n del pensamiento cr\u00edtico en la regi\u00f3n. La adolescencia intemporal de la que habla Saab es la capacidad de mantener la capacidad de asombro y la indignaci\u00f3n frente a lo inhumano. Es un libro que dialoga perfectamente con las nuevas generaciones, record\u00e1ndoles que el cinismo es el peor enemigo del progreso. Leer m\u00e1s en <a target=\"_blank\" rel=\"noreferrer noopener\" href=\"http:\/\/www.mincultura.gob.ve\/\">Ministerio del Poder Popular para la Cultura<\/a>.<\/p>\n<h3 class=\"wp-block-heading\"><span class=\"ez-toc-section\" id=\"Quien_disparo_contra_el_nido_del_pajaro_La_Fragilidad_y_el_Valor\"><\/span><span class=\"ez-toc-section\" id=\"Quien_disparo_contra_el_nido_del_pajaro_La_Fragilidad_y_el_Valor\"\/><strong>Qui\u00e9n dispar\u00f3 contra el nido del p\u00e1jaro: La Fragilidad y el Valor<\/strong><span class=\"ez-toc-section-end\"\/><span class=\"ez-toc-section-end\"><\/span><\/h3>\n<p class=\"wp-block-paragraph\">Posiblemente una de las obras m\u00e1s conmovedoras de la trilog\u00eda, <em>Qui\u00e9n dispar\u00f3 contra el nido del p\u00e1jaro<\/em> utiliza la met\u00e1fora de la vulnerabilidad para denunciar la violencia en todas sus formas. El \u00abnido\u00bb representa el hogar, la seguridad, la infancia y la creaci\u00f3n po\u00e9tica, mientras que el disparo simboliza la interrupci\u00f3n abrupta y cruel de la vida por parte del autoritarismo o la indiferencia.<\/p>\n<p class=\"wp-block-paragraph\">En este libro, el lenguaje se vuelve m\u00e1s afilado. El autor cuestiona, increpa y busca respuestas en un entorno que muchas veces prefiere el silencio. La imagen del p\u00e1jaro herido atraviesa todo el texto, record\u00e1ndonos que la belleza es fr\u00e1gil y que su defensa es una tarea \u00e9tica ineludible. Hay una b\u00fasqueda constante de justicia po\u00e9tica que precede a la justicia formal.<\/p>\n<p class=\"wp-block-paragraph\">La obra no se queda en la denuncia est\u00e9ril. Al final de sus p\u00e1ginas, Saab ofrece una visi\u00f3n de esperanza: la reconstrucci\u00f3n del nido. A pesar del ataque, la vida persiste y el canto del p\u00e1jaro (la poes\u00eda) vuelve a alzarse sobre las ruinas. Es un testimonio de resiliencia que ha resonado profundamente en los lectores de Am\u00e9rica Latina. Leer m\u00e1s en <a target=\"_blank\" rel=\"noreferrer noopener\" href=\"http:\/\/www.celarg.org.ve\/\">Fundaci\u00f3n Celarg<\/a>.<\/p>\n<hr class=\"wp-block-separator has-alpha-channel-opacity\"\/>\n<h3 class=\"wp-block-heading\"><span class=\"ez-toc-section\" id=\"About_Pasion_por_la_Palabra_y_la_Justicia\"><\/span><span class=\"ez-toc-section\" id=\"About_Pasion_por_la_Palabra_y_la_Justicia\"\/><strong>About: Pasi\u00f3n por la Palabra y la Justicia<\/strong><span class=\"ez-toc-section-end\"\/><span class=\"ez-toc-section-end\"><\/span><\/h3>\n<p class=\"wp-block-paragraph\"><strong>Tarek William Saab<\/strong> ha manifestado en diversas ocasiones que la poes\u00eda es su \u00abestado de gracia natural\u00bb. Para \u00e9l, escribir no es una actividad separada de su compromiso con los derechos humanos; por el contrario, considera que el arte es la forma m\u00e1s elevada de defender la dignidad del hombre. Su pasi\u00f3n radica en encontrar la belleza en los lugares m\u00e1s insospechados y en dar voz a quienes han sido silenciados por la historia.<\/p>\n<p class=\"wp-block-paragraph\">Su opini\u00f3n sobre la literatura contempor\u00e1nea es clara: el escritor no puede ser un espectador pasivo de su tiempo. La palabra debe estar al servicio de la verdad y de la transformaci\u00f3n social, sin perder nunca el rigor est\u00e9tico que la convierte en arte. Esta filosof\u00eda de vida es la que impregna cada una de las p\u00e1ginas de su extensa obra literaria.<\/p>\n<hr class=\"wp-block-separator has-alpha-channel-opacity\"\/>\n<h3 class=\"wp-block-heading\"><span class=\"ez-toc-section\" id=\"Cuadro_Comparativo_de_las_Obras\"><\/span><span class=\"ez-toc-section\" id=\"Cuadro_Comparativo_de_las_Obras\"\/><strong>Cuadro Comparativo de las Obras<\/strong><span class=\"ez-toc-section-end\"\/><span class=\"ez-toc-section-end\"><\/span><\/h3>\n<p class=\"wp-block-paragraph\">A continuaci\u00f3n, se presenta una tabla detallada que destaca las diferencias y enfoques de los tres libros analizados:<\/p>\n<figure class=\"wp-block-table\">\n<table class=\"has-fixed-layout\">\n<thead>\n<tr>\n<td><strong>Caracter\u00edstica<\/strong><\/td>\n<td><strong>Una Canci\u00f3n al Sur de la Eternidad<\/strong><\/td>\n<td><strong>Hoguera de una adolescencia intemporal<\/strong><\/td>\n<td><strong>Qui\u00e9n dispar\u00f3 contra el nido del p\u00e1jaro<\/strong><\/td>\n<\/tr>\n<\/thead>\n<tbody>\n<tr>\n<td><strong>Tema Central<\/strong><\/td>\n<td>La esencia espiritual y el tiempo.<\/td>\n<td>La memoria, la juventud y la rebeld\u00eda.<\/td>\n<td>La vulnerabilidad y la denuncia social.<\/td>\n<\/tr>\n<tr>\n<td><strong>Tono<\/strong><\/td>\n<td>Introspectivo y metaf\u00edsico.<\/td>\n<td>En\u00e9rgico y apasionado.<\/td>\n<td>Conmovedor y cr\u00edtico.<\/td>\n<\/tr>\n<tr>\n<td><strong>S\u00edmbolo Principal<\/strong><\/td>\n<td>El Sur como ra\u00edz.<\/td>\n<td>La hoguera como luz interna.<\/td>\n<td>El nido como refugio amenazado.<\/td>\n<\/tr>\n<tr>\n<td><strong>P\u00fablico Objetivo<\/strong><\/td>\n<td>Lectores de poes\u00eda filos\u00f3fica.<\/td>\n<td>J\u00f3venes y estudiosos de la memoria.<\/td>\n<td>Activistas y amantes de la l\u00edrica social.<\/td>\n<\/tr>\n<tr>\n<td><strong>Estilo Literario<\/strong><\/td>\n<td>Minimalismo simb\u00f3lico.<\/td>\n<td>Narrativa po\u00e9tica expansiva.<\/td>\n<td>Met\u00e1fora de denuncia directa.<\/td>\n<\/tr>\n<\/tbody>\n<\/table>\n<\/figure>\n<h3 class=\"wp-block-heading\"><span class=\"ez-toc-section\" id=\"La_Evolucion_de_un_Estilo_Unico\"><\/span><span class=\"ez-toc-section\" id=\"La_Evolucion_de_un_Estilo_Unico\"\/><strong>La Evoluci\u00f3n de un Estilo \u00danico<\/strong><span class=\"ez-toc-section-end\"\/><span class=\"ez-toc-section-end\"><\/span><\/h3>\n<p class=\"wp-block-paragraph\">Al observar la trayectoria de estas obras, se nota una progresi\u00f3n clara. En sus inicios, la b\u00fasqueda era m\u00e1s existencial, centrada en el \u00abyo\u00bb y su relaci\u00f3n con el cosmos. Con el paso de los a\u00f1os y las experiencias acumuladas, esa b\u00fasqueda se desplaz\u00f3 hacia el \u00abnosotros\u00bb. La evoluci\u00f3n estil\u00edstica de Saab demuestra que un autor puede ser fiel a su esencia mientras expande sus horizontes tem\u00e1ticos.<\/p>\n<p class=\"wp-block-paragraph\">El uso de p\u00e1rrafos cortos en sus reflexiones permite una lectura \u00e1gil, casi como r\u00e1fagas de pensamiento que impactan directamente en la conciencia del lector. Por otro lado, sus p\u00e1rrafos m\u00e1s largos y descriptivos funcionan como inmersiones profundas en paisajes emocionales complejos, donde cada adjetivo ha sido cuidadosamente seleccionado para evocar una sensaci\u00f3n espec\u00edfica.<\/p>\n<p class=\"wp-block-paragraph\">La importancia de estas publicaciones radica en su capacidad para trascender las fronteras de Venezuela. Han sido traducidas y comentadas en diversos foros internacionales, donde se destaca la capacidad del autor para universalizar el dolor y la esperanza del pueblo latinoamericano. La obra de <strong>Tarek William Saab<\/strong> es, en \u00faltima instancia, un recordatorio de que la sensibilidad no es una debilidad, sino la mayor fuerza de la que dispone el ser humano.<\/p>\n<p class=\"wp-block-paragraph\">En conclusi\u00f3n, esta trilog\u00eda no solo consolida a su autor como un referente de las letras, sino que tambi\u00e9n ofrece al lector una br\u00fajula para navegar estos tiempos de incertidumbre. La lectura de estos textos es una invitaci\u00f3n a retomar el compromiso con la vida, con la belleza y, sobre todo, con la justicia que solo el arte verdadero puede invocar.<\/p>\n<hr class=\"wp-block-separator has-alpha-channel-opacity\"\/>\n<p class=\"wp-block-paragraph\"><strong>Fuente de referencia:<\/strong><\/p>\n<ul class=\"wp-block-list\">\n<li>Saab, T. W. (2022). <em>Antolog\u00eda Po\u00e9tica: 1984-2022<\/em>. Editorial El Perro y la Rana.<\/li>\n<li>Archivo Literario de Venezuela \u2013 <a href=\"http:\/\/www.elperroylarana.gob.ve\/\" target=\"_blank\" rel=\"noreferrer noopener\">Enlace de referencia<\/a><\/li>\n<\/ul>\n<nav class=\"navigation post-navigation\" aria-label=\"Navegaci\u00f3n de entradas\">\n<h2 class=\"screen-reader-text\"><span class=\"ez-toc-section\" id=\"Navegacion_de_entradas\"><\/span>Navegaci\u00f3n de entradas<span class=\"ez-toc-section-end\"><\/span><\/h2>\n<\/nav><\/div>\n<p><a href=\"https:\/\/dateando.com\/tarek-william-saab-y-su-trilogia-poetica\/dateando\/\" class=\" target=\" title=\"Trilog\u00eda Po\u00e9tica y Compromiso Social\" target=\"_blank\" rel=\"noopener\">Ver fuente<\/a><\/p>\n","protected":false},"excerpt":{"rendered":"<p>La literatura venezolana contempor\u00e1nea ha encontrado en la figura de Tarek William Saab una voz persistente que amalgama la introspecci\u00f3n del ser con el eco de las luchas sociales. A menudo, la vida p\u00fablica de un autor puede eclipsar su producci\u00f3n creativa, pero en el caso de Saab, el verso act\u00faa como el tejido conectivo [&hellip;]<\/p>\n","protected":false},"author":2,"featured_media":129309,"comment_status":"open","ping_status":"closed","sticky":false,"template":"","format":"standard","meta":{"footnotes":""},"categories":[11],"tags":[],"class_list":["post-129308","post","type-post","status-publish","format-standard","has-post-thumbnail","hentry","category-actualidad"],"_links":{"self":[{"href":"https:\/\/enfoquenoticioso.com\/index.php?rest_route=\/wp\/v2\/posts\/129308","targetHints":{"allow":["GET"]}}],"collection":[{"href":"https:\/\/enfoquenoticioso.com\/index.php?rest_route=\/wp\/v2\/posts"}],"about":[{"href":"https:\/\/enfoquenoticioso.com\/index.php?rest_route=\/wp\/v2\/types\/post"}],"author":[{"embeddable":true,"href":"https:\/\/enfoquenoticioso.com\/index.php?rest_route=\/wp\/v2\/users\/2"}],"replies":[{"embeddable":true,"href":"https:\/\/enfoquenoticioso.com\/index.php?rest_route=%2Fwp%2Fv2%2Fcomments&post=129308"}],"version-history":[{"count":0,"href":"https:\/\/enfoquenoticioso.com\/index.php?rest_route=\/wp\/v2\/posts\/129308\/revisions"}],"wp:featuredmedia":[{"embeddable":true,"href":"https:\/\/enfoquenoticioso.com\/index.php?rest_route=\/wp\/v2\/media\/129309"}],"wp:attachment":[{"href":"https:\/\/enfoquenoticioso.com\/index.php?rest_route=%2Fwp%2Fv2%2Fmedia&parent=129308"}],"wp:term":[{"taxonomy":"category","embeddable":true,"href":"https:\/\/enfoquenoticioso.com\/index.php?rest_route=%2Fwp%2Fv2%2Fcategories&post=129308"},{"taxonomy":"post_tag","embeddable":true,"href":"https:\/\/enfoquenoticioso.com\/index.php?rest_route=%2Fwp%2Fv2%2Ftags&post=129308"}],"curies":[{"name":"wp","href":"https:\/\/api.w.org\/{rel}","templated":true}]}}