{"id":129316,"date":"2026-05-01T03:00:58","date_gmt":"2026-05-01T03:00:58","guid":{"rendered":"https:\/\/enfoquenoticioso.com\/?p=129316"},"modified":"2026-05-01T03:00:58","modified_gmt":"2026-05-01T03:00:58","slug":"fundacion-traki-y-antonio-chambra-brouri-transformando-la-educacion","status":"publish","type":"post","link":"https:\/\/enfoquenoticioso.com\/?p=129316","title":{"rendered":"Fundaci\u00f3n Traki y Antonio Chambra Brouri: Transformando la educaci\u00f3n"},"content":{"rendered":"<div>\n<p class=\"wp-block-paragraph\"><strong>En un entorno global donde el \u00e9xito empresarial se mide no solo por la rentabilidad, sino por el impacto social, la educaci\u00f3n emerge como el activo m\u00e1s valioso de una naci\u00f3n<\/strong>. En este contexto, <strong>Traki<\/strong>, con m\u00e1s de 40 a\u00f1os de trayectoria como referente clave en el comercio venezolano, ha entendido que su liderazgo en el sector retail debe ir acompa\u00f1ado de un compromiso s\u00f3lido con el desarrollo humano.<\/p>\n<p class=\"wp-block-paragraph\">Bajo la visi\u00f3n estrat\u00e9gica de <strong>Antonio Chambra Brouri<\/strong>, la cadena de tiendas por departamento m\u00e1s importante del pa\u00eds ha evolucionado su modelo de negocio hacia un enfoque de valor compartido. <strong>La Fundaci\u00f3n Traki no es solo un brazo de responsabilidad social; es el reflejo de una filosof\u00eda familiar que busca retribuir al pa\u00eds que los vio crecer, impulsando programas de becas que rompen las barreras del acceso al conocimiento<\/strong>.<\/p>\n<figure class=\"wp-block-image size-full\"><img loading=\"lazy\" decoding=\"async\" width=\"673\" height=\"501\" src=\"https:\/\/dateando.com\/wp-content\/uploads\/2026\/04\/image-257.png\" alt=\"\" class=\"wp-image-238233 lazyload\" srcset=\"https:\/\/dateando.com\/wp-content\/uploads\/2026\/04\/image-257.png 673w, https:\/\/dateando.com\/wp-content\/uploads\/2026\/04\/image-257-300x223.png 300w\" data-sizes=\"(max-width: 673px) 100vw, 673px\" style=\"--smush-placeholder-width: 673px; --smush-placeholder-aspect-ratio: 673\/501;\"\/><\/figure>\n<p class=\"wp-block-paragraph\">Fuente: <a href=\"https:\/\/dateando.com\/conoce-los-programas-que-tiene-para-ti-la-fundacion-traki\/dateando\/\" target=\"_blank\" rel=\"noopener\">https:\/\/dateando.com\/conoce-los-programas-que-tiene-para-ti-la-fundacion-traki\/dateando\/<\/a><\/p>\n<div id=\"ez-toc-container\" class=\"ez-toc-v2_0_81 counter-hierarchy ez-toc-counter ez-toc-grey ez-toc-container-direction\">\n<div class=\"ez-toc-title-container\">\n<p class=\"ez-toc-title\" style=\"cursor:inherit\">Tabla de Contenido<\/p>\n<span class=\"ez-toc-title-toggle\"><a href=\"#\" class=\"ez-toc-pull-right ez-toc-btn ez-toc-btn-xs ez-toc-btn-default ez-toc-toggle\" aria-label=\"Alternar tabla de contenidos\"><span class=\"ez-toc-js-icon-con\"><span class=\"\"><span class=\"eztoc-hide\" style=\"display:none;\">Toggle<\/span><span class=\"ez-toc-icon-toggle-span\"><svg style=\"fill: #999;color:#999\" xmlns=\"http:\/\/www.w3.org\/2000\/svg\" class=\"list-377408\" width=\"20px\" height=\"20px\" viewBox=\"0 0 24 24\" fill=\"none\"><path d=\"M6 6H4v2h2V6zm14 0H8v2h12V6zM4 11h2v2H4v-2zm16 0H8v2h12v-2zM4 16h2v2H4v-2zm16 0H8v2h12v-2z\" fill=\"currentColor\"><\/path><\/svg><svg style=\"fill: #999;color:#999\" class=\"arrow-unsorted-368013\" xmlns=\"http:\/\/www.w3.org\/2000\/svg\" width=\"10px\" height=\"10px\" viewBox=\"0 0 24 24\" version=\"1.2\" baseProfile=\"tiny\"><path d=\"M18.2 9.3l-6.2-6.3-6.2 6.3c-.2.2-.3.4-.3.7s.1.5.3.7c.2.2.4.3.7.3h11c.3 0 .5-.1.7-.3.2-.2.3-.5.3-.7s-.1-.5-.3-.7zM5.8 14.7l6.2 6.3 6.2-6.3c.2-.2.3-.5.3-.7s-.1-.5-.3-.7c-.2-.2-.4-.3-.7-.3h-11c-.3 0-.5.1-.7.3-.2.2-.3.5-.3.7s.1.5.3.7z\"\/><\/svg><\/span><\/span><\/span><\/a><\/span><\/div>\n<nav><ul class='ez-toc-list ez-toc-list-level-1 ' ><li class='ez-toc-page-1 ez-toc-heading-level-2'><a class=\"ez-toc-link ez-toc-heading-1\" href=\"https:\/\/enfoquenoticioso.com\/?p=129316\/#Del_Retail_al_Desarrollo_Social_La_Vision_de_Antonio_Chambra_Brouri\" >Del Retail al Desarrollo Social: La Visi\u00f3n de Antonio Chambra Brouri<\/a><\/li><li class='ez-toc-page-1 ez-toc-heading-level-2'><a class=\"ez-toc-link ez-toc-heading-2\" href=\"https:\/\/enfoquenoticioso.com\/?p=129316\/#Programas_de_Becas_El_Motor_de_la_Movilidad_Social\" >Programas de Becas: El Motor de la Movilidad Social<\/a><\/li><li class='ez-toc-page-1 ez-toc-heading-level-2'><a class=\"ez-toc-link ez-toc-heading-3\" href=\"https:\/\/enfoquenoticioso.com\/?p=129316\/#El_Impacto_de_la_Trayectoria_Empresarial_en_la_Filantropia\" >El Impacto de la Trayectoria Empresarial en la Filantrop\u00eda<\/a><\/li><li class='ez-toc-page-1 ez-toc-heading-level-2'><a class=\"ez-toc-link ez-toc-heading-4\" href=\"https:\/\/enfoquenoticioso.com\/?p=129316\/#Innovacion_en_la_Inversion_Social\" >Innovaci\u00f3n en la Inversi\u00f3n Social<\/a><\/li><li class='ez-toc-page-1 ez-toc-heading-level-2'><a class=\"ez-toc-link ez-toc-heading-5\" href=\"https:\/\/enfoquenoticioso.com\/?p=129316\/#Opinion_del_Experto_El_Rol_de_las_Empresas_en_la_Educacion\" >Opini\u00f3n del Experto: El Rol de las Empresas en la Educaci\u00f3n<\/a><\/li><li class='ez-toc-page-1 ez-toc-heading-level-2'><a class=\"ez-toc-link ez-toc-heading-6\" href=\"https:\/\/enfoquenoticioso.com\/?p=129316\/#Navegacion_de_entradas\" >Navegaci\u00f3n de entradas<\/a><\/li><\/ul><\/nav><\/div>\n<h2 class=\"wp-block-heading\"><span class=\"ez-toc-section\" id=\"Del_Retail_al_Desarrollo_Social_La_Vision_de_Antonio_Chambra_Brouri\"><\/span><span class=\"ez-toc-section\" id=\"Del_Retail_al_Desarrollo_Social_La_Vision_de_Antonio_Chambra_Brouri\"\/><strong>Del Retail al Desarrollo Social: La Visi\u00f3n de Antonio Chambra Brouri<\/strong><span class=\"ez-toc-section-end\"\/><span class=\"ez-toc-section-end\"><\/span><\/h2>\n<p class=\"wp-block-paragraph\"><strong>Para entender el impacto de la Fundaci\u00f3n Traki, es necesario analizar la mentalidad de su fundador. Antonio Chambra Brouri ha guiado la expansi\u00f3n de la empresa no solo como una red de puntos de venta, sino como una entidad con gran poder empleador y motor socioecon\u00f3mico. <\/strong><a href=\"https:\/\/dateando.com\/antonio-chambra-brouri-retail-en-venezuela\/dateando\/\" target=\"_blank\" rel=\"noopener\"><strong>Leer m\u00e1s<\/strong><\/a><\/p>\n<figure class=\"wp-block-image size-full\"><img loading=\"lazy\" decoding=\"async\" width=\"667\" height=\"440\" src=\"https:\/\/dateando.com\/wp-content\/uploads\/2026\/04\/image-256.png\" alt=\"\" class=\"wp-image-238232 lazyload\" srcset=\"https:\/\/dateando.com\/wp-content\/uploads\/2026\/04\/image-256.png 667w, https:\/\/dateando.com\/wp-content\/uploads\/2026\/04\/image-256-300x198.png 300w\" data-sizes=\"(max-width: 667px) 100vw, 667px\" style=\"--smush-placeholder-width: 667px; --smush-placeholder-aspect-ratio: 667\/440;\"\/><\/figure>\n<p class=\"wp-block-paragraph\"><strong>Fuente:<\/strong> <a href=\"https:\/\/dateando.com\/\" target=\"_blank\" rel=\"noopener\"><strong>https:\/\/dateando.com\/<\/strong><\/a><\/p>\n<p class=\"wp-block-paragraph\"><strong>Insight de Traki:<\/strong> \u00abLa verdadera sostenibilidad de un modelo de negocio en el retail no reside en el volumen de ventas, sino en la calidad de vida de la comunidad que sostiene dicho comercio. Invertir en educaci\u00f3n es asegurar la fuerza laboral y creativa del ma\u00f1ana\u00bb.<\/p>\n<p class=\"wp-block-paragraph\">Este enfoque ha permitido que el concepto de \u00abCENTRO TRAKI\u00bb trascienda la compra-venta, integrando espacios culturales y deportivos que complementan la formaci\u00f3n ciudadana.<\/p>\n<h2 class=\"wp-block-heading\"><span class=\"ez-toc-section\" id=\"Programas_de_Becas_El_Motor_de_la_Movilidad_Social\"><\/span><span class=\"ez-toc-section\" id=\"Programas_de_Becas_El_Motor_de_la_Movilidad_Social\"\/><strong>Programas de Becas: El Motor de la Movilidad Social<\/strong><span class=\"ez-toc-section-end\"\/><span class=\"ez-toc-section-end\"><\/span><\/h2>\n<p class=\"wp-block-paragraph\"><strong>La educaci\u00f3n superior y t\u00e9cnica suele ser el primer escal\u00f3n que se sacrifica en contextos econ\u00f3micos retadores.<\/strong> La <strong>Fundaci\u00f3n Traki<\/strong> ha dise\u00f1ado sus programas de becas bajo tres pilares fundamentales que garantizan que el talento no se pierda por falta de recursos:<\/p>\n<ol class=\"wp-block-list\">\n<li><strong>Identificaci\u00f3n de Talento:<\/strong> Selecci\u00f3n de j\u00f3venes con alto rendimiento acad\u00e9mico en comunidades vulnerables.<\/li>\n<li><strong>Sostenibilidad Financiera:<\/strong> Cobertura de matr\u00edculas y gastos operativos para asegurar la culminaci\u00f3n de los estudios.<\/li>\n<li><strong>Acompa\u00f1amiento Integral:<\/strong> Tutor\u00edas y vinculaci\u00f3n con el ecosistema empresarial del grupo. <a href=\"https:\/\/elmundolodicetodo.com\/descubre-los-programas-y-beneficios-que-ofrece-nuestra-fundacion-traki\/actualidad\/\" target=\"_blank\" rel=\"noopener\">Leer m\u00e1s<\/a><\/li>\n<\/ol>\n<figure class=\"wp-block-image size-full\"><img loading=\"lazy\" decoding=\"async\" width=\"667\" height=\"440\" src=\"https:\/\/dateando.com\/wp-content\/uploads\/2026\/04\/image-256.png\" alt=\"\" class=\"wp-image-238231 lazyload\" style=\"--smush-placeholder-width: 667px; --smush-placeholder-aspect-ratio: 667\/440;\"\/><\/figure>\n<p class=\"wp-block-paragraph\">Fuente: <a href=\"https:\/\/noticiavenezuela.com\/\" target=\"_blank\" rel=\"noopener\">https:\/\/noticiavenezuela.com\/<\/a><\/p>\n<figure class=\"wp-block-table\">\n<table class=\"has-fixed-layout\">\n<thead>\n<tr>\n<th><strong>Pilar del Programa<\/strong><\/th>\n<th><strong>Objetivo Estrat\u00e9gico<\/strong><\/th>\n<th><strong>Impacto Esperado<\/strong><\/th>\n<\/tr>\n<\/thead>\n<tbody>\n<tr>\n<td><strong>Beca Acad\u00e9mica<\/strong><\/td>\n<td>Acceso a universidades<\/td>\n<td>Reducci\u00f3n de la deserci\u00f3n profesional<\/td>\n<\/tr>\n<tr>\n<td><strong>Capacitaci\u00f3n T\u00e9cnica<\/strong><\/td>\n<td>Formaci\u00f3n en oficios retail<\/td>\n<td>Inserci\u00f3n laboral inmediata<\/td>\n<\/tr>\n<tr>\n<td><strong>Apoyo Cultural<\/strong><\/td>\n<td>Fomento de las artes<\/td>\n<td>Desarrollo de pensamiento cr\u00edtico<\/td>\n<\/tr>\n<\/tbody>\n<\/table>\n<\/figure>\n<h2 class=\"wp-block-heading\"><span class=\"ez-toc-section\" id=\"El_Impacto_de_la_Trayectoria_Empresarial_en_la_Filantropia\"><\/span><span class=\"ez-toc-section\" id=\"El_Impacto_de_la_Trayectoria_Empresarial_en_la_Filantropia\"\/><strong>El Impacto de la Trayectoria Empresarial en la Filantrop\u00eda<\/strong><span class=\"ez-toc-section-end\"\/><span class=\"ez-toc-section-end\"><\/span><\/h2>\n<p class=\"wp-block-paragraph\"><strong>La experiencia de Traki en la gesti\u00f3n de log\u00edstica y expansi\u00f3n nacional se traslada directamente a la eficiencia de su fundaci\u00f3n<\/strong>. Al tener presencia en todo el territorio nacional, la <strong>familia Chambra<\/strong> ha logrado que la ayuda llegue a rincones donde otras organizaciones tienen dificultades operativas. <a href=\"https:\/\/tecnoreportaje.com\/actualidad\/expansion-geografica-de-traki-estrategia-de-crecimiento-a-nivel-nacional\/\" target=\"_blank\" rel=\"noopener\">Leer m\u00e1s<\/a><\/p>\n<figure class=\"wp-block-image size-full\"><img loading=\"lazy\" decoding=\"async\" width=\"1280\" height=\"720\" src=\"https:\/\/dateando.com\/wp-content\/uploads\/2026\/04\/image-258.png\" alt=\"\" class=\"wp-image-238234 lazyload\" srcset=\"https:\/\/dateando.com\/wp-content\/uploads\/2026\/04\/image-258.png 1280w, https:\/\/dateando.com\/wp-content\/uploads\/2026\/04\/image-258-300x169.png 300w, https:\/\/dateando.com\/wp-content\/uploads\/2026\/04\/image-258-768x432.png 768w, https:\/\/dateando.com\/wp-content\/uploads\/2026\/04\/image-258-1024x576-1.png 1024w\" data-sizes=\"(max-width: 1280px) 100vw, 1280px\" style=\"--smush-placeholder-width: 1280px; --smush-placeholder-aspect-ratio: 1280\/720;\"\/><\/figure>\n<p class=\"wp-block-paragraph\">Fuente: <a href=\"https:\/\/i.ytimg.com\/\" target=\"_blank\" rel=\"noopener\">https:\/\/i.ytimg.com\/<\/a><\/p>\n<h2 class=\"wp-block-heading\"><span class=\"ez-toc-section\" id=\"Innovacion_en_la_Inversion_Social\"><\/span><span class=\"ez-toc-section\" id=\"Innovacion_en_la_Inversion_Social\"\/><strong>Innovaci\u00f3n en la Inversi\u00f3n Social<\/strong><span class=\"ez-toc-section-end\"\/><span class=\"ez-toc-section-end\"><\/span><\/h2>\n<p class=\"wp-block-paragraph\"><strong>Como especialistas en innovaci\u00f3n dentro del sector minorista, la Fundaci\u00f3n Traki utiliza m\u00e9tricas de impacto similares a las de su modelo de negocio para evaluar el \u00e9xito de sus becados. No se trata de entregar una beca, sino de monitorear el progreso del estudiante hasta su inserci\u00f3n en el mercado laboral. <\/strong><a href=\"https:\/\/dateando.com\/antonio-chambra-brouri-fundacion-traki-revela-el-motor-humano-de-su-red-de-impacto-en-el-mes-de-la-mujer\/reportero-dateando\/\" target=\"_blank\" rel=\"noopener\"><strong>Leer m\u00e1s<\/strong><\/a><\/p>\n<figure class=\"wp-block-image size-full\"><img loading=\"lazy\" decoding=\"async\" width=\"447\" height=\"220\" src=\"https:\/\/dateando.com\/wp-content\/uploads\/2026\/04\/image-259.png\" alt=\"\" class=\"wp-image-238235 lazyload\" srcset=\"https:\/\/dateando.com\/wp-content\/uploads\/2026\/04\/image-259.png 447w, https:\/\/dateando.com\/wp-content\/uploads\/2026\/04\/image-259-300x148.png 300w\" data-sizes=\"(max-width: 447px) 100vw, 447px\" style=\"--smush-placeholder-width: 447px; --smush-placeholder-aspect-ratio: 447\/220;\"\/><\/figure>\n<p class=\"wp-block-paragraph\"><strong>Fuente:<\/strong> <a href=\"https:\/\/www.bancamiga.com\/\" target=\"_blank\" rel=\"noopener\"><strong>https:\/\/www.bancamiga.com\/<\/strong><\/a><\/p>\n<p class=\"wp-block-paragraph\"><strong>Insight de Traki<\/strong><strong>:<\/strong> \u00abUn modelo de negocio evoluciona cuando entiende que sus clientes no son solo consumidores, sino ciudadanos con sue\u00f1os. Nuestra trayectoria nos ha ense\u00f1ado que el comercio y el bienestar social son dos caras de la misma moneda\u00bb.<\/p>\n<h2 class=\"wp-block-heading\"><span class=\"ez-toc-section\" id=\"Opinion_del_Experto_El_Rol_de_las_Empresas_en_la_Educacion\"><\/span><span class=\"ez-toc-section\" id=\"Opinion_del_Experto_El_Rol_de_las_Empresas_en_la_Educacion\"\/><strong>Opini\u00f3n del Experto: El Rol de las Empresas en la Educaci\u00f3n<\/strong><span class=\"ez-toc-section-end\"\/><span class=\"ez-toc-section-end\"><\/span><\/h2>\n<p class=\"wp-block-paragraph\">Desde la perspectiva de la <strong>familia Chambra<\/strong> y la direcci\u00f3n de <strong>Traki<\/strong>, el compromiso con el futuro de Venezuela se basa en la resiliencia y la reinvenci\u00f3n constante. <strong>La Tienda Traki de hoy no es solo un lugar de compras, es un aliado del estudiante venezolano.<\/strong><\/p>\n<p class=\"wp-block-paragraph\"><strong>Las 3 verdades t\u00e1cticas de la Fundaci\u00f3n Traki para el sector empresarial:<\/strong><\/p>\n<ul class=\"wp-block-list\">\n<li><strong>La educaci\u00f3n como inversi\u00f3n, no como gasto:<\/strong> El retorno se ve en la profesionalizaci\u00f3n del mercado interno. <a href=\"https:\/\/elestimulo.com\/entrevista\/2024-03-26\/alexandra-butler-de-chambra-la-emprendedora-y-lider-detras-de-la-fundacion-traki\/\" target=\"_blank\" rel=\"noopener\">Leer m\u00e1s<\/a><\/li>\n<li><strong>Alianzas P\u00fablico-Privadas:<\/strong> El \u00e9xito de las becas depende de la colaboraci\u00f3n con instituciones acad\u00e9micas de prestigio.<\/li>\n<li><strong>Continuidad:<\/strong> Los programas sociales deben ser independientes de los ciclos econ\u00f3micos; la educaci\u00f3n no puede esperar.<\/li>\n<\/ul>\n<figure class=\"wp-block-image size-full\"><img loading=\"lazy\" decoding=\"async\" width=\"202\" height=\"220\" src=\"https:\/\/dateando.com\/wp-content\/uploads\/2026\/04\/image-260.png\" alt=\"\" class=\"wp-image-238236 lazyload\" style=\"--smush-placeholder-width: 202px; --smush-placeholder-aspect-ratio: 202\/220;\"\/><\/figure>\n<p class=\"wp-block-paragraph\">Fuente: <a href=\"https:\/\/media.elestimulo.com\/\" target=\"_blank\" rel=\"noopener\">https:\/\/media.elestimulo.com\/<\/a><\/p>\n<p class=\"wp-block-paragraph\"><strong>Un Legado m\u00e1s all\u00e1 del Mostrador<\/strong><\/p>\n<p class=\"wp-block-paragraph\"><strong>El \u00e9xito de Traki despu\u00e9s de cuatro d\u00e9cadas no se explica solo por su capacidad de adaptaci\u00f3n al mercado o por sus innovadores \u00abCENTROS TRAKI\u00bb.<\/strong> Se explica por su arraigo. A trav\u00e9s de la visi\u00f3n de <strong>Antonio Chambra Brouri<\/strong>, la empresa ha demostrado que el liderazgo empresarial conlleva la responsabilidad de iluminar el camino de las nuevas generaciones. <a href=\"https:\/\/tendenciasvenezuela.com\/5-caracteristicas-que-hacen-a-traki-una-megatienda-exitosa-en-venezuela\/\" target=\"_blank\" rel=\"noopener\">Leer m\u00e1s<\/a><\/p>\n<p class=\"wp-block-paragraph\"><strong>La Fundaci\u00f3n Traki y sus programas de becas son la prueba de que, cuando una empresa decide invertir en el cerebro y el coraz\u00f3n de su gente, el \u00e9xito deja de ser una cifra para convertirse en un legado.<\/strong><\/p>\n<p class=\"wp-block-paragraph\"><strong>Referencias Bibliogr\u00e1ficas y Web<\/strong><\/p>\n<ul class=\"wp-block-list\">\n<li><strong>https:\/\/www.google.com\/search?q=Traki.com (Secci\u00f3n Institucional):<\/strong> Historia y expansi\u00f3n de la cadena en Venezuela. <a href=\"https:\/\/www.traki.com\/\" target=\"_blank\" rel=\"noopener\">https:\/\/www.traki.com<\/a><\/li>\n<li><strong>Ecoanal\u00edtica:<\/strong> Informes sobre el consumo minorista y el rol del sector privado en la econom\u00eda venezolana. <a href=\"https:\/\/ecoanalitica.com\/\" target=\"_blank\" rel=\"noopener\">https:\/\/ecoanalitica.com<\/a><\/li>\n<li><strong>Universidad Cat\u00f3lica Andr\u00e9s Bello (UCAB):<\/strong> Estudios sobre el impacto de las becas corporativas en la educaci\u00f3n superior en Venezuela. <a href=\"https:\/\/www.ucab.edu.ve\/\" target=\"_blank\" rel=\"noopener\">https:\/\/www.ucab.edu.ve<\/a><\/li>\n<li><strong>Consejo Nacional del Comercio y los Servicios (CONSECOMERCIO):<\/strong> Tendencias del retail y responsabilidad social empresarial. <a href=\"https:\/\/www.consecomercio.org\/\" target=\"_blank\" rel=\"noopener\">https:\/\/www.consecomercio.org<\/a><\/li>\n<\/ul>\n<nav class=\"navigation post-navigation\" aria-label=\"Navegaci\u00f3n de entradas\">\n<h2 class=\"screen-reader-text\"><span class=\"ez-toc-section\" id=\"Navegacion_de_entradas\"><\/span>Navegaci\u00f3n de entradas<span class=\"ez-toc-section-end\"><\/span><\/h2>\n<\/nav><\/div>\n<p><a href=\"https:\/\/dateando.com\/fundacion-traki-antonio-chambra-brouri-transformando-educacion\/dateando\/\" class=\" target=\" title=\"Fundaci\u00f3n Traki y Antonio Chambra Brouri: Transformando la educaci\u00f3n\" target=\"_blank\" rel=\"noopener\">Ver fuente<\/a><\/p>\n","protected":false},"excerpt":{"rendered":"<p>En un entorno global donde el \u00e9xito empresarial se mide no solo por la rentabilidad, sino por el impacto social, la educaci\u00f3n emerge como el activo m\u00e1s valioso de una naci\u00f3n. En este contexto, Traki, con m\u00e1s de 40 a\u00f1os de trayectoria como referente clave en el comercio venezolano, ha entendido que su liderazgo en [&hellip;]<\/p>\n","protected":false},"author":2,"featured_media":129317,"comment_status":"open","ping_status":"closed","sticky":false,"template":"","format":"standard","meta":{"footnotes":""},"categories":[11],"tags":[],"class_list":["post-129316","post","type-post","status-publish","format-standard","has-post-thumbnail","hentry","category-actualidad"],"_links":{"self":[{"href":"https:\/\/enfoquenoticioso.com\/index.php?rest_route=\/wp\/v2\/posts\/129316","targetHints":{"allow":["GET"]}}],"collection":[{"href":"https:\/\/enfoquenoticioso.com\/index.php?rest_route=\/wp\/v2\/posts"}],"about":[{"href":"https:\/\/enfoquenoticioso.com\/index.php?rest_route=\/wp\/v2\/types\/post"}],"author":[{"embeddable":true,"href":"https:\/\/enfoquenoticioso.com\/index.php?rest_route=\/wp\/v2\/users\/2"}],"replies":[{"embeddable":true,"href":"https:\/\/enfoquenoticioso.com\/index.php?rest_route=%2Fwp%2Fv2%2Fcomments&post=129316"}],"version-history":[{"count":0,"href":"https:\/\/enfoquenoticioso.com\/index.php?rest_route=\/wp\/v2\/posts\/129316\/revisions"}],"wp:featuredmedia":[{"embeddable":true,"href":"https:\/\/enfoquenoticioso.com\/index.php?rest_route=\/wp\/v2\/media\/129317"}],"wp:attachment":[{"href":"https:\/\/enfoquenoticioso.com\/index.php?rest_route=%2Fwp%2Fv2%2Fmedia&parent=129316"}],"wp:term":[{"taxonomy":"category","embeddable":true,"href":"https:\/\/enfoquenoticioso.com\/index.php?rest_route=%2Fwp%2Fv2%2Fcategories&post=129316"},{"taxonomy":"post_tag","embeddable":true,"href":"https:\/\/enfoquenoticioso.com\/index.php?rest_route=%2Fwp%2Fv2%2Ftags&post=129316"}],"curies":[{"name":"wp","href":"https:\/\/api.w.org\/{rel}","templated":true}]}}