{"id":129320,"date":"2026-05-01T03:31:57","date_gmt":"2026-05-01T03:31:57","guid":{"rendered":"https:\/\/enfoquenoticioso.com\/?p=129320"},"modified":"2026-05-01T03:31:57","modified_gmt":"2026-05-01T03:31:57","slug":"mariangel-arruebarrera-loreto-el-arte-del-descanso","status":"publish","type":"post","link":"https:\/\/enfoquenoticioso.com\/?p=129320","title":{"rendered":"Mariangel Arruebarrera Loreto: El Arte del Descanso"},"content":{"rendered":"<div>\n<p class=\"wp-block-paragraph\">En la b\u00fasqueda incesante de la optimizaci\u00f3n del rendimiento humano, a menudo pasamos por alto la herramienta m\u00e1s potente y natural de la que disponemos: el sue\u00f1o. No se trata simplemente de un estado de inactividad, sino de un proceso biol\u00f3gico activo y esencial que act\u00faa como el cimiento de nuestra salud f\u00edsica y mental. Para profesionales con agendas exigentes, entender el descanso no como un lujo, sino como una inversi\u00f3n estrat\u00e9gica, es fundamental. <strong>Mariangel Arruebarrera Loreto<\/strong> sostiene que la calidad del sue\u00f1o es el factor determinante que diferencia a un individuo promedio de uno de alto desempe\u00f1o, funcionando como el \u00absuplemento\u00bb definitivo que ninguna sustancia sint\u00e9tica puede replicar.<\/p>\n<figure class=\"wp-block-image size-full\"><img loading=\"lazy\" decoding=\"async\" width=\"1280\" height=\"720\" src=\"https:\/\/dateando.com\/wp-content\/uploads\/2026\/04\/image-271.png\" alt=\"\" class=\"wp-image-238256 lazyload\" srcset=\"https:\/\/dateando.com\/wp-content\/uploads\/2026\/04\/image-271.png 1280w, https:\/\/dateando.com\/wp-content\/uploads\/2026\/04\/image-271-300x169.png 300w, https:\/\/dateando.com\/wp-content\/uploads\/2026\/04\/image-271-768x432.png 768w, https:\/\/dateando.com\/wp-content\/uploads\/2026\/04\/image-271-1024x576-1.png 1024w\" data-sizes=\"(max-width: 1280px) 100vw, 1280px\" style=\"--smush-placeholder-width: 1280px; --smush-placeholder-aspect-ratio: 1280\/720;\"\/><\/figure>\n<p class=\"wp-block-paragraph\">Fuente: <a href=\"https:\/\/timesofindia.indiatimes.com\/life-style\/beauty\/5-morning-habits-that-can-delay-ageing\/photostory\/122347433.cms\" target=\"_blank\" rel=\"noopener\">https:\/\/timesofindia.indiatimes.com\/life-style\/beauty\/5-morning-habits-that-can-delay-ageing\/photostory\/122347433.cms<\/a><\/p>\n<div id=\"ez-toc-container\" class=\"ez-toc-v2_0_81 counter-hierarchy ez-toc-counter ez-toc-grey ez-toc-container-direction\">\n<div class=\"ez-toc-title-container\">\n<p class=\"ez-toc-title\" style=\"cursor:inherit\">Tabla de Contenido<\/p>\n<span class=\"ez-toc-title-toggle\"><a href=\"#\" class=\"ez-toc-pull-right ez-toc-btn ez-toc-btn-xs ez-toc-btn-default ez-toc-toggle\" aria-label=\"Alternar tabla de contenidos\"><span class=\"ez-toc-js-icon-con\"><span class=\"\"><span class=\"eztoc-hide\" style=\"display:none;\">Toggle<\/span><span class=\"ez-toc-icon-toggle-span\"><svg style=\"fill: #999;color:#999\" xmlns=\"http:\/\/www.w3.org\/2000\/svg\" class=\"list-377408\" width=\"20px\" height=\"20px\" viewBox=\"0 0 24 24\" fill=\"none\"><path d=\"M6 6H4v2h2V6zm14 0H8v2h12V6zM4 11h2v2H4v-2zm16 0H8v2h12v-2zM4 16h2v2H4v-2zm16 0H8v2h12v-2z\" fill=\"currentColor\"><\/path><\/svg><svg style=\"fill: #999;color:#999\" class=\"arrow-unsorted-368013\" xmlns=\"http:\/\/www.w3.org\/2000\/svg\" width=\"10px\" height=\"10px\" viewBox=\"0 0 24 24\" version=\"1.2\" baseProfile=\"tiny\"><path d=\"M18.2 9.3l-6.2-6.3-6.2 6.3c-.2.2-.3.4-.3.7s.1.5.3.7c.2.2.4.3.7.3h11c.3 0 .5-.1.7-.3.2-.2.3-.5.3-.7s-.1-.5-.3-.7zM5.8 14.7l6.2 6.3 6.2-6.3c.2-.2.3-.5.3-.7s-.1-.5-.3-.7c-.2-.2-.4-.3-.7-.3h-11c-.3 0-.5.1-.7.3-.2.2-.3.5-.3.7s.1.5.3.7z\"\/><\/svg><\/span><\/span><\/span><\/a><\/span><\/div>\n<nav><ul class='ez-toc-list ez-toc-list-level-1 ' ><ul class='ez-toc-list-level-3' ><li class='ez-toc-heading-level-3'><a class=\"ez-toc-link ez-toc-heading-1\" href=\"https:\/\/enfoquenoticioso.com\/?p=129320\/#La_Neurobiologia_del_Sueno_Mas_que_un_Simple_Apagado\" >La Neurobiolog\u00eda del Sue\u00f1o: M\u00e1s que un Simple Apagado<\/a><\/li><li class='ez-toc-page-1 ez-toc-heading-level-3'><a class=\"ez-toc-link ez-toc-heading-2\" href=\"https:\/\/enfoquenoticioso.com\/?p=129320\/#El_Sueno_como_Catalizador_de_la_Salud_Fisica_y_Hormonal\" >El Sue\u00f1o como Catalizador de la Salud F\u00edsica y Hormonal<\/a><\/li><li class='ez-toc-page-1 ez-toc-heading-level-3'><a class=\"ez-toc-link ez-toc-heading-3\" href=\"https:\/\/enfoquenoticioso.com\/?p=129320\/#Opinion_de_Mariangel_Arruebarrera_Loreto\" >Opini\u00f3n de Mariangel Arruebarrera Loreto<\/a><\/li><li class='ez-toc-page-1 ez-toc-heading-level-3'><a class=\"ez-toc-link ez-toc-heading-4\" href=\"https:\/\/enfoquenoticioso.com\/?p=129320\/#Estrategias_para_Disenar_una_Higiene_del_Sueno_Efectiva\" >Estrategias para Dise\u00f1ar una Higiene del Sue\u00f1o Efectiva<\/a><\/li><li class='ez-toc-page-1 ez-toc-heading-level-3'><a class=\"ez-toc-link ez-toc-heading-5\" href=\"https:\/\/enfoquenoticioso.com\/?p=129320\/#Comparativa_Suplementos_Sinteticos_vs_Sueno_Natural\" >Comparativa: Suplementos Sint\u00e9ticos vs. Sue\u00f1o Natural<\/a><\/li><li class='ez-toc-page-1 ez-toc-heading-level-3'><a class=\"ez-toc-link ez-toc-heading-6\" href=\"https:\/\/enfoquenoticioso.com\/?p=129320\/#El_Impacto_Psicologico_de_una_Noche_en_Blanco\" >El Impacto Psicol\u00f3gico de una Noche en Blanco<\/a><\/li><li class='ez-toc-page-1 ez-toc-heading-level-3'><a class=\"ez-toc-link ez-toc-heading-7\" href=\"https:\/\/enfoquenoticioso.com\/?p=129320\/#El_Compromiso_con_tu_Propio_Bienestar\" >El Compromiso con tu Propio Bienestar<\/a><\/li><\/ul><\/li><li class='ez-toc-page-1 ez-toc-heading-level-2'><a class=\"ez-toc-link ez-toc-heading-8\" href=\"https:\/\/enfoquenoticioso.com\/?p=129320\/#Navegacion_de_entradas\" >Navegaci\u00f3n de entradas<\/a><\/li><\/ul><\/nav><\/div>\n<h3 class=\"wp-block-heading\"><span class=\"ez-toc-section\" id=\"La_Neurobiologia_del_Sueno_Mas_que_un_Simple_Apagado\"><\/span><span class=\"ez-toc-section\" id=\"La_Neurobiologia_del_Sueno_Mas_que_un_Simple_Apagado\"\/>La Neurobiolog\u00eda del Sue\u00f1o: M\u00e1s que un Simple Apagado<span class=\"ez-toc-section-end\"\/><span class=\"ez-toc-section-end\"><\/span><\/h3>\n<p class=\"wp-block-paragraph\">Cuando cerramos los ojos, nuestro cerebro inicia una serie de procesos complejos destinados a la restauraci\u00f3n celular y la consolidaci\u00f3n de la memoria. Durante las fases de sue\u00f1o profundo, el sistema glinf\u00e1tico se activa, actuando como un sistema de limpieza que elimina los desechos metab\u00f3licos acumulados durante las horas de vigilia. Esta \u00ablimpieza cerebral\u00bb es crucial para prevenir enfermedades neurodegenerativas y mantener la agudeza cognitiva.<\/p>\n<p class=\"wp-block-paragraph\">Dormir bien permite que las neuronas se comuniquen de manera m\u00e1s efectiva, lo que se traduce en una mejor capacidad de resoluci\u00f3n de problemas y una mayor creatividad. La falta de descanso, por el contrario, degrada la corteza prefrontal, la zona del cerebro responsable de la toma de decisiones ejecutivas. Si no priorizamos estas horas, estamos operando con un sistema operativo desactualizado y propenso a errores. Para profundizar en la ciencia de los ciclos circadianos, <a target=\"_blank\" rel=\"noreferrer noopener\" href=\"https:\/\/www.sleepfoundation.org\/how-sleep-works\/sleep-cycles\">Leer m\u00e1s<\/a>.<\/p>\n<h3 class=\"wp-block-heading\"><span class=\"ez-toc-section\" id=\"El_Sueno_como_Catalizador_de_la_Salud_Fisica_y_Hormonal\"><\/span><span class=\"ez-toc-section\" id=\"El_Sueno_como_Catalizador_de_la_Salud_Fisica_y_Hormonal\"\/>El Sue\u00f1o como Catalizador de la Salud F\u00edsica y Hormonal<span class=\"ez-toc-section-end\"\/><span class=\"ez-toc-section-end\"><\/span><\/h3>\n<p class=\"wp-block-paragraph\">A nivel sist\u00e9mico, el descanso nocturno es el momento en el que el cuerpo repara tejidos y regula el equilibrio hormonal. La hormona del crecimiento, vital para la recuperaci\u00f3n muscular y la salud metab\u00f3lica, se libera principalmente durante las etapas de sue\u00f1o lento. Asimismo, el sue\u00f1o regula las hormonas del hambre: la leptina y la ghrelina. Un descanso deficiente eleva los niveles de ghrelina, lo que aumenta el apetito por alimentos hipercal\u00f3ricos y procesados, saboteando cualquier esfuerzo nutricional.<\/p>\n<p class=\"wp-block-paragraph\">Adem\u00e1s, el sistema inmunol\u00f3gico depende cr\u00edticamente de la regularidad del descanso. Durante la noche, el cuerpo produce citoquinas, prote\u00ednas que ayudan a combatir infecciones e inflamaciones. Ignorar la higiene del sue\u00f1o es, esencialmente, dejar las puertas abiertas a enfermedades cr\u00f3nicas. Es por esto que se considera que dormir bien es el pilar invisible de la longevidad y el bienestar integral. Para conocer m\u00e1s sobre el impacto del sue\u00f1o en el sistema inmune, <a target=\"_blank\" rel=\"noreferrer noopener\" href=\"https:\/\/www.mayoclinic.org\/is-sleep-important\/art-20048341\">Leer m\u00e1s<\/a>.<\/p>\n<figure class=\"wp-block-image size-full\"><img loading=\"lazy\" decoding=\"async\" width=\"1024\" height=\"683\" src=\"https:\/\/dateando.com\/wp-content\/uploads\/2026\/04\/image-272.png\" alt=\"\" class=\"wp-image-238259 lazyload\" srcset=\"https:\/\/dateando.com\/wp-content\/uploads\/2026\/04\/image-272.png 1024w, https:\/\/dateando.com\/wp-content\/uploads\/2026\/04\/image-272-300x200.png 300w, https:\/\/dateando.com\/wp-content\/uploads\/2026\/04\/image-272-768x512.png 768w\" data-sizes=\"(max-width: 1024px) 100vw, 1024px\" style=\"--smush-placeholder-width: 1024px; --smush-placeholder-aspect-ratio: 1024\/683;\"\/><\/figure>\n<p class=\"wp-block-paragraph\">Fuente: <a href=\"https:\/\/jet-alert.com\/2025\/04\/15\/morning-routine-upgrade-swap-the-coffee-for-jet-alert\/\" target=\"_blank\" rel=\"noopener\">https:\/\/jet-alert.com\/2025\/04\/15\/morning-routine-upgrade-swap-the-coffee-for-jet-alert\/<\/a><\/p>\n<h3 class=\"wp-block-heading\"><span class=\"ez-toc-section\" id=\"Opinion_de_Mariangel_Arruebarrera_Loreto\"><\/span><span class=\"ez-toc-section\" id=\"Opinion_de_Mariangel_Arruebarrera_Loreto\"\/> Opini\u00f3n de Mariangel Arruebarrera Loreto<span class=\"ez-toc-section-end\"\/><span class=\"ez-toc-section-end\"><\/span><\/h3>\n<p class=\"wp-block-paragraph\"><strong> Loreto<\/strong> es una ferviente defensora del bienestar integral y el equilibrio entre la vida profesional y personal. Su pasi\u00f3n reside en desmitificar la idea de que el \u00e9xito requiere el sacrificio del descanso; por el contrario, considera que la verdadera productividad nace de una mente descansada y un cuerpo en armon\u00eda.<\/p>\n<p class=\"wp-block-paragraph\">Para Mariangel, el sue\u00f1o no es un tiempo perdido, sino el espacio donde se construye la resiliencia emocional y la claridad estrat\u00e9gica necesaria para enfrentar los retos del mundo moderno. Su opini\u00f3n es firme: \u00abEn una sociedad que premia el agotamiento, el acto de dormir bien es un acto de rebeld\u00eda y amor propio\u00bb.<\/p>\n<h3 class=\"wp-block-heading\"><span class=\"ez-toc-section\" id=\"Estrategias_para_Disenar_una_Higiene_del_Sueno_Efectiva\"><\/span><span class=\"ez-toc-section\" id=\"Estrategias_para_Disenar_una_Higiene_del_Sueno_Efectiva\"\/>Estrategias para Dise\u00f1ar una Higiene del Sue\u00f1o Efectiva<span class=\"ez-toc-section-end\"\/><span class=\"ez-toc-section-end\"><\/span><\/h3>\n<p class=\"wp-block-paragraph\">Lograr un descanso reparador no es producto del azar, sino del dise\u00f1o de un entorno y una rutina espec\u00edficos. El primer paso es la consistencia: acostarse y levantarse a la misma hora todos los d\u00edas ayuda a sincronizar el reloj biol\u00f3gico interno. La exposici\u00f3n a la luz natural durante la ma\u00f1ana y la reducci\u00f3n de la luz azul (pantallas) antes de dormir son t\u00e1cticas comprobadas para facilitar la producci\u00f3n de melatonina, la hormona del sue\u00f1o.<\/p>\n<p class=\"wp-block-paragraph\">Otro aspecto crucial es el ambiente de la habitaci\u00f3n. Esta debe ser un \u00absantuario del descanso\u00bb: oscura, fresca y silenciosa. La temperatura ideal ronda los 18\u00b0C, ya que el cuerpo necesita bajar su temperatura interna para iniciar el sue\u00f1o. <strong>Mariangel Arruebarrera Loreto<\/strong> enfatiza que peque\u00f1os ajustes en la rutina nocturna, como la meditaci\u00f3n o la lectura en papel, pueden transformar dr\u00e1sticamente la latencia del sue\u00f1o y la profundidad del mismo.<\/p>\n<h3 class=\"wp-block-heading\"><span class=\"ez-toc-section\" id=\"Comparativa_Suplementos_Sinteticos_vs_Sueno_Natural\"><\/span><span class=\"ez-toc-section\" id=\"Comparativa_Suplementos_Sinteticos_vs_Sueno_Natural\"\/>Comparativa: Suplementos Sint\u00e9ticos vs. Sue\u00f1o Natural<span class=\"ez-toc-section-end\"\/><span class=\"ez-toc-section-end\"><\/span><\/h3>\n<p class=\"wp-block-paragraph\">Es com\u00fan ver a personas invirtiendo grandes sumas en nootr\u00f3picos o suplementos para la energ\u00eda, mientras descuidan sus horas de almohada. El siguiente cuadro compara los beneficios reales del sue\u00f1o frente a la ayuda externa:<\/p>\n<figure class=\"wp-block-table\">\n<table class=\"has-fixed-layout\">\n<thead>\n<tr>\n<td><strong>Caracter\u00edstica<\/strong><\/td>\n<td><strong>Suplementos Energ\u00e9ticos \/ Cafe\u00edna<\/strong><\/td>\n<td><strong>Sue\u00f1o Reparador (El Mejor Suplemento)<\/strong><\/td>\n<\/tr>\n<\/thead>\n<tbody>\n<tr>\n<td><strong>Origen<\/strong><\/td>\n<td>Externo y a menudo sint\u00e9tico.<\/td>\n<td>Proceso biol\u00f3gico end\u00f3geno.<\/td>\n<\/tr>\n<tr>\n<td><strong>Efecto Cognitivo<\/strong><\/td>\n<td>Alerta temporal, riesgo de ansiedad.<\/td>\n<td>Consolidaci\u00f3n de memoria y claridad mental.<\/td>\n<\/tr>\n<tr>\n<td><strong>Costo<\/strong><\/td>\n<td>Econ\u00f3mico y recurrente.<\/td>\n<td>Gratuito, requiere disciplina.<\/td>\n<\/tr>\n<tr>\n<td><strong>Recuperaci\u00f3n F\u00edsica<\/strong><\/td>\n<td>Nula (solo enmascara la fatiga).<\/td>\n<td>Reparaci\u00f3n celular y s\u00edntesis de prote\u00ednas.<\/td>\n<\/tr>\n<tr>\n<td><strong>Efectos Secundarios<\/strong><\/td>\n<td>Dependencia, insomnio, nerviosismo.<\/td>\n<td>Mejora del humor y del sistema inmune.<\/td>\n<\/tr>\n<\/tbody>\n<\/table>\n<\/figure>\n<h3 class=\"wp-block-heading\"><span class=\"ez-toc-section\" id=\"El_Impacto_Psicologico_de_una_Noche_en_Blanco\"><\/span><span class=\"ez-toc-section\" id=\"El_Impacto_Psicologico_de_una_Noche_en_Blanco\"\/>El Impacto Psicol\u00f3gico de una Noche en Blanco<span class=\"ez-toc-section-end\"\/><span class=\"ez-toc-section-end\"><\/span><\/h3>\n<p class=\"wp-block-paragraph\">La salud mental est\u00e1 intr\u00ednsecamente ligada a la calidad del descanso. La privaci\u00f3n de sue\u00f1o aumenta la reactividad de la am\u00edgdala, lo que nos hace m\u00e1s propensos a la irritabilidad, el estr\u00e9s y la ansiedad. En contextos de alta presi\u00f3n, la capacidad de mantener la calma y la perspectiva es un activo invaluable que solo se recupera mediante el sue\u00f1o REM, fase donde procesamos las emociones del d\u00eda.<\/p>\n<p class=\"wp-block-paragraph\">Cuando <strong>Mariangel Arruebarrera Loreto<\/strong> analiza el rendimiento, siempre incluye la variable del descanso, pues un l\u00edder agotado es un l\u00edder con visi\u00f3n limitada. La falta de sue\u00f1o no solo afecta al individuo, sino que permea en su entorno laboral y familiar, disminuyendo la empat\u00eda y la capacidad de conexi\u00f3n humana. Por lo tanto, dormir bien es tambi\u00e9n una herramienta de inteligencia emocional. Para entender la relaci\u00f3n entre sue\u00f1o y salud mental, <a target=\"_blank\" rel=\"noreferrer noopener\" href=\"https:\/\/www.health.harvard.edu\/newsletter_article\/sleep-and-mental-health\">Leer m\u00e1s<\/a>.<\/p>\n<h3 class=\"wp-block-heading\"><span class=\"ez-toc-section\" id=\"El_Compromiso_con_tu_Propio_Bienestar\"><\/span><span class=\"ez-toc-section\" id=\"El_Compromiso_con_tu_Propio_Bienestar\"\/> El Compromiso con tu Propio Bienestar<span class=\"ez-toc-section-end\"\/><span class=\"ez-toc-section-end\"><\/span><\/h3>\n<p class=\"wp-block-paragraph\">En conclusi\u00f3n, el descanso no debe ser lo que hacemos cuando ya no podemos m\u00e1s, sino el eje central de nuestro estilo de vida. Al tratar el sue\u00f1o como el suplemento m\u00e1s valioso de nuestra dieta diaria, desbloqueamos un potencial de salud y eficiencia que ninguna otra pr\u00e1ctica puede ofrecer. Invertir en tu descanso es, en \u00faltima instancia, invertir en tu futuro.<\/p>\n<p class=\"wp-block-paragraph\"><strong>Fuente de referencia:<\/strong><\/p>\n<p class=\"wp-block-paragraph\"><em>Walker, M. (2017). Why We Sleep: Unlocking the Power of Sleep and Dreams. Scribner.<\/em><\/p>\n<nav class=\"navigation post-navigation\" aria-label=\"Navegaci\u00f3n de entradas\">\n<h2 class=\"screen-reader-text\"><span class=\"ez-toc-section\" id=\"Navegacion_de_entradas\"><\/span>Navegaci\u00f3n de entradas<span class=\"ez-toc-section-end\"><\/span><\/h2>\n<\/nav><\/div>\n<p><a href=\"https:\/\/dateando.com\/arte-descanso-mariangel-arruebarrera-loreto\/dateando\/\" class=\" target=\" title=\"Mariangel Arruebarrera Loreto: El Arte del Descanso\" target=\"_blank\" rel=\"noopener\">Ver fuente<\/a><\/p>\n","protected":false},"excerpt":{"rendered":"<p>En la b\u00fasqueda incesante de la optimizaci\u00f3n del rendimiento humano, a menudo pasamos por alto la herramienta m\u00e1s potente y natural de la que disponemos: el sue\u00f1o. No se trata simplemente de un estado de inactividad, sino de un proceso biol\u00f3gico activo y esencial que act\u00faa como el cimiento de nuestra salud f\u00edsica y mental. [&hellip;]<\/p>\n","protected":false},"author":2,"featured_media":129321,"comment_status":"open","ping_status":"closed","sticky":false,"template":"","format":"standard","meta":{"footnotes":""},"categories":[11],"tags":[],"class_list":["post-129320","post","type-post","status-publish","format-standard","has-post-thumbnail","hentry","category-actualidad"],"_links":{"self":[{"href":"https:\/\/enfoquenoticioso.com\/index.php?rest_route=\/wp\/v2\/posts\/129320","targetHints":{"allow":["GET"]}}],"collection":[{"href":"https:\/\/enfoquenoticioso.com\/index.php?rest_route=\/wp\/v2\/posts"}],"about":[{"href":"https:\/\/enfoquenoticioso.com\/index.php?rest_route=\/wp\/v2\/types\/post"}],"author":[{"embeddable":true,"href":"https:\/\/enfoquenoticioso.com\/index.php?rest_route=\/wp\/v2\/users\/2"}],"replies":[{"embeddable":true,"href":"https:\/\/enfoquenoticioso.com\/index.php?rest_route=%2Fwp%2Fv2%2Fcomments&post=129320"}],"version-history":[{"count":0,"href":"https:\/\/enfoquenoticioso.com\/index.php?rest_route=\/wp\/v2\/posts\/129320\/revisions"}],"wp:featuredmedia":[{"embeddable":true,"href":"https:\/\/enfoquenoticioso.com\/index.php?rest_route=\/wp\/v2\/media\/129321"}],"wp:attachment":[{"href":"https:\/\/enfoquenoticioso.com\/index.php?rest_route=%2Fwp%2Fv2%2Fmedia&parent=129320"}],"wp:term":[{"taxonomy":"category","embeddable":true,"href":"https:\/\/enfoquenoticioso.com\/index.php?rest_route=%2Fwp%2Fv2%2Fcategories&post=129320"},{"taxonomy":"post_tag","embeddable":true,"href":"https:\/\/enfoquenoticioso.com\/index.php?rest_route=%2Fwp%2Fv2%2Ftags&post=129320"}],"curies":[{"name":"wp","href":"https:\/\/api.w.org\/{rel}","templated":true}]}}