{"id":129340,"date":"2026-05-01T11:12:11","date_gmt":"2026-05-01T11:12:11","guid":{"rendered":"https:\/\/enfoquenoticioso.com\/?p=129340"},"modified":"2026-05-01T11:12:11","modified_gmt":"2026-05-01T11:12:11","slug":"5-curiosidades-que-seguro-no-conocias-de-el-diablo-viste-de-prada-2","status":"publish","type":"post","link":"https:\/\/enfoquenoticioso.com\/?p=129340","title":{"rendered":"5 curiosidades que seguro no conoc\u00edas de \u2018El Diablo viste de Prada 2\u2019"},"content":{"rendered":"<figure><img loading=\"lazy\" decoding=\"async\" width=\"1024\" height=\"614\" src=\"https:\/\/i0.wp.com\/imgs.hipertextual.com\/wp-content\/uploads\/2026\/04\/El-Diablo-Viste-de-Prada-2-pelicula-4.jpg?fit=1024%2C614&amp;quality=70&amp;strip=all&amp;ssl=1\" class=\"attachment-rss-image-size size-rss-image-size wp-post-image\" alt=\"El Diablo Viste de Prada 2 pel\u00edcula\" \/><\/figure>\n<p>El <em><strong><a href=\"https:\/\/hipertextual.com\/cine-television\/5-cosas-que-debes-saber-de-el-diablo-viste-de-prada-2-antes-de-ver-la-pelicula\/\" target=\"_blank\" rel=\"noopener\">Diablo viste de Prada 2<\/a><\/strong><\/em> acaba de estrenarse en cines, y hay algunas curiosidades que todo fan debe conocer. El t\u00edtulo era uno de <a href=\"https:\/\/hipertextual.com\/cine-television\/las-peliculas-mas-esperadas-de-2026-que-ya-sabemos-cuando-se-estrenan\/\" target=\"_blank\" rel=\"noopener\">los m\u00e1s esperados del a\u00f1o<\/a>. Y es que han pasado dos largas d\u00e9cadas desde que la primera pel\u00edcula viera la luz all\u00e1 por 2006 para convertirse en un cl\u00e1sico instant\u00e1neo. Durante mucho tiempo, miles y miles de personas pidieron una continuaci\u00f3n. Sin embargo, esta nunca acababa de llegar.<\/p>\n<p>Pero al fin, hace un par de a\u00f1os, <a href=\"https:\/\/hipertextual.com\/cine-television\/disney-pone-en-marcha-el-diablo-viste-de-prada-2\/\" target=\"_blank\" rel=\"noopener\">el proyecto empez\u00f3 a ponerse en marcha<\/a>. Sus protagonistas vieron con mejores ojos regresar a sus ic\u00f3nicos papeles para contar una nueva historia en forma de secuela. <a href=\"https:\/\/hipertextual.com\/cine-television\/el-diablo-viste-de-prada-2-todo-lo-que-sabemos-sobre-la-secuela\/\" target=\"_blank\" rel=\"noopener\"><em>El Diablo viste de Prada 2<\/em> se convert\u00eda en una realidad<\/a> que reaviv\u00f3 la ilusi\u00f3n en todo el mundo de ver una nueva comedia en el mundo del periodismo y de la moda con <strong>Andy<\/strong>, <strong>Miranda<\/strong> y compa\u00f1\u00eda.<\/p>\n<p>Veinte a\u00f1os despu\u00e9s de interpretar sus ic\u00f3nicos papeles como <strong>Miranda<\/strong>, <strong>Andy<\/strong>, <strong>Emily<\/strong> y <strong>Nigel<\/strong>, <strong>Meryl Streep<\/strong>, <strong>Anne Hathaway<\/strong>, <strong>Emily Blunt<\/strong> y <strong>Stanley Tucci<\/strong> regresan a las elegantes calles de Nueva York y a las sofisticadas oficinas de la revista <em>Runway<\/em> en la esperada secuela del fen\u00f3meno de 2006 que defini\u00f3 a toda una generaci\u00f3n. La pel\u00edcula re\u00fane al reparto principal original con el director David Frankel y la guionista <strong>Aline Brosh McKenna<\/strong>. A continuaci\u00f3n, 5 curiosidades sobre <em>El Diablo viste de Prada 2<\/em>.<\/p>\n<div id=\"ez-toc-container\" class=\"ez-toc-v2_0_81 counter-hierarchy ez-toc-counter ez-toc-grey ez-toc-container-direction\">\n<div class=\"ez-toc-title-container\">\n<p class=\"ez-toc-title\" style=\"cursor:inherit\">Tabla de Contenido<\/p>\n<span class=\"ez-toc-title-toggle\"><a href=\"#\" class=\"ez-toc-pull-right ez-toc-btn ez-toc-btn-xs ez-toc-btn-default ez-toc-toggle\" aria-label=\"Alternar tabla de contenidos\"><span class=\"ez-toc-js-icon-con\"><span class=\"\"><span class=\"eztoc-hide\" style=\"display:none;\">Toggle<\/span><span class=\"ez-toc-icon-toggle-span\"><svg style=\"fill: #999;color:#999\" xmlns=\"http:\/\/www.w3.org\/2000\/svg\" class=\"list-377408\" width=\"20px\" height=\"20px\" viewBox=\"0 0 24 24\" fill=\"none\"><path d=\"M6 6H4v2h2V6zm14 0H8v2h12V6zM4 11h2v2H4v-2zm16 0H8v2h12v-2zM4 16h2v2H4v-2zm16 0H8v2h12v-2z\" fill=\"currentColor\"><\/path><\/svg><svg style=\"fill: #999;color:#999\" class=\"arrow-unsorted-368013\" xmlns=\"http:\/\/www.w3.org\/2000\/svg\" width=\"10px\" height=\"10px\" viewBox=\"0 0 24 24\" version=\"1.2\" baseProfile=\"tiny\"><path d=\"M18.2 9.3l-6.2-6.3-6.2 6.3c-.2.2-.3.4-.3.7s.1.5.3.7c.2.2.4.3.7.3h11c.3 0 .5-.1.7-.3.2-.2.3-.5.3-.7s-.1-.5-.3-.7zM5.8 14.7l6.2 6.3 6.2-6.3c.2-.2.3-.5.3-.7s-.1-.5-.3-.7c-.2-.2-.4-.3-.7-.3h-11c-.3 0-.5.1-.7.3-.2.2-.3.5-.3.7s.1.5.3.7z\"\/><\/svg><\/span><\/span><\/span><\/a><\/span><\/div>\n<nav><ul class='ez-toc-list ez-toc-list-level-1 ' ><li class='ez-toc-page-1 ez-toc-heading-level-2'><a class=\"ez-toc-link ez-toc-heading-1\" href=\"https:\/\/enfoquenoticioso.com\/?p=129340\/#El_titulo_secreto\" >El t\u00edtulo secreto<\/a><\/li><li class='ez-toc-page-1 ez-toc-heading-level-2'><a class=\"ez-toc-link ez-toc-heading-2\" href=\"https:\/\/enfoquenoticioso.com\/?p=129340\/#El_cameo_de_Sydney_Sweeney\" >El cameo de Sydney Sweeney<\/a><\/li><li class='ez-toc-page-1 ez-toc-heading-level-2'><a class=\"ez-toc-link ez-toc-heading-3\" href=\"https:\/\/enfoquenoticioso.com\/?p=129340\/#Meryl_Streep_abandona_el_metodo\" >Meryl Streep abandona el m\u00e9todo<\/a><\/li><li class='ez-toc-page-1 ez-toc-heading-level-2'><a class=\"ez-toc-link ez-toc-heading-4\" href=\"https:\/\/enfoquenoticioso.com\/?p=129340\/#La_Milan_Fashion_Week_como_escenario\" >La Milan Fashion Week como escenario<\/a><\/li><li class='ez-toc-page-1 ez-toc-heading-level-2'><a class=\"ez-toc-link ez-toc-heading-5\" href=\"https:\/\/enfoquenoticioso.com\/?p=129340\/#Un_trailer_que_rompio_records\" >Un tr\u00e1iler que rompi\u00f3 r\u00e9cords<\/a><\/li><\/ul><\/nav><\/div>\n<h2 class=\"wp-block-heading\" id=\"h-el-titulo-secreto\"><span class=\"ez-toc-section\" id=\"El_titulo_secreto\"><\/span>El t\u00edtulo secreto<span class=\"ez-toc-section-end\"><\/span><\/h2>\n<figure class=\"wp-block-image alignwide size-large\"><img loading=\"lazy\" decoding=\"async\" data-recalc-dims=\"1\" width=\"780\" height=\"520\" src=\"https:\/\/i0.wp.com\/imgs.hipertextual.com\/wp-content\/uploads\/2026\/04\/Azul-ceruleo-El-Diablo-Viste-de-Prada-2-1500x1000.jpeg?resize=780%2C520&#038;quality=70&#038;strip=all&#038;ssl=1\" alt=\"Azul cer\u00faleo El Diablo Viste de Prada 2\" class=\"wp-image-1883460\" \/><\/figure>\n<p>Cuando empez\u00f3 el rodaje de <em>El Diablo viste de Prada 2<\/em>, 20th Century Studios quiso llevarlo en secreto por el mayor tiempo posible. Por eso, y a pesar de la oleada de paparazzis que pronto se hicieron eco de la noticia, optaron por poner un t\u00edtulo secreto y provisional a la pel\u00edcula. El elegido era <strong><em>Cer\u00faleo<\/em><\/strong>, una obvia referencia a la ic\u00f3nica frase de la primera pel\u00edcula sobre el azul cer\u00faleo.<\/p>\n<h2 class=\"wp-block-heading\" id=\"h-el-cameo-de-sydney-sweeney\"><span class=\"ez-toc-section\" id=\"El_cameo_de_Sydney_Sweeney\"><\/span>El cameo de Sydney Sweeney<span class=\"ez-toc-section-end\"><\/span><\/h2>\n<figure class=\"wp-block-image alignwide size-large\"><img loading=\"lazy\" decoding=\"async\" data-recalc-dims=\"1\" width=\"780\" height=\"468\" src=\"https:\/\/i0.wp.com\/imgs.hipertextual.com\/wp-content\/uploads\/2026\/04\/Sydney-Sweeney-1500x900.jpg?resize=780%2C468&#038;quality=70&#038;strip=all&#038;ssl=1\" alt=\"Sydney Sweeney\" class=\"wp-image-1882287\" \/><\/figure>\n<p>En <em>El Diablo viste de Parada 2<\/em> podemos ver una lista infinita de apariciones de grandes celebridades de las industrias de la moda y el entretenimiento. Lo que algunos no saben es que incluso <strong>Sydney Sweeney<\/strong> grab\u00f3 una escena para la pel\u00edcula, pero la han eliminado. Concretamente, la actriz iba a hacer de s\u00ed misma como modelo de Dior en la secuencia de presentaci\u00f3n de <strong>Emily<\/strong> como alta ejecutiva de la compa\u00f1\u00eda. Sin embargo, al final, regrabaron la escena y ya no encajaba, as\u00ed que nunca podremos ver su cameo.<\/p>\n<h2 class=\"wp-block-heading\" id=\"h-meryl-streep-abandona-el-metodo\"><span class=\"ez-toc-section\" id=\"Meryl_Streep_abandona_el_metodo\"><\/span>Meryl Streep abandona el m\u00e9todo<span class=\"ez-toc-section-end\"><\/span><\/h2>\n<figure class=\"wp-block-image alignwide size-large\"><img decoding=\"async\" data-recalc-dims=\"1\" loading=\"lazy\" width=\"780\" height=\"520\" src=\"https:\/\/i0.wp.com\/imgs.hipertextual.com\/wp-content\/uploads\/2026\/04\/El-Diablo-viste-de-Prada-2-Meryl-Streep-1500x1000.jpg?resize=780%2C520&#038;quality=70&#038;strip=all&#038;ssl=1\" alt=\"El Diablo Viste de Prada 2\" class=\"wp-image-1883458\" \/><\/figure>\n<p>Para los fans de la original, es de sobra conocido que <strong>Meryl Streep<\/strong> emple\u00f3 en el rodaje la actuaci\u00f3n de m\u00e9todo para meterse m\u00e1s en el papel de Miranda. La int\u00e9rprete se quedaba en su camerino y no se relacionaba con nadie para empaparse mejor de ese aura arrogante y borde del personaje. Sin embargo, la oscarizada actriz ha reconocido que para <em>El Diablo viste de Prada 2<\/em> ha abandonado la actuaci\u00f3n de m\u00e9todo porque  fue tan horrible para ella que decidi\u00f3 no repetirlo m\u00e1s.<\/p>\n<h2 class=\"wp-block-heading\" id=\"h-la-milan-fashion-week-como-escenario\"><span class=\"ez-toc-section\" id=\"La_Milan_Fashion_Week_como_escenario\"><\/span>La Milan Fashion Week como escenario<span class=\"ez-toc-section-end\"><\/span><\/h2>\n<figure class=\"wp-block-image alignwide size-large\"><img decoding=\"async\" data-recalc-dims=\"1\" loading=\"lazy\" width=\"780\" height=\"520\" src=\"https:\/\/i0.wp.com\/imgs.hipertextual.com\/wp-content\/uploads\/2026\/04\/El-Diablo-Viste-de-Prada-2-curiosidades-1500x1000.jpg?resize=780%2C520&#038;quality=70&#038;strip=all&#038;ssl=1\" alt=\"El Diablo Viste de Prada 2\" class=\"wp-image-1883459\" \/><\/figure>\n<p>Los protagonistas de <em>El Diablo viste de Prada 2<\/em> asistieron a la verdadera Milan Fashion Week, lugar en el que <a href=\"https:\/\/hipertextual.com\/cine-television\/maravilloso-trailer-de-el-diablo-viste-de-prada-2-con-anne-hathaway-meryl-streep-y-mas-regresos\/\" target=\"_blank\" rel=\"noopener\">sucede una parte de la trama<\/a>. Lo normal habr\u00eda sido construir un set de rodaje para mayor comodidad para todo el equipo, adem\u00e1s de mayor libertad para grabar lo necesario. Sin embargo, la producci\u00f3n opt\u00f3 por ir a la Semana de la Moda de Mil\u00e1n con el fin de tener mayor autenticidad. Por ello, se les vio en el desfile de Dolce &amp; Gabbana, en primera fila y totalmente metidos en sus papeles. Cine y moda se dieron la mano m\u00e1s que nunca.<\/p>\n<h2 class=\"wp-block-heading\" id=\"h-un-trailer-que-rompio-records\"><span class=\"ez-toc-section\" id=\"Un_trailer_que_rompio_records\"><\/span>Un tr\u00e1iler que rompi\u00f3 r\u00e9cords<span class=\"ez-toc-section-end\"><\/span><\/h2>\n<figure class=\"wp-block-embed is-type-video is-provider-youtube wp-block-embed-youtube wp-embed-aspect-16-9 wp-has-aspect-ratio\">\n<div class=\"wp-block-embed__wrapper\">\n<\/div>\n<\/figure>\n<p>Un dato que reafirm\u00f3 a Disney de que el mundo deseaba ver <em>El Diablo viste de Prada 2<\/em> lleg\u00f3 con el estreno del primer tr\u00e1iler. Y es que el avance, b\u00e1sicamente, rompi\u00f3 internet. Sumadas las reproducciones de las diferentes plataformas, redes sociales y canales, el adelanto alcanz\u00f3 las 222 millones de visualizaciones en sus primeras 24 horas. Con estas cifras se convirti\u00f3 en el tr\u00e1iler m\u00e1s visto de la historia de 20th Century Studios.<\/p>\n<p>Seguir leyendo: <a href=\"https:\/\/hipertextual.com\/cine-television\/5-curiosidades-que-seguro-no-conocias-de-el-diablo-viste-de-prada-2\/\" target=\"_blank\" rel=\"noopener\">5 curiosidades que seguro no conoc\u00edas de &#8216;El Diablo viste de Prada 2&#8217;<\/a><\/p>\n<p><a href=\"https:\/\/hipertextual.com\/cine-television\/5-curiosidades-que-seguro-no-conocias-de-el-diablo-viste-de-prada-2\/\" class=\" target=\" title=\"5 curiosidades que seguro no conoc\u00edas de \u2018El Diablo viste de Prada 2\u2019\" target=\"_blank\" rel=\"noopener\">Ver fuente<\/a><\/p>\n","protected":false},"excerpt":{"rendered":"<p>El Diablo viste de Prada 2 acaba de estrenarse en cines, y hay algunas curiosidades que todo fan debe conocer. El t\u00edtulo era uno de los m\u00e1s esperados del a\u00f1o. Y es que han pasado dos largas d\u00e9cadas desde que la primera pel\u00edcula viera la luz all\u00e1 por 2006 para convertirse en un cl\u00e1sico instant\u00e1neo. [&hellip;]<\/p>\n","protected":false},"author":2,"featured_media":129341,"comment_status":"open","ping_status":"closed","sticky":false,"template":"","format":"standard","meta":{"footnotes":""},"categories":[9],"tags":[],"class_list":["post-129340","post","type-post","status-publish","format-standard","has-post-thumbnail","hentry","category-tecnologia"],"_links":{"self":[{"href":"https:\/\/enfoquenoticioso.com\/index.php?rest_route=\/wp\/v2\/posts\/129340","targetHints":{"allow":["GET"]}}],"collection":[{"href":"https:\/\/enfoquenoticioso.com\/index.php?rest_route=\/wp\/v2\/posts"}],"about":[{"href":"https:\/\/enfoquenoticioso.com\/index.php?rest_route=\/wp\/v2\/types\/post"}],"author":[{"embeddable":true,"href":"https:\/\/enfoquenoticioso.com\/index.php?rest_route=\/wp\/v2\/users\/2"}],"replies":[{"embeddable":true,"href":"https:\/\/enfoquenoticioso.com\/index.php?rest_route=%2Fwp%2Fv2%2Fcomments&post=129340"}],"version-history":[{"count":0,"href":"https:\/\/enfoquenoticioso.com\/index.php?rest_route=\/wp\/v2\/posts\/129340\/revisions"}],"wp:featuredmedia":[{"embeddable":true,"href":"https:\/\/enfoquenoticioso.com\/index.php?rest_route=\/wp\/v2\/media\/129341"}],"wp:attachment":[{"href":"https:\/\/enfoquenoticioso.com\/index.php?rest_route=%2Fwp%2Fv2%2Fmedia&parent=129340"}],"wp:term":[{"taxonomy":"category","embeddable":true,"href":"https:\/\/enfoquenoticioso.com\/index.php?rest_route=%2Fwp%2Fv2%2Fcategories&post=129340"},{"taxonomy":"post_tag","embeddable":true,"href":"https:\/\/enfoquenoticioso.com\/index.php?rest_route=%2Fwp%2Fv2%2Ftags&post=129340"}],"curies":[{"name":"wp","href":"https:\/\/api.w.org\/{rel}","templated":true}]}}