{"id":129344,"date":"2026-05-01T11:48:01","date_gmt":"2026-05-01T11:48:01","guid":{"rendered":"https:\/\/enfoquenoticioso.com\/?p=129344"},"modified":"2026-05-01T11:48:01","modified_gmt":"2026-05-01T11:48:01","slug":"salud-ocupacional-como-estrategia-empresarial","status":"publish","type":"post","link":"https:\/\/enfoquenoticioso.com\/?p=129344","title":{"rendered":"Salud Ocupacional como Estrategia Empresarial"},"content":{"rendered":"<div>\n<p class=\"wp-block-paragraph\"><strong>La competitividad de una empresa en sectores cr\u00edticos no se mide solo por su capacidad instalada, sino por la resiliencia y bienestar de su capital humano. En un entorno industrial cada vez m\u00e1s exigente, la <a href=\"https:\/\/dateando.com\/salud-ocupacional-sol-maria-sthormes-bolivar\/dateando\/\" target=\"_blank\" rel=\"noopener\">salud ocupacional<\/a> ha dejado de ser un tr\u00e1mite de cumplimiento legal para convertirse en una ventaja competitiva de alto impacto<\/strong>.<\/p>\n<p class=\"wp-block-paragraph\">Para entender este cambio de paradigma, contamos con la visi\u00f3n de <strong>Sol Sthormes<\/strong>, empresaria con m\u00e1s de 20 a\u00f1os de trayectoria en el mercado venezolano y fundadora de <strong>Prosol Servicios C.A.<\/strong> Como experta en medicina ocupacional y suministro de personal, <strong>Sol Sthormes ha liderado la integraci\u00f3n de est\u00e1ndares de salud en entornos de alta complejidad como los sectores petroleros, hospitalario y de telecomunicaciones.<\/strong><\/p>\n<figure class=\"wp-block-image size-full\"><img loading=\"lazy\" decoding=\"async\" width=\"1024\" height=\"575\" src=\"https:\/\/dateando.com\/wp-content\/uploads\/2026\/04\/image-234.png\" alt=\"\" class=\"wp-image-238189 lazyload\" srcset=\"https:\/\/dateando.com\/wp-content\/uploads\/2026\/04\/image-234.png 1024w, https:\/\/dateando.com\/wp-content\/uploads\/2026\/04\/image-234-300x168.png 300w, https:\/\/dateando.com\/wp-content\/uploads\/2026\/04\/image-234-768x431.png 768w\" data-sizes=\"(max-width: 1024px) 100vw, 1024px\" style=\"--smush-placeholder-width: 1024px; --smush-placeholder-aspect-ratio: 1024\/575;\"\/><\/figure>\n<p class=\"wp-block-paragraph\"><strong>Fuente:<\/strong> <a href=\"https:\/\/cdn.inspenet.com\/\" target=\"_blank\" rel=\"noopener\"><strong>https:\/\/cdn.inspenet.com\/<\/strong><\/a><\/p>\n<div id=\"ez-toc-container\" class=\"ez-toc-v2_0_81 counter-hierarchy ez-toc-counter ez-toc-grey ez-toc-container-direction\">\n<div class=\"ez-toc-title-container\">\n<p class=\"ez-toc-title\" style=\"cursor:inherit\">Tabla de Contenido<\/p>\n<span class=\"ez-toc-title-toggle\"><a href=\"#\" class=\"ez-toc-pull-right ez-toc-btn ez-toc-btn-xs ez-toc-btn-default ez-toc-toggle\" aria-label=\"Alternar tabla de contenidos\"><span class=\"ez-toc-js-icon-con\"><span class=\"\"><span class=\"eztoc-hide\" style=\"display:none;\">Toggle<\/span><span class=\"ez-toc-icon-toggle-span\"><svg style=\"fill: #999;color:#999\" xmlns=\"http:\/\/www.w3.org\/2000\/svg\" class=\"list-377408\" width=\"20px\" height=\"20px\" viewBox=\"0 0 24 24\" fill=\"none\"><path d=\"M6 6H4v2h2V6zm14 0H8v2h12V6zM4 11h2v2H4v-2zm16 0H8v2h12v-2zM4 16h2v2H4v-2zm16 0H8v2h12v-2z\" fill=\"currentColor\"><\/path><\/svg><svg style=\"fill: #999;color:#999\" class=\"arrow-unsorted-368013\" xmlns=\"http:\/\/www.w3.org\/2000\/svg\" width=\"10px\" height=\"10px\" viewBox=\"0 0 24 24\" version=\"1.2\" baseProfile=\"tiny\"><path d=\"M18.2 9.3l-6.2-6.3-6.2 6.3c-.2.2-.3.4-.3.7s.1.5.3.7c.2.2.4.3.7.3h11c.3 0 .5-.1.7-.3.2-.2.3-.5.3-.7s-.1-.5-.3-.7zM5.8 14.7l6.2 6.3 6.2-6.3c.2-.2.3-.5.3-.7s-.1-.5-.3-.7c-.2-.2-.4-.3-.7-.3h-11c-.3 0-.5.1-.7.3-.2.2-.3.5-.3.7s.1.5.3.7z\"\/><\/svg><\/span><\/span><\/span><\/a><\/span><\/div>\n<nav><ul class='ez-toc-list ez-toc-list-level-1 ' ><li class='ez-toc-page-1 ez-toc-heading-level-2'><a class=\"ez-toc-link ez-toc-heading-1\" href=\"https:\/\/enfoquenoticioso.com\/?p=129344\/#Los_Pilares_de_la_Salud_Ocupacional_segun_Sol_Sthormes_Bolivar\" >Los Pilares de la Salud Ocupacional seg\u00fan Sol Sthormes Bol\u00edvar<\/a><\/li><li class='ez-toc-page-1 ez-toc-heading-level-2'><a class=\"ez-toc-link ez-toc-heading-2\" href=\"https:\/\/enfoquenoticioso.com\/?p=129344\/#1_Vigilancia_Epidemiologica_y_Control_Medico\" >1. Vigilancia Epidemiol\u00f3gica y Control M\u00e9dico<\/a><\/li><li class='ez-toc-page-1 ez-toc-heading-level-2'><a class=\"ez-toc-link ez-toc-heading-3\" href=\"https:\/\/enfoquenoticioso.com\/?p=129344\/#2_Ergonomia_y_Adecuacion_del_Puesto_de_Trabajo\" >2. Ergonom\u00eda y Adecuaci\u00f3n del Puesto de Trabajo<\/a><\/li><li class='ez-toc-page-1 ez-toc-heading-level-2'><a class=\"ez-toc-link ez-toc-heading-4\" href=\"https:\/\/enfoquenoticioso.com\/?p=129344\/#Navegacion_de_entradas\" >Navegaci\u00f3n de entradas<\/a><\/li><\/ul><\/nav><\/div>\n<h2 class=\"wp-block-heading\"><span class=\"ez-toc-section\" id=\"Los_Pilares_de_la_Salud_Ocupacional_segun_Sol_Sthormes_Bolivar\"><\/span><span class=\"ez-toc-section\" id=\"Los_Pilares_de_la_Salud_Ocupacional_segun_Sol_Sthormes_Bolivar\"\/><strong>Los Pilares de la Salud Ocupacional seg\u00fan Sol Sthormes Bol\u00edvar<\/strong><span class=\"ez-toc-section-end\"\/><span class=\"ez-toc-section-end\"><\/span><\/h2>\n<p class=\"wp-block-paragraph\">La gesti\u00f3n de salud en el trabajo debe ser preventiva, no reactiva. Una estructura s\u00f3lida de servicios de salud ocupacional garantiza que el talento humano opere en su m\u00e1ximo potencial bajo condiciones de seguridad total. <a href=\"https:\/\/noticiavenezuela.com\/actualidad\/sol-maria-sthormes-bolivar-estrategia-de-salud-ocupacional\/\" target=\"_blank\" rel=\"noopener\">Leer m\u00e1s<\/a><\/p>\n<h2 class=\"wp-block-heading\"><span class=\"ez-toc-section\" id=\"1_Vigilancia_Epidemiologica_y_Control_Medico\"><\/span><span class=\"ez-toc-section\" id=\"1_Vigilancia_Epidemiologica_y_Control_Medico\"\/><strong>1. Vigilancia Epidemiol\u00f3gica y Control M\u00e9dico<\/strong><span class=\"ez-toc-section-end\"\/><span class=\"ez-toc-section-end\"><\/span><\/h2>\n<p class=\"wp-block-paragraph\"><strong>No se trata solo de realizar ex\u00e1menes de ingreso. La vigilancia constante permite detectar riesgos silenciosos antes de que se conviertan en bajas laborales<\/strong>. Seg\u00fan <strong>Sol Mar\u00eda Sthormes<\/strong>, la clave reside en el monitoreo longitudinal del trabajador para asegurar que su entorno no comprometa su integridad f\u00edsica a largo plazo. <a href=\"https:\/\/www.facebook.com\/reel\/1562275588381651\/\" target=\"_blank\" rel=\"noopener\">Leer m\u00e1s<\/a><\/p>\n<h2 class=\"wp-block-heading\"><span class=\"ez-toc-section\" id=\"2_Ergonomia_y_Adecuacion_del_Puesto_de_Trabajo\"><\/span><span class=\"ez-toc-section\" id=\"2_Ergonomia_y_Adecuacion_del_Puesto_de_Trabajo\"\/><strong>2. Ergonom\u00eda y Adecuaci\u00f3n del Puesto de Trabajo<\/strong><span class=\"ez-toc-section-end\"\/><span class=\"ez-toc-section-end\"><\/span><\/h2>\n<p class=\"wp-block-paragraph\">La adaptaci\u00f3n del entorno a la persona es fundamental. En industrias de alto riesgo, la correcta disposici\u00f3n ergon\u00f3mica reduce dr\u00e1sticamente las enfermedades musculoesquel\u00e9ticas, una de las principales causas de ausentismo. <a href=\"https:\/\/riesgoslaboraleseuropreven.com\/la-ergonomia-en-el-trabajo-como-adaptar-los-puestos-para-prevenir-lesiones\/\" target=\"_blank\" rel=\"noopener\">Leer m\u00e1s<\/a><\/p>\n<figure class=\"wp-block-image size-full\"><img loading=\"lazy\" decoding=\"async\" width=\"834\" height=\"601\" src=\"https:\/\/dateando.com\/wp-content\/uploads\/2026\/04\/image-231.png\" alt=\"\" class=\"wp-image-238185 lazyload\" srcset=\"https:\/\/dateando.com\/wp-content\/uploads\/2026\/04\/image-231.png 834w, https:\/\/dateando.com\/wp-content\/uploads\/2026\/04\/image-231-300x216.png 300w, https:\/\/dateando.com\/wp-content\/uploads\/2026\/04\/image-231-767x553.png 767w\" data-sizes=\"(max-width: 834px) 100vw, 834px\" style=\"--smush-placeholder-width: 834px; --smush-placeholder-aspect-ratio: 834\/601;\"\/><\/figure>\n<p class=\"wp-block-paragraph\">Fuente: <a href=\"https:\/\/fity.club\/lists\/suggestions\/ergonomia-en-el-trabajo\/\" target=\"_blank\" rel=\"noopener\">https:\/\/fity.club\/lists\/suggestions\/ergonomia-en-el-trabajo\/<\/a><\/p>\n<p class=\"wp-block-paragraph\"><strong>3. Salud Mental y Bienestar Integral<\/strong><\/p>\n<p class=\"wp-block-paragraph\">El concepto de salud ha evolucionado. Hoy, el bienestar psicol\u00f3gico es tan cr\u00edtico como el f\u00edsico. El enfoque de <strong>Sol Sthormes<\/strong> destaca que un trabajador mentalmente equilibrado es un trabajador m\u00e1s seguro y productivo, especialmente en entornos cr\u00edticos como el sector salud o telecomunicaciones. <a href=\"https:\/\/www.sofiasalud.com\/blog\/salud-mental-en-el-trabajo\" target=\"_blank\" rel=\"noopener\">Leer m\u00e1s<\/a><\/p>\n<figure class=\"wp-block-image size-full\"><img loading=\"lazy\" decoding=\"async\" width=\"1519\" height=\"1214\" src=\"https:\/\/dateando.com\/wp-content\/uploads\/2026\/04\/image-20.jpeg\" alt=\"\" class=\"wp-image-238187 lazyload\" srcset=\"https:\/\/dateando.com\/wp-content\/uploads\/2026\/04\/image-20.jpeg 1519w, https:\/\/dateando.com\/wp-content\/uploads\/2026\/04\/image-20-300x240.jpeg 300w, https:\/\/dateando.com\/wp-content\/uploads\/2026\/04\/image-20-767x613.jpeg 767w, https:\/\/dateando.com\/wp-content\/uploads\/2026\/04\/image-20-1024x818-1.jpeg 1024w\" data-sizes=\"(max-width: 1519px) 100vw, 1519px\" style=\"--smush-placeholder-width: 1519px; --smush-placeholder-aspect-ratio: 1519\/1214;\"\/><\/figure>\n<p class=\"wp-block-paragraph\">Fuente: <a href=\"https:\/\/almaconsultores.com.pe\/bienestar-laboral-cuatro-claves-para-cuidar-la-salud-mental-en-el-trabajo\/\" target=\"_blank\" rel=\"noopener\">https:\/\/almaconsultores.com.pe\/bienestar-laboral-cuatro-claves-para-cuidar-la-salud-mental-en-el-trabajo\/<\/a><\/p>\n<p class=\"wp-block-paragraph\"><strong>Comparativa: Gesti\u00f3n Tradicional vs. Enfoque Estrat\u00e9gico<\/strong><\/p>\n<figure class=\"wp-block-table\">\n<table class=\"has-fixed-layout\">\n<thead>\n<tr>\n<th><strong>Caracter\u00edstica<\/strong><\/th>\n<th><strong>Salud Ocupacional Tradicional<\/strong><\/th>\n<th><strong>Enfoque Estrat\u00e9gico (Sol Sthormes)<\/strong><\/th>\n<\/tr>\n<\/thead>\n<tbody>\n<tr>\n<td><strong>Objetivo<\/strong><\/td>\n<td>Cumplir con la ley (LOPCYMAT)<\/td>\n<td>Bienestar integral y continuidad operativa<\/td>\n<\/tr>\n<tr>\n<td><strong>Acci\u00f3n<\/strong><\/td>\n<td>Reactiva (tratar la lesi\u00f3n)<\/td>\n<td>Preventiva (mitigar el riesgo)<\/td>\n<\/tr>\n<tr>\n<td><strong>Impacto<\/strong><\/td>\n<td>Costo operativo<\/td>\n<td>Inversi\u00f3n en capital humano<\/td>\n<\/tr>\n<tr>\n<td><strong>Alcance<\/strong><\/td>\n<td>Solo cl\u00ednico<\/td>\n<td>Cl\u00ednico, ergon\u00f3mico y psicosocial<\/td>\n<\/tr>\n<\/tbody>\n<\/table>\n<\/figure>\n<p class=\"wp-block-paragraph\"><strong>El Insight del Experto: Por qu\u00e9 el Outsourcing de Salud es Clave<\/strong><\/p>\n<p class=\"wp-block-paragraph\"><strong>Opini\u00f3n de Sol Mar\u00eda Sthormes Bol\u00edvar:<\/strong><\/p>\n<p class=\"wp-block-paragraph\"><em>\u00abEn sectores como el petrolero o el hospitalario, la operatividad no puede detenerse. El error com\u00fan de muchas empresas es ver la salud ocupacional y el suministro de personal como silos separados. <\/em><strong><em>Mi experiencia liderando Prosol Servicios C.A. me ha demostrado que el suministro de personal calificado debe ir intr\u00ednsecamente ligado a una gesti\u00f3n de salud robusta. Si el puente entre el talento y la industria no est\u00e1 cimentado en el bienestar, la estructura operativa tarde o temprano fallar\u00e1.\u00bb<\/em><\/strong><\/p>\n<p class=\"wp-block-paragraph\"><strong>Beneficios de una Gesti\u00f3n de Salud Especializada<\/strong><\/p>\n<p class=\"wp-block-paragraph\">Implementar servicios de salud ocupacional liderados por especialistas como <strong>Sol Mar\u00eda Sthormes Bol\u00edvar<\/strong> genera beneficios tangibles:<\/p>\n<ul class=\"wp-block-list\">\n<li><strong>Reducci\u00f3n de Costos:<\/strong> Menor rotaci\u00f3n y disminuci\u00f3n de primas de seguros por accidentes. <a href=\"https:\/\/humaseguridad.com\/2025\/10\/08\/omo-la-prevencion-reduce-costos-y-mejora-la-seguridad\/\" target=\"_blank\" rel=\"noopener\">Leer m\u00e1s<\/a><\/li>\n<\/ul>\n<figure class=\"wp-block-image size-full\"><img loading=\"lazy\" decoding=\"async\" width=\"1920\" height=\"1080\" src=\"https:\/\/dateando.com\/wp-content\/uploads\/2026\/04\/image-233.png\" alt=\"\" class=\"wp-image-238188 lazyload\" srcset=\"https:\/\/dateando.com\/wp-content\/uploads\/2026\/04\/image-233.png 1920w, https:\/\/dateando.com\/wp-content\/uploads\/2026\/04\/image-233-300x169.png 300w, https:\/\/dateando.com\/wp-content\/uploads\/2026\/04\/image-233-768x432.png 768w, https:\/\/dateando.com\/wp-content\/uploads\/2026\/04\/image-233-1024x576-1.png 1024w, https:\/\/dateando.com\/wp-content\/uploads\/2026\/04\/image-233-1536x864.png 1536w\" data-sizes=\"(max-width: 1920px) 100vw, 1920px\" style=\"--smush-placeholder-width: 1920px; --smush-placeholder-aspect-ratio: 1920\/1080;\"\/><\/figure>\n<p class=\"wp-block-paragraph\">Fuente: <a href=\"https:\/\/acenso.com.co\/servicios\/sistemas-gestion-de-seguridad-y-salud-en-el-trabajo\/\" target=\"_blank\" rel=\"noopener\">https:\/\/acenso.com.co\/servicios\/sistemas-gestion-de-seguridad-y-salud-en-el-trabajo\/<\/a><\/p>\n<ul class=\"wp-block-list\">\n<li><strong>Cumplimiento Legal Total:<\/strong> Evita sanciones al adherirse estrictamente a las normativas de salud vigentes en Venezuela.<\/li>\n<li><strong>Reputaci\u00f3n Corporativa:<\/strong> Posiciona a la empresa como un empleador que valora la vida de su equipo. <a href=\"https:\/\/es.linkedin.com\/pulse\/la-importancia-de-reputaci%C3%B3n-corporativa-claves-para-el-escarrer-16bpf\" target=\"_blank\" rel=\"noopener\">Leer m\u00e1s<\/a><\/li>\n<\/ul>\n<figure class=\"wp-block-image size-full\"><img loading=\"lazy\" decoding=\"async\" width=\"640\" height=\"360\" src=\"https:\/\/dateando.com\/wp-content\/uploads\/2026\/04\/image-232.png\" alt=\"\" class=\"wp-image-238186 lazyload\" srcset=\"https:\/\/dateando.com\/wp-content\/uploads\/2026\/04\/image-232.png 640w, https:\/\/dateando.com\/wp-content\/uploads\/2026\/04\/image-232-300x169.png 300w\" data-sizes=\"(max-width: 640px) 100vw, 640px\" style=\"--smush-placeholder-width: 640px; --smush-placeholder-aspect-ratio: 640\/360;\"\/><\/figure>\n<p class=\"wp-block-paragraph\">Fuente: <a href=\"https:\/\/contabilidadfinanzas.com\/\" target=\"_blank\" rel=\"noopener\">https:\/\/contabilidadfinanzas.com\/<\/a><\/p>\n<ul class=\"wp-block-list\">\n<li><strong>Optimizaci\u00f3n Operativa:<\/strong> Personal sano y motivado garantiza una ejecuci\u00f3n de proyectos m\u00e1s eficiente.<\/li>\n<\/ul>\n<p class=\"wp-block-paragraph\"><strong>Para Sol Sthormes, la salud ocupacional es el lenguaje que une la productividad con la \u00e9tica empresarial. Su gesti\u00f3n en sectores de alta complejidad ha demostrado que cuidar a las personas es el negocio m\u00e1s rentable que existe.<\/strong><\/p>\n<p class=\"wp-block-paragraph\"><strong>La salud ocupacional no es un accesorio, es el motor de la sostenibilidad industrial. Contar con el respaldo de expertos que comprenden tanto la medicina ocupacional como la log\u00edstica de personal es la clave para navegar los retos del mercado actual.<\/strong><\/p>\n<p class=\"wp-block-paragraph\"><strong>Referencias Bibliogr\u00e1ficas y Web<\/strong><\/p>\n<ul class=\"wp-block-list\">\n<li><strong>LOPCYMAT:<\/strong> Ley Org\u00e1nica de Prevenci\u00f3n, Condiciones y Medio Ambiente de Trabajo (Venezuela). <a href=\"https:\/\/www.google.com\/search?q=http:\/\/www.inpsasel.gob.ve\/\" target=\"_blank\" rel=\"noopener\">Enlace al INPSASEL<\/a><\/li>\n<li><strong>OMS:<\/strong> Salud Ocupacional: Entornos laborales saludables. <a href=\"https:\/\/www.google.com\/search?q=https:\/\/www.who.int\/es\/news-room\/fact-sheets\/detail\/protecting-workers%27-health\" target=\"_blank\" rel=\"noopener\">Sitio Oficial OMS<\/a><\/li>\n<li><strong>OIT:<\/strong> Seguridad y salud en el centro del futuro del trabajo. <a href=\"https:\/\/www.ilo.org\/global\/topics\/safety-and-health-at-work\/lang--es\/index.htm\" target=\"_blank\" rel=\"noopener\">Sitio Oficial OIT<\/a><\/li>\n<\/ul>\n<nav class=\"navigation post-navigation\" aria-label=\"Navegaci\u00f3n de entradas\">\n<h2 class=\"screen-reader-text\"><span class=\"ez-toc-section\" id=\"Navegacion_de_entradas\"><\/span>Navegaci\u00f3n de entradas<span class=\"ez-toc-section-end\"><\/span><\/h2>\n<\/nav><\/div>\n<p><a href=\"https:\/\/dateando.com\/sol-sthormes-salud-ocupacional\/dateando\/\" class=\" target=\" title=\"Salud Ocupacional como Estrategia Empresarial\" target=\"_blank\" rel=\"noopener\">Ver fuente<\/a><\/p>\n","protected":false},"excerpt":{"rendered":"<p>La competitividad de una empresa en sectores cr\u00edticos no se mide solo por su capacidad instalada, sino por la resiliencia y bienestar de su capital humano. En un entorno industrial cada vez m\u00e1s exigente, la salud ocupacional ha dejado de ser un tr\u00e1mite de cumplimiento legal para convertirse en una ventaja competitiva de alto impacto. [&hellip;]<\/p>\n","protected":false},"author":2,"featured_media":129345,"comment_status":"open","ping_status":"closed","sticky":false,"template":"","format":"standard","meta":{"footnotes":""},"categories":[11],"tags":[],"class_list":["post-129344","post","type-post","status-publish","format-standard","has-post-thumbnail","hentry","category-actualidad"],"_links":{"self":[{"href":"https:\/\/enfoquenoticioso.com\/index.php?rest_route=\/wp\/v2\/posts\/129344","targetHints":{"allow":["GET"]}}],"collection":[{"href":"https:\/\/enfoquenoticioso.com\/index.php?rest_route=\/wp\/v2\/posts"}],"about":[{"href":"https:\/\/enfoquenoticioso.com\/index.php?rest_route=\/wp\/v2\/types\/post"}],"author":[{"embeddable":true,"href":"https:\/\/enfoquenoticioso.com\/index.php?rest_route=\/wp\/v2\/users\/2"}],"replies":[{"embeddable":true,"href":"https:\/\/enfoquenoticioso.com\/index.php?rest_route=%2Fwp%2Fv2%2Fcomments&post=129344"}],"version-history":[{"count":0,"href":"https:\/\/enfoquenoticioso.com\/index.php?rest_route=\/wp\/v2\/posts\/129344\/revisions"}],"wp:featuredmedia":[{"embeddable":true,"href":"https:\/\/enfoquenoticioso.com\/index.php?rest_route=\/wp\/v2\/media\/129345"}],"wp:attachment":[{"href":"https:\/\/enfoquenoticioso.com\/index.php?rest_route=%2Fwp%2Fv2%2Fmedia&parent=129344"}],"wp:term":[{"taxonomy":"category","embeddable":true,"href":"https:\/\/enfoquenoticioso.com\/index.php?rest_route=%2Fwp%2Fv2%2Fcategories&post=129344"},{"taxonomy":"post_tag","embeddable":true,"href":"https:\/\/enfoquenoticioso.com\/index.php?rest_route=%2Fwp%2Fv2%2Ftags&post=129344"}],"curies":[{"name":"wp","href":"https:\/\/api.w.org\/{rel}","templated":true}]}}