{"id":129350,"date":"2026-05-01T12:29:23","date_gmt":"2026-05-01T12:29:23","guid":{"rendered":"https:\/\/enfoquenoticioso.com\/?p=129350"},"modified":"2026-05-01T12:29:23","modified_gmt":"2026-05-01T12:29:23","slug":"aumentaron-el-iva-para-la-defensa-de-maduro-lo-que-aclaro-el-seniat","status":"publish","type":"post","link":"https:\/\/enfoquenoticioso.com\/?p=129350","title":{"rendered":"\u00bfAumentaron el IVA para la defensa de Maduro?, Lo que aclar\u00f3 el Seniat"},"content":{"rendered":"<div id=\"post-584470\">&#13;<br \/>\n\t\t\t&#13;<\/p>\n<div class=\"entry-thumbnail\">\n<img loading=\"lazy\" width=\"777\" height=\"437\" src=\"https:\/\/noticiasaldiayalahora.co\/wp-content\/uploads\/2026\/02\/Seniat-777x437.png\" class=\"attachment-content-single size-content-single wp-post-image\" alt=\"\" decoding=\"async\" srcset=\"https:\/\/noticiasaldiayalahora.co\/wp-content\/uploads\/2026\/02\/Seniat-777x437.png 777w, https:\/\/noticiasaldiayalahora.co\/wp-content\/uploads\/2026\/02\/Seniat-300x168.png 300w, https:\/\/noticiasaldiayalahora.co\/wp-content\/uploads\/2026\/02\/Seniat-1024x574.png 1024w, https:\/\/noticiasaldiayalahora.co\/wp-content\/uploads\/2026\/02\/Seniat-768x431.png 768w, https:\/\/noticiasaldiayalahora.co\/wp-content\/uploads\/2026\/02\/Seniat-180x101.png 180w, https:\/\/noticiasaldiayalahora.co\/wp-content\/uploads\/2026\/02\/Seniat-260x146.png 260w, https:\/\/noticiasaldiayalahora.co\/wp-content\/uploads\/2026\/02\/Seniat-373x210.png 373w, https:\/\/noticiasaldiayalahora.co\/wp-content\/uploads\/2026\/02\/Seniat-120x67.png 120w, https:\/\/noticiasaldiayalahora.co\/wp-content\/uploads\/2026\/02\/Seniat.png 1191w\" sizes=\"auto, (max-width: 777px) 100vw, 777px\"\/><\/div>\n<p>\t&#13;<\/p>\n<div class=\"advertisement\">\n<div class=\"sb-widget post-ad\">\n<p style=\"font-size: 10px; color: #999; margin: 0 0 10px 0; text-transform: uppercase; font-family: sans-serif;\">Publicidad \/ Contenido Patrocinado<\/p>\n<\/div><\/div>\n<p>&#13;<\/p>\n<p class=\"entry-meta\">\n<span class=\"entry-meta-author vcard author\">Por: <a class=\"fn\" href=\"https:\/\/noticiasaldiayalahora.co\/author\/redaccion\/\" target=\"_blank\" rel=\"noopener\">Redacci\u00f3n Noticias al Dia y a la Hora<\/a><\/span><br \/>\n<span class=\"entry-meta-date updated\">1 mayo, 2026<\/span>\n<\/p>\n<p>\t&#13;<\/p>\n<div class=\"entry-content clearfix\">\n<p>El Servicio Nacional Integrado de Administraci\u00f3n Aduanera y Tributaria (SENIAT) desminti\u00f3 la noticia de un supuesto aumento del IVA para el pago de la defensa de Nicol\u00e1s Maduro y Cilia Flores en Nueva York.<\/p>\n<p>\u00abLa informaci\u00f3n que est\u00e1 circulando a trav\u00e9s de las plataformas digitales es falsa, por lo que rechazamos este tipo de noticias que solo buscan generar confusi\u00f3n, zozobra e incertidumbre en la ciudadan\u00eda y en los contribuyentes\u00bb, indic\u00f3 el organismo a trav\u00e9s de un comunicado.<\/p>\n<p>\u00abDesde el SENIAT reiteramos nuestro compromiso con la transparencia, la responsabilidad y el bienestar econ\u00f3mico y social del pa\u00eds, por lo que exhortamos a los contribuyentes a no hacerse eco de campa\u00f1as de desinformaci\u00f3n y les recordamos que toda modificaci\u00f3n en materia tributaria se publicar\u00e1 en Gaceta Oficial y comunicada exclusivamente a trav\u00e9s de nuestros canales oficiales y del Portal Fiscal\u00bb, precis\u00f3.<\/p>\n<div id=\"ez-toc-container\" class=\"ez-toc-v2_0_81 counter-hierarchy ez-toc-counter ez-toc-grey ez-toc-container-direction\">\n<div class=\"ez-toc-title-container\">\n<p class=\"ez-toc-title\" style=\"cursor:inherit\">Tabla de Contenido<\/p>\n<span class=\"ez-toc-title-toggle\"><a href=\"#\" class=\"ez-toc-pull-right ez-toc-btn ez-toc-btn-xs ez-toc-btn-default ez-toc-toggle\" aria-label=\"Alternar tabla de contenidos\"><span class=\"ez-toc-js-icon-con\"><span class=\"\"><span class=\"eztoc-hide\" style=\"display:none;\">Toggle<\/span><span class=\"ez-toc-icon-toggle-span\"><svg style=\"fill: #999;color:#999\" xmlns=\"http:\/\/www.w3.org\/2000\/svg\" class=\"list-377408\" width=\"20px\" height=\"20px\" viewBox=\"0 0 24 24\" fill=\"none\"><path d=\"M6 6H4v2h2V6zm14 0H8v2h12V6zM4 11h2v2H4v-2zm16 0H8v2h12v-2zM4 16h2v2H4v-2zm16 0H8v2h12v-2z\" fill=\"currentColor\"><\/path><\/svg><svg style=\"fill: #999;color:#999\" class=\"arrow-unsorted-368013\" xmlns=\"http:\/\/www.w3.org\/2000\/svg\" width=\"10px\" height=\"10px\" viewBox=\"0 0 24 24\" version=\"1.2\" baseProfile=\"tiny\"><path d=\"M18.2 9.3l-6.2-6.3-6.2 6.3c-.2.2-.3.4-.3.7s.1.5.3.7c.2.2.4.3.7.3h11c.3 0 .5-.1.7-.3.2-.2.3-.5.3-.7s-.1-.5-.3-.7zM5.8 14.7l6.2 6.3 6.2-6.3c.2-.2.3-.5.3-.7s-.1-.5-.3-.7c-.2-.2-.4-.3-.7-.3h-11c-.3 0-.5.1-.7.3-.2.2-.3.5-.3.7s.1.5.3.7z\"\/><\/svg><\/span><\/span><\/span><\/a><\/span><\/div>\n<nav><ul class='ez-toc-list ez-toc-list-level-1 ' ><li class='ez-toc-page-1 ez-toc-heading-level-3'><a class=\"ez-toc-link ez-toc-heading-1\" href=\"https:\/\/enfoquenoticioso.com\/?p=129350\/#%C2%BFQUE_DECIA_LA_SUPUESTA_NOTICIA\" >\u00bfQU\u00c9 DEC\u00cdA LA SUPUESTA NOTICIA?<\/a><\/li><\/ul><\/nav><\/div>\n<h3 id=\"que-decia-la-supuesta-noticia\" class=\"rb-heading-index-0-285758\"><span class=\"ez-toc-section\" id=\"%C2%BFQUE_DECIA_LA_SUPUESTA_NOTICIA\"><\/span>\u00bfQU\u00c9 DEC\u00cdA LA SUPUESTA NOTICIA?<span class=\"ez-toc-section-end\"><\/span><\/h3>\n<p>Esta aclaratoria del Seniat surge luego de que se hiciera viral una noticia falsa sobre un supuesto aumento en el Impuesto al Valor Agregado (IVA) del 25% para el pago de la defensa legal de Nicol\u00e1s Maduro y Cilia Flores.<\/p>\n<p>\u00abA partir del 1 de mayo de 2026, la Al\u00edcuota General del IVA se ajustar\u00e1 a 25% a nivel nacional\u00bb, rese\u00f1aba la noticia falsa.<\/p>\n<p>\u00abEsta medida tiene como prop\u00f3sito fundamental incrementar la recaudaci\u00f3n tributaria destinada de manera exclusiva y prioritaria al Fondo de Seguridad y Soberan\u00eda Nacional para la Defensa de Nicol\u00e1s Maduro Moros, y Cilia Flores de Maduro, frente a las amenazas imperialistas y la desestabilizaci\u00f3n econ\u00f3mica\u00bb, a\u00f1ad\u00eda el texto.<\/p>\n<p>Asimismo, indicaba que este IVA lo iban a aplicar \u00absin excepciones a todo tipo de productos, bienes y servicios incluyendo alimentos b\u00e1sicos, medicinas y servicios p\u00fablicos, para garantizar la m\u00e1xima cobertura del fondo de defensa soberana\u00bb.<\/p>\n<\/p><\/div>\n<p>\t&#13;<br \/>\n&#13;<br \/>\n\t<!-- Taboola Below Article con Etiqueta -->&#13;<\/p>\n<div style=\"margin-top: 20px;\">\n<p style=\"font-size: 10px; color: #999; margin: 0 0 5px 0; text-transform: uppercase; font-family: sans-serif;\">Contenido Patrocinado \/ Recomendado para ti<\/p>\n<\/p><\/div>\n<p>&#13;<br \/>\n&#13;<br \/>\n\t\t&#13;\n<\/p><\/div>\n<p><a href=\"https:\/\/noticiasaldiayalahora.co\/internacionales\/aumentaron-el-iva-para-la-defensa-de-maduro-lo-que-aclaro-el-seniat\/\" class=\" target=\" title=\"\u00bfAumentaron el IVA para la defensa de Maduro?, Lo que aclar\u00f3 el Seniat\" target=\"_blank\" rel=\"noopener\">Ver fuente<\/a><\/p>\n","protected":false},"excerpt":{"rendered":"<p>&#13; &#13; &#13; Publicidad \/ Contenido Patrocinado &#13; Por: Redacci\u00f3n Noticias al Dia y a la Hora 1 mayo, 2026 &#13; El Servicio Nacional Integrado de Administraci\u00f3n Aduanera y Tributaria (SENIAT) desminti\u00f3 la noticia de un supuesto aumento del IVA para el pago de la defensa de Nicol\u00e1s Maduro y Cilia Flores en Nueva York. [&hellip;]<\/p>\n","protected":false},"author":2,"featured_media":129351,"comment_status":"open","ping_status":"closed","sticky":false,"template":"","format":"standard","meta":{"footnotes":""},"categories":[6],"tags":[],"class_list":["post-129350","post","type-post","status-publish","format-standard","has-post-thumbnail","hentry","category-internacionales"],"_links":{"self":[{"href":"https:\/\/enfoquenoticioso.com\/index.php?rest_route=\/wp\/v2\/posts\/129350","targetHints":{"allow":["GET"]}}],"collection":[{"href":"https:\/\/enfoquenoticioso.com\/index.php?rest_route=\/wp\/v2\/posts"}],"about":[{"href":"https:\/\/enfoquenoticioso.com\/index.php?rest_route=\/wp\/v2\/types\/post"}],"author":[{"embeddable":true,"href":"https:\/\/enfoquenoticioso.com\/index.php?rest_route=\/wp\/v2\/users\/2"}],"replies":[{"embeddable":true,"href":"https:\/\/enfoquenoticioso.com\/index.php?rest_route=%2Fwp%2Fv2%2Fcomments&post=129350"}],"version-history":[{"count":0,"href":"https:\/\/enfoquenoticioso.com\/index.php?rest_route=\/wp\/v2\/posts\/129350\/revisions"}],"wp:featuredmedia":[{"embeddable":true,"href":"https:\/\/enfoquenoticioso.com\/index.php?rest_route=\/wp\/v2\/media\/129351"}],"wp:attachment":[{"href":"https:\/\/enfoquenoticioso.com\/index.php?rest_route=%2Fwp%2Fv2%2Fmedia&parent=129350"}],"wp:term":[{"taxonomy":"category","embeddable":true,"href":"https:\/\/enfoquenoticioso.com\/index.php?rest_route=%2Fwp%2Fv2%2Fcategories&post=129350"},{"taxonomy":"post_tag","embeddable":true,"href":"https:\/\/enfoquenoticioso.com\/index.php?rest_route=%2Fwp%2Fv2%2Ftags&post=129350"}],"curies":[{"name":"wp","href":"https:\/\/api.w.org\/{rel}","templated":true}]}}