{"id":129352,"date":"2026-05-01T12:57:59","date_gmt":"2026-05-01T12:57:59","guid":{"rendered":"https:\/\/enfoquenoticioso.com\/?p=129352"},"modified":"2026-05-01T12:57:59","modified_gmt":"2026-05-01T12:57:59","slug":"el-presidente-de-la-fifa-disipa-los-rumores-y-confirma-la-participacion-de-iran-en-el-mundial-2026","status":"publish","type":"post","link":"https:\/\/enfoquenoticioso.com\/?p=129352","title":{"rendered":"El presidente de la FIFA disipa los rumores y confirma la participaci\u00f3n de Ir\u00e1n en el Mundial 2026"},"content":{"rendered":"<div>\n<p class=\"paragraph\">El presidente de la\u00a0<b>FIFA<\/b>,\u00a0<b>Gianni Infantino<\/b>, confirm\u00f3 este jueves desde Vancouver que\u00a0<b>la selecci\u00f3n de Ir\u00e1n disputar\u00e1 todos sus partidos correspondientes al Mundial 2026 en Estados Unidos<\/b>, a pesar de la persistente tensi\u00f3n internacional provocada por la guerra desatada en Medio Oriente desde el 28 de febrero. Esta decisi\u00f3n despej\u00f3 las especulaciones sobre una eventual reubicaci\u00f3n de los encuentros \u2014al punto que propusieron a Italia como el reemplazante\u2014 y reafirm\u00f3 el calendario previsto por el organismo rector del f\u00fatbol mundial.<\/p>\n<p class=\"paragraph\">\u201cPerm\u00edtanme comenzar por confirmar desde el principio que, por supuesto,\u00a0<b>Ir\u00e1n participar\u00e1 en la Copa del Mundo de la FIFA 2026<\/b>. Y, por supuesto, Ir\u00e1n jugar\u00e1 en los Estados Unidos de Am\u00e9rica\u201d, afirm\u00f3 el presidente del organismo ante los delegados en el\u00a0<b>76\u00b0 Congreso de la FIFA<\/b> en Vancouver, Canad\u00e1.<\/p>\n<p class=\"paragraph\">Infantino anunci\u00f3 no solo la ratificaci\u00f3n de la participaci\u00f3n iran\u00ed sino tambi\u00e9n\u00a0<b>su candidatura para un cuarto mandato al frente de la federaci\u00f3n<\/b>. Adem\u00e1s, el mandatario del f\u00fatbol mundial especific\u00f3 que Ir\u00e1n disputar\u00e1 el Grupo G con tres partidos en territorio estadounidense: el debut el 15 de junio contra\u00a0<b>Nueva Zelanda<\/b>, y el segundo encuentro ante\u00a0<b>B\u00e9lgica\u00a0<\/b>el 21, ambos en el\u00a0<i>SoFi Stadium<\/i>\u00a0de Los \u00c1ngeles, mientras que el tercer cotejo ser\u00e1 el 26 frente a\u00a0<b>Egipto\u00a0<\/b>en el\u00a0<i>Lumen Field<\/i>\u00a0de Seattle.<\/p>\n<div class=\"visual__image\"><picture><source srcset=\"https:\/\/www.infobae.com\/resizer\/v2\/53C6DN4EKNAIJOSKTGCG2WYA2U.JPG?auth=5325f7a2fd491d95f51e40b3009ac5e6dc7e69b49b18938f17c63a1fd36dfab0&amp;smart=true&amp;width=992&amp;height=661&amp;quality=85\" media=\"(min-width: 1000px)\"\/><source srcset=\"https:\/\/www.infobae.com\/resizer\/v2\/53C6DN4EKNAIJOSKTGCG2WYA2U.JPG?auth=5325f7a2fd491d95f51e40b3009ac5e6dc7e69b49b18938f17c63a1fd36dfab0&amp;smart=true&amp;width=768&amp;height=512&amp;quality=85\" media=\"(min-width: 768px)\"\/><source srcset=\"https:\/\/www.infobae.com\/resizer\/v2\/53C6DN4EKNAIJOSKTGCG2WYA2U.JPG?auth=5325f7a2fd491d95f51e40b3009ac5e6dc7e69b49b18938f17c63a1fd36dfab0&amp;smart=true&amp;width=577&amp;height=385&amp;quality=85\" media=\"(min-width: 580px)\"\/><source srcset=\"https:\/\/www.infobae.com\/resizer\/v2\/53C6DN4EKNAIJOSKTGCG2WYA2U.JPG?auth=5325f7a2fd491d95f51e40b3009ac5e6dc7e69b49b18938f17c63a1fd36dfab0&amp;smart=true&amp;width=420&amp;height=280&amp;quality=85\" media=\"(min-width: 350px)\"\/><source srcset=\"https:\/\/www.infobae.com\/resizer\/v2\/53C6DN4EKNAIJOSKTGCG2WYA2U.JPG?auth=5325f7a2fd491d95f51e40b3009ac5e6dc7e69b49b18938f17c63a1fd36dfab0&amp;smart=true&amp;width=350&amp;height=233&amp;quality=85\" media=\"(min-width: 80px)\"\/><img loading=\"lazy\" decoding=\"async\" class=\"global-image\" src=\"https:\/\/www.infobae.com\/resizer\/v2\/53C6DN4EKNAIJOSKTGCG2WYA2U.JPG?auth=5325f7a2fd491d95f51e40b3009ac5e6dc7e69b49b18938f17c63a1fd36dfab0&amp;smart=true&amp;width=350&amp;height=233&amp;quality=85\" alt=\"En el 76\u00ba Congreso de la FIFA, Infantino concluy\u00f3 con los rumores sobre una posible ausencia de Ir\u00e1n en el Mundial (REUTERS\/Jennifer Gauthier)\" width=\"7623\" height=\"5082\"\/><\/picture>En el 76\u00ba Congreso de la FIFA, Infantino concluy\u00f3 con los rumores sobre una posible ausencia de Ir\u00e1n en el Mundial (REUTERS\/Jennifer Gauthier)<\/div>\n<p class=\"paragraph\">Un dato que ha sido foco de debate internacional es la circunstancia poco habitual de que\u00a0<b>representantes iran\u00edes no estuvieron presentes en el congreso celebrado<\/b>\u00a0en Canad\u00e1. Seg\u00fan la agencia\u00a0<i>Tasnim<\/i>, el presidente de la Federaci\u00f3n Iran\u00ed de F\u00fatbol,\u00a0<b>Mehdi Taj<\/b>, y los miembros de la delegaci\u00f3n debieron regresar a Teher\u00e1n tras un \u201ccomportamiento inapropiado de los funcionarios de inmigraci\u00f3n\u201d en el aeropuerto de Toronto.<\/p>\n<p class=\"paragraph\">Diferentes actores pol\u00edticos se pronunciaron en torno a la resoluci\u00f3n. El presidente de Estados Unidos,\u00a0<b>Donald Trump<\/b>, relat\u00f3 que Infantino le transmiti\u00f3 libertad para decidir sobre la admisi\u00f3n del equipo iran\u00ed en suelo estadounidense: \u201c<b>Gianni Infantino es fant\u00e1stico. Es amigo m\u00edo, y hablamos del asunto<\/b>\u201d, expuso el republicano durante un acto en la Casa Blanca, seg\u00fan detall\u00f3 la agencia\u00a0<i>EFE<\/i>. Tras conocer el anuncio oficial, Trump remat\u00f3: \u201c<b>Bueno, si Gianni lo ha decidido, entonces me parece bien<\/b>\u201d.<\/p>\n<p class=\"paragraph\">En una resoluci\u00f3n posterior y acorde al mensaje que Infantino busc\u00f3 transmitir, el secretario de Estado estadounidense,\u00a0<b>Marco Rubio<\/b>,\u00a0<b>aclar\u00f3 que los futbolistas iran\u00edes s\u00ed ser\u00e1n admitidos en Estados Unidos<\/b>, aunque se\u00f1al\u00f3 que ciertos integrantes del cuerpo t\u00e9cnico con presuntos v\u00ednculos con la Guardia Revolucionaria no tendr\u00edan autorizaci\u00f3n de ingreso, afirmaci\u00f3n recogida por la agencia citada.<\/p>\n<div class=\"visual__image\"><picture><source srcset=\"https:\/\/www.infobae.com\/resizer\/v2\/YR7KSYWXK5GRRH7EF7LPGGVNP4.JPG?auth=8fefa8791ef38dcbf31dd3d5c93c0131897bd01faf335a56a302df27863f3530&amp;smart=true&amp;width=992&amp;height=603&amp;quality=85\" media=\"(min-width: 1000px)\"\/><source srcset=\"https:\/\/www.infobae.com\/resizer\/v2\/YR7KSYWXK5GRRH7EF7LPGGVNP4.JPG?auth=8fefa8791ef38dcbf31dd3d5c93c0131897bd01faf335a56a302df27863f3530&amp;smart=true&amp;width=768&amp;height=467&amp;quality=85\" media=\"(min-width: 768px)\"\/><source srcset=\"https:\/\/www.infobae.com\/resizer\/v2\/YR7KSYWXK5GRRH7EF7LPGGVNP4.JPG?auth=8fefa8791ef38dcbf31dd3d5c93c0131897bd01faf335a56a302df27863f3530&amp;smart=true&amp;width=577&amp;height=351&amp;quality=85\" media=\"(min-width: 580px)\"\/><source srcset=\"https:\/\/www.infobae.com\/resizer\/v2\/YR7KSYWXK5GRRH7EF7LPGGVNP4.JPG?auth=8fefa8791ef38dcbf31dd3d5c93c0131897bd01faf335a56a302df27863f3530&amp;smart=true&amp;width=420&amp;height=255&amp;quality=85\" media=\"(min-width: 350px)\"\/><source srcset=\"https:\/\/www.infobae.com\/resizer\/v2\/YR7KSYWXK5GRRH7EF7LPGGVNP4.JPG?auth=8fefa8791ef38dcbf31dd3d5c93c0131897bd01faf335a56a302df27863f3530&amp;smart=true&amp;width=350&amp;height=213&amp;quality=85\" media=\"(min-width: 80px)\"\/><img loading=\"lazy\" decoding=\"async\" class=\"global-image\" src=\"https:\/\/www.infobae.com\/resizer\/v2\/YR7KSYWXK5GRRH7EF7LPGGVNP4.JPG?auth=8fefa8791ef38dcbf31dd3d5c93c0131897bd01faf335a56a302df27863f3530&amp;smart=true&amp;width=350&amp;height=213&amp;quality=85\" alt=\"Ir\u00e1n integra el grupo G junto con Nueva Zelanda, B\u00e9lgica y Egipto. Jugar\u00e1 todos sus partidos en EEUU (REUTERS\/Jennifer Gauthier)\" width=\"2635\" height=\"1602\"\/><\/picture>Ir\u00e1n integra el grupo G junto con Nueva Zelanda, B\u00e9lgica y Egipto. Jugar\u00e1 todos sus partidos en EEUU (REUTERS\/Jennifer Gauthier)<\/div>\n<p class=\"paragraph\">Ir\u00e1n asegur\u00f3 su clasificaci\u00f3n al Mundial tras\u00a0<b>culminar primero en el grupo A de la tercera ronda de las eliminatorias asi\u00e1ticas<\/b>, logrando el pasaporte con dos fechas de antelaci\u00f3n, tras un empate 2 a 2 contra\u00a0<b>Uzbekist\u00e1n<\/b>, equipo que tambi\u00e9n logr\u00f3 la clasificaci\u00f3n. As\u00ed, el combinado iran\u00ed se dispone a jugar en el grupo G junto con Nueva Zelanda, B\u00e9lgica y Egipto, enfrentamientos todos previstos en territorio estadounidense.<\/p>\n<p class=\"paragraph\">El propio presidente de la federaci\u00f3n iran\u00ed, Mehdi Taj, hab\u00eda declarado en marzo su incertidumbre sobre la participaci\u00f3n del equipo en la cita mundialista, reflejando la tensi\u00f3n derivada del conflicto. Por su parte, el ministro de Deportes de Ir\u00e1n,\u00a0<b>Ahmad Donyamali<\/b>, lleg\u00f3 a asegurar la no presencia persa en la Copa de 2026, antes de que Infantino reconfirmara el plan original.<\/p>\n<p class=\"paragraph\">La organizaci\u00f3n del torneo, que albergar\u00e1n conjuntamente Estados Unidos, M\u00e9xico y Canad\u00e1 a partir del 11 de junio, continuar\u00e1 tal como se dise\u00f1\u00f3, con la presencia de 48 seleccionados y un calendario que, tras la ratificaci\u00f3n, incluir\u00e1 sin suspensi\u00f3n los compromisos de Ir\u00e1n.\u00a0<b>La decisi\u00f3n anunciada en Vancouver por Gianni Infantino responde a una cadena de incertidumbres derivada de la situaci\u00f3n en Medio Oriente<\/b>\u00a0y la respuesta de las autoridades estadounidenses en torno a la admisi\u00f3n de personas y delegaciones extranjeras.<\/p>\n<p>por <strong>INFOBAE<\/strong><\/p>\n<\/p><\/div>\n<p><a href=\"https:\/\/noticiasaldiayalahora.co\/deportes\/el-presidente-de-la-fifa-disipa-los-rumores-y-confirma-la-participacion-de-iran-en-el-mundial-2026\/\" class=\" target=\" title=\"El presidente de la FIFA disipa los rumores y confirma la participaci\u00f3n de Ir\u00e1n en el Mundial 2026\" target=\"_blank\" rel=\"noopener\">Ver fuente<\/a><\/p>\n","protected":false},"excerpt":{"rendered":"<p>El presidente de la\u00a0FIFA,\u00a0Gianni Infantino, confirm\u00f3 este jueves desde Vancouver que\u00a0la selecci\u00f3n de Ir\u00e1n disputar\u00e1 todos sus partidos correspondientes al Mundial 2026 en Estados Unidos, a pesar de la persistente tensi\u00f3n internacional provocada por la guerra desatada en Medio Oriente desde el 28 de febrero. Esta decisi\u00f3n despej\u00f3 las especulaciones sobre una eventual reubicaci\u00f3n de [&hellip;]<\/p>\n","protected":false},"author":2,"featured_media":129353,"comment_status":"open","ping_status":"closed","sticky":false,"template":"","format":"standard","meta":{"footnotes":""},"categories":[7],"tags":[],"class_list":["post-129352","post","type-post","status-publish","format-standard","has-post-thumbnail","hentry","category-deporte"],"_links":{"self":[{"href":"https:\/\/enfoquenoticioso.com\/index.php?rest_route=\/wp\/v2\/posts\/129352","targetHints":{"allow":["GET"]}}],"collection":[{"href":"https:\/\/enfoquenoticioso.com\/index.php?rest_route=\/wp\/v2\/posts"}],"about":[{"href":"https:\/\/enfoquenoticioso.com\/index.php?rest_route=\/wp\/v2\/types\/post"}],"author":[{"embeddable":true,"href":"https:\/\/enfoquenoticioso.com\/index.php?rest_route=\/wp\/v2\/users\/2"}],"replies":[{"embeddable":true,"href":"https:\/\/enfoquenoticioso.com\/index.php?rest_route=%2Fwp%2Fv2%2Fcomments&post=129352"}],"version-history":[{"count":0,"href":"https:\/\/enfoquenoticioso.com\/index.php?rest_route=\/wp\/v2\/posts\/129352\/revisions"}],"wp:featuredmedia":[{"embeddable":true,"href":"https:\/\/enfoquenoticioso.com\/index.php?rest_route=\/wp\/v2\/media\/129353"}],"wp:attachment":[{"href":"https:\/\/enfoquenoticioso.com\/index.php?rest_route=%2Fwp%2Fv2%2Fmedia&parent=129352"}],"wp:term":[{"taxonomy":"category","embeddable":true,"href":"https:\/\/enfoquenoticioso.com\/index.php?rest_route=%2Fwp%2Fv2%2Fcategories&post=129352"},{"taxonomy":"post_tag","embeddable":true,"href":"https:\/\/enfoquenoticioso.com\/index.php?rest_route=%2Fwp%2Fv2%2Ftags&post=129352"}],"curies":[{"name":"wp","href":"https:\/\/api.w.org\/{rel}","templated":true}]}}