{"id":129368,"date":"2026-05-01T15:32:07","date_gmt":"2026-05-01T15:32:07","guid":{"rendered":"https:\/\/enfoquenoticioso.com\/?p=129368"},"modified":"2026-05-01T15:32:07","modified_gmt":"2026-05-01T15:32:07","slug":"estos-son-los-artistas-que-se-presentaran-hoy-en-concierto-de-la-carlota","status":"publish","type":"post","link":"https:\/\/enfoquenoticioso.com\/?p=129368","title":{"rendered":"Estos son los artistas que se presentar\u00e1n hoy en concierto de La Carlota"},"content":{"rendered":"<div>\n<p><span data-contrast=\"auto\"><strong>Las autoridades nacionales avanzan en los preparativos para el concierto que se llevar\u00e1 a cabo este viernes, 1 de mayo, en La Carlota, en Caracas.<\/strong>\u00a0En v\u00edsperas del \u00abfestival\u00bb, trascendieron detalles sobre los artistas que se presentar\u00e1n.<\/span><span data-ccp-props=\"{&quot;134233117&quot;:false,&quot;134233118&quot;:false,&quot;201341983&quot;:0,&quot;335551550&quot;:1,&quot;335551620&quot;:1,&quot;335559685&quot;:0,&quot;335559737&quot;:0,&quot;335559738&quot;:0,&quot;335559739&quot;:160,&quot;335559740&quot;:259}\">\u00a0<\/span><\/p>\n<p><span data-contrast=\"auto\">El concierto promete una mezcla de g\u00e9neros pocas veces vista en un mismo escenario. Entre los artistas confirmados destacan<strong>\u00a0Nicky\u00a0Jam, Natalia Jim\u00e9nez, Boza, Noriel, Adso,\u00a0Midnvght, Oscarcito, Corina Smith,\u00a0Jeeiph, Jerry Rivera, Grupo Niche, Los Borjas, Felipe Pel\u00e1ez, Omar Enrique, Ilegales y Omar Acedo.\u00a0<\/strong><\/span><strong>\u00a0<\/strong><\/p>\n<p><span data-contrast=\"auto\">Tambi\u00e9n figuran\u00a0<strong>El Potrillo, V\u00edctor\u00a0Drija, Alejandro Palacio, Dimensi\u00f3n Latina, Magic Juan, Las Chicas del Can,\u00a0Xuxo, King Chang\u00f3, Los\u00a0Rabanes, Pablo Montero, V\u00edctor Mu\u00f1oz, Los\u00a0Cadillac\u2019s, Gustavo Elis, Melod\u00eda Perfecta,\u00a0Banny\u00a0Kosta, Rafael Santos, Lion L\u00e1zaro, Aran\u00a0One\u00a0y la Orquesta Sinf\u00f3nica de Venezuela<\/strong>\u00a0y \u00abmuchos invitados m\u00e1s\u00bb.<\/span><span data-ccp-props=\"{&quot;134233117&quot;:false,&quot;134233118&quot;:false,&quot;201341983&quot;:0,&quot;335551550&quot;:1,&quot;335551620&quot;:1,&quot;335559685&quot;:0,&quot;335559737&quot;:0,&quot;335559738&quot;:0,&quot;335559739&quot;:160,&quot;335559740&quot;:259}\">\u00a0<\/span><\/p>\n<p><span data-contrast=\"auto\">Seg\u00fan los organizadores, el concierto busca ofrecer<strong>\u00a0\u00abuna mezcla de ritmos que solo se ve una vez en la vida\u00bb<\/strong>, combinando salsa, pop, vallenato, merengue, urbano y fusiones latinas.\u00a0<\/span><span data-ccp-props=\"{&quot;134233117&quot;:false,&quot;134233118&quot;:false,&quot;201341983&quot;:0,&quot;335551550&quot;:1,&quot;335551620&quot;:1,&quot;335559685&quot;:0,&quot;335559737&quot;:0,&quot;335559738&quot;:0,&quot;335559739&quot;:160,&quot;335559740&quot;:259}\">\u00a0<\/span><\/p>\n<p><span data-contrast=\"auto\"><strong>La invitaci\u00f3n es abierta para familias, parejas y grupos de amigos que deseen disfrutar de un espect\u00e1culo masivo en la capital,<\/strong>\u00a0con un line up que busca celebrar la diversidad musical y el ambiente festivo del pa\u00eds.\u00a0<\/span><span data-ccp-props=\"{&quot;134233117&quot;:false,&quot;134233118&quot;:false,&quot;201341983&quot;:0,&quot;335551550&quot;:1,&quot;335551620&quot;:1,&quot;335559685&quot;:0,&quot;335559737&quot;:0,&quot;335559738&quot;:0,&quot;335559739&quot;:160,&quot;335559740&quot;:259}\">\u00a0<\/span><\/p>\n<div id=\"ez-toc-container\" class=\"ez-toc-v2_0_81 counter-hierarchy ez-toc-counter ez-toc-grey ez-toc-container-direction\">\n<div class=\"ez-toc-title-container\">\n<p class=\"ez-toc-title\" style=\"cursor:inherit\">Tabla de Contenido<\/p>\n<span class=\"ez-toc-title-toggle\"><a href=\"#\" class=\"ez-toc-pull-right ez-toc-btn ez-toc-btn-xs ez-toc-btn-default ez-toc-toggle\" aria-label=\"Alternar tabla de contenidos\"><span class=\"ez-toc-js-icon-con\"><span class=\"\"><span class=\"eztoc-hide\" style=\"display:none;\">Toggle<\/span><span class=\"ez-toc-icon-toggle-span\"><svg style=\"fill: #999;color:#999\" xmlns=\"http:\/\/www.w3.org\/2000\/svg\" class=\"list-377408\" width=\"20px\" height=\"20px\" viewBox=\"0 0 24 24\" fill=\"none\"><path d=\"M6 6H4v2h2V6zm14 0H8v2h12V6zM4 11h2v2H4v-2zm16 0H8v2h12v-2zM4 16h2v2H4v-2zm16 0H8v2h12v-2z\" fill=\"currentColor\"><\/path><\/svg><svg style=\"fill: #999;color:#999\" class=\"arrow-unsorted-368013\" xmlns=\"http:\/\/www.w3.org\/2000\/svg\" width=\"10px\" height=\"10px\" viewBox=\"0 0 24 24\" version=\"1.2\" baseProfile=\"tiny\"><path d=\"M18.2 9.3l-6.2-6.3-6.2 6.3c-.2.2-.3.4-.3.7s.1.5.3.7c.2.2.4.3.7.3h11c.3 0 .5-.1.7-.3.2-.2.3-.5.3-.7s-.1-.5-.3-.7zM5.8 14.7l6.2 6.3 6.2-6.3c.2-.2.3-.5.3-.7s-.1-.5-.3-.7c-.2-.2-.4-.3-.7-.3h-11c-.3 0-.5.1-.7.3-.2.2-.3.5-.3.7s.1.5.3.7z\"\/><\/svg><\/span><\/span><\/span><\/a><\/span><\/div>\n<nav><ul class='ez-toc-list ez-toc-list-level-1 ' ><li class='ez-toc-page-1 ez-toc-heading-level-3'><a class=\"ez-toc-link ez-toc-heading-1\" href=\"https:\/\/enfoquenoticioso.com\/?p=129368\/#INGRESOS_AL_PARQUE\" >INGRESOS AL PARQUE<\/a><\/li><\/ul><\/nav><\/div>\n<h3 id=\"ingresos-al-parque\" class=\"rb-heading-index-0-285805\"><span class=\"ez-toc-section\" id=\"INGRESOS_AL_PARQUE\"><\/span><strong>INGRESOS AL PARQUE<\/strong><span class=\"ez-toc-section-end\"><\/span><\/h3>\n<p>El festival comenzar\u00e1 a las 9 de la ma\u00f1ana y se llevar\u00e1 a cabo en el\u00a0<strong>Parque Francisco de Miranda<\/strong>, en la base a\u00e9rea La Carlota. Los asistentes contar\u00e1 con distintos accesos peatonales para apreciar el concierto.<\/p>\n<p>La primera opci\u00f3n es la\u00a0<strong>entrada principal del Parque General\u00edsimo Francisco de Miranda<\/strong>, mejor conocido como Parque del Este. Tambi\u00e9n estar\u00e1 disponible un paso desde el Centro Comercial Ciudad Tamanaco (CCCT).<\/p>\n<blockquote class=\"instagram-media\" style=\"background: #FFF; border: 0; border-radius: 3px; box-shadow: 0 0 1px 0 rgba(0,0,0,0.5),0 1px 10px 0 rgba(0,0,0,0.15); margin: 1px; max-width: 540px; min-width: 326px; padding: 0; width: calc(100% - 2px);\" data-instgrm-captioned=\"\" data-instgrm-permalink=\"https:\/\/www.instagram.com\/p\/DXx0ZcyDET9\/?utm_source=ig_embed&amp;utm_campaign=loading\" data-instgrm-version=\"14\">\n<\/blockquote>\n<p>Originalmente, las autoridades afirmaron que artistas como Servando y Florentino estar\u00edan presentes, aunque ambos negaron su participaci\u00f3n. Adem\u00e1s, al salsero\u00a0<strong>Porfi Baloa y\u00a0<\/strong><strong>Justin Quiles<\/strong>, quienes fueron incluidos en el primer anuncio, no est\u00e1n en el cartel final del concierto.<\/p>\n<\/p><\/div>\n<p><script async src=\"\/\/www.instagram.com\/embed.js\"><\/script><br \/>\n<br \/><a href=\"https:\/\/noticiasaldiayalahora.co\/entretenimiento\/actualizado-estos-son-los-artistas-que-se-presentaran-hoy-en-concierto-de-la-carlota\/\" class=\" target=\" title=\"Estos son los artistas que se presentar\u00e1n hoy en concierto de La Carlota\" target=\"_blank\" rel=\"noopener\">Ver fuente<\/a><\/p>\n","protected":false},"excerpt":{"rendered":"<p>Las autoridades nacionales avanzan en los preparativos para el concierto que se llevar\u00e1 a cabo este viernes, 1 de mayo, en La Carlota, en Caracas.\u00a0En v\u00edsperas del \u00abfestival\u00bb, trascendieron detalles sobre los artistas que se presentar\u00e1n.\u00a0 El concierto promete una mezcla de g\u00e9neros pocas veces vista en un mismo escenario. Entre los artistas confirmados destacan\u00a0Nicky\u00a0Jam, [&hellip;]<\/p>\n","protected":false},"author":2,"featured_media":129369,"comment_status":"open","ping_status":"closed","sticky":false,"template":"","format":"standard","meta":{"footnotes":""},"categories":[8],"tags":[],"class_list":["post-129368","post","type-post","status-publish","format-standard","has-post-thumbnail","hentry","category-entretenimiento"],"_links":{"self":[{"href":"https:\/\/enfoquenoticioso.com\/index.php?rest_route=\/wp\/v2\/posts\/129368","targetHints":{"allow":["GET"]}}],"collection":[{"href":"https:\/\/enfoquenoticioso.com\/index.php?rest_route=\/wp\/v2\/posts"}],"about":[{"href":"https:\/\/enfoquenoticioso.com\/index.php?rest_route=\/wp\/v2\/types\/post"}],"author":[{"embeddable":true,"href":"https:\/\/enfoquenoticioso.com\/index.php?rest_route=\/wp\/v2\/users\/2"}],"replies":[{"embeddable":true,"href":"https:\/\/enfoquenoticioso.com\/index.php?rest_route=%2Fwp%2Fv2%2Fcomments&post=129368"}],"version-history":[{"count":0,"href":"https:\/\/enfoquenoticioso.com\/index.php?rest_route=\/wp\/v2\/posts\/129368\/revisions"}],"wp:featuredmedia":[{"embeddable":true,"href":"https:\/\/enfoquenoticioso.com\/index.php?rest_route=\/wp\/v2\/media\/129369"}],"wp:attachment":[{"href":"https:\/\/enfoquenoticioso.com\/index.php?rest_route=%2Fwp%2Fv2%2Fmedia&parent=129368"}],"wp:term":[{"taxonomy":"category","embeddable":true,"href":"https:\/\/enfoquenoticioso.com\/index.php?rest_route=%2Fwp%2Fv2%2Fcategories&post=129368"},{"taxonomy":"post_tag","embeddable":true,"href":"https:\/\/enfoquenoticioso.com\/index.php?rest_route=%2Fwp%2Fv2%2Ftags&post=129368"}],"curies":[{"name":"wp","href":"https:\/\/api.w.org\/{rel}","templated":true}]}}