{"id":129378,"date":"2026-05-01T16:37:09","date_gmt":"2026-05-01T16:37:09","guid":{"rendered":"https:\/\/enfoquenoticioso.com\/?p=129378"},"modified":"2026-05-01T16:37:09","modified_gmt":"2026-05-01T16:37:09","slug":"aterriza-en-caracas-este-1-de-mayo-el-primer-vuelo-comercial-operado-por-laser-desde-eeuu","status":"publish","type":"post","link":"https:\/\/enfoquenoticioso.com\/?p=129378","title":{"rendered":"Aterriza en Caracas este 1 de mayo el primer vuelo comercial operado por Laser desde EEUU"},"content":{"rendered":"<div>\n<p>La aeronave despeg\u00f3 desde Miami a las 7:30 de la ma\u00f1ana (hora local) y arrib\u00f3 a territorio venezolano aproximadamente a las 10:45. El vuelo de retorno hacia Estados Unidos qued\u00f3 programado para la 1:30 de la tarde de este mismo viernes, seg\u00fan el itinerario de viaje de la aerol\u00ednea<\/p>\n<p>Un avi\u00f3n operado por la aerol\u00ednea estadounidense Global X, en alianza con la venezolana Laser, aterriz\u00f3 este viernes en el Aeropuerto Internacional de Maiquet\u00eda tras completar su primer vuelo comercial en la ruta Miami\u2013Caracas, en el marco de la reciente reactivaci\u00f3n de las conexiones a\u00e9reas directas entre ambos pa\u00edses.<\/p>\n<p>La aeronave despeg\u00f3 desde Miami a las 7:30 de la ma\u00f1ana (hora local) y arrib\u00f3 a territorio venezolano aproximadamente a las 10:45. El vuelo de retorno hacia Estados Unidos qued\u00f3 programado para la 1:30 de la tarde de este mismo viernes, seg\u00fan el itinerario de viaje de la aerol\u00ednea.<\/p>\n<p>Laser inform\u00f3 que esta ruta contar\u00e1 con frecuencia diaria entre Caracas y Miami y ser\u00e1 operada en aeronaves Airbus A320 con capacidad para 150 pasajeros.<\/p>\n<p>Los vuelos comerciales directos entre ambos pa\u00edses fueron suspendidos en 2019 en medio de las tensiones entre los Gobiernos del entonces presidente venezolano, Nicol\u00e1s Maduro, y su hom\u00f3logo estadounidense, Donald Trump, durante su primer mandato (2017\u20132021), cuando se produjo el cierre de varias rutas a\u00e9reas por razones de seguridad y restricciones regulatorias.<\/p>\n<p>La reactivaci\u00f3n de estas rutas se produjo tras la autorizaci\u00f3n del Departamento de Transporte de Estados Unidos, que en marzo aprob\u00f3 la reanudaci\u00f3n de vuelos hacia los aeropuertos de Maiquet\u00eda y Maracaibo por parte de American Airlines, luego de inspecciones realizadas por la Administraci\u00f3n de Seguridad en el Transporte (TSA) en terminales venezolanos.<\/p>\n<p>El jueves se produjo el aterrizaje de un vuelo de American Airlines en Maiquet\u00eda, el primero directo entre ambos pa\u00edses tras siete a\u00f1os de suspensi\u00f3n, en el que viaj\u00f3 una delegaci\u00f3n estadounidense encabezada por el director del Consejo Nacional de Dominio Energ\u00e9tico, Jarrod Agen, junto a empresarios del sector energ\u00e9tico.<\/p>\n<p>Las autoridades venezolanas y estadounidenses calificaron ese hecho como un paso en la normalizaci\u00f3n de las relaciones a\u00e9reas y comerciales.<\/p>\n<p>Desde el lado oficial, se ha se\u00f1alado que la reapertura de estas rutas forma parte de una agenda de acercamiento econ\u00f3mico y diplom\u00e1tico, en la que se prev\u00e9 la ampliaci\u00f3n progresiva de vuelos y la reactivaci\u00f3n de conexiones comerciales entre ambos pa\u00edses.<\/p>\n<p>\u00a0<\/p>\n<\/p><\/div>\n<p><a href=\"https:\/\/noticiasaldiayalahora.co\/internacionales\/aterriza-en-caracas-este-1-de-mayo-el-primer-vuelo-comercial-operado-por-laser-desde-eeuu\/\" class=\" target=\" title=\"Aterriza en Caracas este 1 de mayo el primer vuelo comercial operado por Laser desde EEUU\" target=\"_blank\" rel=\"noopener\">Ver fuente<\/a><\/p>\n","protected":false},"excerpt":{"rendered":"<p>La aeronave despeg\u00f3 desde Miami a las 7:30 de la ma\u00f1ana (hora local) y arrib\u00f3 a territorio venezolano aproximadamente a las 10:45. El vuelo de retorno hacia Estados Unidos qued\u00f3 programado para la 1:30 de la tarde de este mismo viernes, seg\u00fan el itinerario de viaje de la aerol\u00ednea Un avi\u00f3n operado por la aerol\u00ednea [&hellip;]<\/p>\n","protected":false},"author":2,"featured_media":129379,"comment_status":"open","ping_status":"closed","sticky":false,"template":"","format":"standard","meta":{"footnotes":""},"categories":[6],"tags":[],"class_list":["post-129378","post","type-post","status-publish","format-standard","has-post-thumbnail","hentry","category-internacionales"],"_links":{"self":[{"href":"https:\/\/enfoquenoticioso.com\/index.php?rest_route=\/wp\/v2\/posts\/129378","targetHints":{"allow":["GET"]}}],"collection":[{"href":"https:\/\/enfoquenoticioso.com\/index.php?rest_route=\/wp\/v2\/posts"}],"about":[{"href":"https:\/\/enfoquenoticioso.com\/index.php?rest_route=\/wp\/v2\/types\/post"}],"author":[{"embeddable":true,"href":"https:\/\/enfoquenoticioso.com\/index.php?rest_route=\/wp\/v2\/users\/2"}],"replies":[{"embeddable":true,"href":"https:\/\/enfoquenoticioso.com\/index.php?rest_route=%2Fwp%2Fv2%2Fcomments&post=129378"}],"version-history":[{"count":0,"href":"https:\/\/enfoquenoticioso.com\/index.php?rest_route=\/wp\/v2\/posts\/129378\/revisions"}],"wp:featuredmedia":[{"embeddable":true,"href":"https:\/\/enfoquenoticioso.com\/index.php?rest_route=\/wp\/v2\/media\/129379"}],"wp:attachment":[{"href":"https:\/\/enfoquenoticioso.com\/index.php?rest_route=%2Fwp%2Fv2%2Fmedia&parent=129378"}],"wp:term":[{"taxonomy":"category","embeddable":true,"href":"https:\/\/enfoquenoticioso.com\/index.php?rest_route=%2Fwp%2Fv2%2Fcategories&post=129378"},{"taxonomy":"post_tag","embeddable":true,"href":"https:\/\/enfoquenoticioso.com\/index.php?rest_route=%2Fwp%2Fv2%2Ftags&post=129378"}],"curies":[{"name":"wp","href":"https:\/\/api.w.org\/{rel}","templated":true}]}}