{"id":129384,"date":"2026-05-01T18:39:09","date_gmt":"2026-05-01T18:39:09","guid":{"rendered":"https:\/\/enfoquenoticioso.com\/?p=129384"},"modified":"2026-05-01T18:39:09","modified_gmt":"2026-05-01T18:39:09","slug":"fundacion-ruben-limardo-tiene-sede-oficial","status":"publish","type":"post","link":"https:\/\/enfoquenoticioso.com\/?p=129384","title":{"rendered":"Fundaci\u00f3n Rub\u00e9n Limardo tiene sede oficial"},"content":{"rendered":"<div>\n<p>En el marco del inicio del Open \u00c9lite de esgrima, este jueves se reinaugur\u00f3 oficialmente el gimnasio Jes\u00fas \u00abChuch\u00fa\u00bb Gruber como la sede de la Fundaci\u00f3n Rub\u00e9n Limardo en el estado Bol\u00edvar.<\/p>\n<p>El evento, que comenz\u00f3 con las pruebas de la categor\u00eda cadete, marca un hito en la infraestructura deportiva del sur del pa\u00eds.<\/p>\n<p>Durante el acto inaugural, el medallista ol\u00edmpico en Londres 2012, Rub\u00e9n Limardo expres\u00f3 su agradecimiento al Ministro del Deporte, Franklin Cardillo, a la Alcald\u00eda de Angostura del Orinoco y a la Gobernaci\u00f3n del estado Bol\u00edvar por el apoyo en la recuperaci\u00f3n del recinto.<\/p>\n<p>\u00abEsta sala de armas est\u00e1 abierta para todos los esgrimistas del pa\u00eds y funcionar\u00e1 como un centro estrat\u00e9gico para las selecciones nacionales\u00bb, explic\u00f3 el espadista guayan\u00e9s, m\u00e1ximo ganador de medallas doradas en Panamericanos de esgrima.<\/p>\n<p>Promesa familiar<\/p>\n<p>Para Limardo, esta reinauguraci\u00f3n trasciende lo deportivo; es el cumplimiento de una promesa familiar.<\/p>\n<p>\u00abDurante muchos a\u00f1os estuve detr\u00e1s de este proyecto para recuperar el gimnasio. Este espacio era el gran sue\u00f1o de mi madre, Gaby, y su legado y memoria nos ha impulsado a convertir el \u00abChuch\u00fa\u00bb Guber en la sede de la Fundaci\u00f3n\u00bb, recalc\u00f3 emocionado el dos veces subcampe\u00f3n mundial de espada.<\/p>\n<p>Limardo se mostr\u00f3 complacido, porque durante muchos a\u00f1os estuvo detr\u00e1s de la concreci\u00f3n de este proyecto familiar que se ve cumplido, mediante el respaldo institucional.<\/p>\n<p>\u00abEl gimnasio en su momento decay\u00f3, pero la gesti\u00f3n de la Fundaci\u00f3n hizo todo lo posible para recuperarlo\u201d, subray\u00f3 el tercer medallista \u00e1ureo en la historia de los Juegos Ol\u00edmpicos para Venezuela, despu\u00e9s del boxeador Francisco \u00abMorochito\u00bb Rodr\u00edguez en M\u00e9xico 1968 y el taekwondista Arlindo Gouveia en Barcelona 1992.<\/p>\n<p><strong>Lee tambi\u00e9n: <a href=\"https:\/\/www.liderendeportes.com\/wp-admin\/post.php?post=2321937&amp;action=edit\" target=\"_blank\" rel=\"noopener\">Softbol sub-23 abri\u00f3 la superronda con victoria<\/a><\/strong><\/p>\n<p>Infraestructura de \u00e9lite<\/p>\n<p>El renovado \u00abChuch\u00fa\u00bb Gruber no solo ofrece pistas de combate, sino que ha sido acondicionado para albergar campamentos de entrenamiento de alta competencia.<\/p>\n<p>Gracias al esfuerzo interinstitucional, el centro cuenta ahora con dormitorios con capacidad para 24 atletas, divididos en 12 plazas femeninas y 12 masculinas para albergar las concentraciones nacionales.<\/p>\n<p>Asimismo, se ha dispuesto una gesti\u00f3n log\u00edstica completa que incluye apoyo en transporte, suministro de combustible y un esquema de hoteler\u00eda y alimentaci\u00f3n para las delegaciones visitantes.<\/p>\n<p>\u00abNos esforzamos bastante para darle un digno espect\u00e1culo a las delegaciones, para que vivan en el Open \u00c9lite y el clasificatorio a los Juegos Nacionales una bonita experiencia y disfruten de una buena organizaci\u00f3n\u00bb, recalc\u00f3 el n\u00famero uno de la espada venezolana.<\/p>\n<p>Proyecto nacional<\/p>\n<p>M\u00e1s all\u00e1 de la infraestructura lograda en su tierra natal, Limardo se\u00f1al\u00f3 que este logro es solo una parte de un plan m\u00e1s ambicioso para el desarrollo de la disciplina.<\/p>\n<p>\u00abEste sue\u00f1o no termina con esta inauguraci\u00f3n. Nuestro objetivo es llevar esta misma estructura y modelo de gesti\u00f3n a Caracas\u00ab, sentenci\u00f3 el capit\u00e1n de la espada nacional que busca clasificar a los sextos Juegos Ol\u00edmpicos en fila, en Los \u00c1ngeles 2028.<\/p>\n<p>Disciplina deportiva<\/p>\n<p>Al cierre de la jornada inaugural, el referente de la espada mundial dej\u00f3 un mensaje de perseverancia para los j\u00f3venes que hoy disputan, en el renovado gimnasio, el clasificatorio para los Juegos Nacionales Juveniles 2026..<\/p>\n<p>\u00abEl deporte nos ense\u00f1a a nosotros que nos tenemos que levantar todos los d\u00edas y buscar el \u00e1nimo para salir adelante, porque el resultado no se va a dar de un d\u00eda para otro. Utilicen el deporte como herramienta para la disciplina, para la superaci\u00f3n, para que en alg\u00fan momento de su vida puedan tener \u00e9xito\u00bb, reflexion\u00f3.<\/p>\n<p>Con esta nueva sede, la esgrima venezolana consolida un nodo de desarrollo que ahora proyecta su expansi\u00f3n hacia el centro del pa\u00eds.<\/p>\n<p>El cronograma del clasificatorio tendr\u00e1 sus jornadas decisivas este viernes y domingo en suelo bolivarense.<\/p>\n<p>Prensa Mindeporte<a href=\"https:\/\/mindeporte.gob.ve\/2026\/05\/01\/\" target=\"_blank\" rel=\"noopener\"><\/p>\n<\/div>\n<p><a href=\"https:\/\/www.liderendeportes.com\/noticias\/mas-deportes\/fundacion-ruben-limardo-tiene-sede-oficial\/\" class=\" target=\" title=\"Fundaci\u00f3n Rub\u00e9n Limardo tiene sede oficial\" target=\"_blank\" rel=\"noopener\">Ver fuente<\/a><\/p>\n","protected":false},"excerpt":{"rendered":"<p>En el marco del inicio del Open \u00c9lite de esgrima, este jueves se reinaugur\u00f3 oficialmente el gimnasio Jes\u00fas \u00abChuch\u00fa\u00bb Gruber como la sede de la Fundaci\u00f3n Rub\u00e9n Limardo en el estado Bol\u00edvar. El evento, que comenz\u00f3 con las pruebas de la categor\u00eda cadete, marca un hito en la infraestructura deportiva del sur del pa\u00eds. Durante [&hellip;]<\/p>\n","protected":false},"author":2,"featured_media":129385,"comment_status":"open","ping_status":"closed","sticky":false,"template":"","format":"standard","meta":{"footnotes":""},"categories":[7],"tags":[],"class_list":["post-129384","post","type-post","status-publish","format-standard","has-post-thumbnail","hentry","category-deporte"],"_links":{"self":[{"href":"https:\/\/enfoquenoticioso.com\/index.php?rest_route=\/wp\/v2\/posts\/129384","targetHints":{"allow":["GET"]}}],"collection":[{"href":"https:\/\/enfoquenoticioso.com\/index.php?rest_route=\/wp\/v2\/posts"}],"about":[{"href":"https:\/\/enfoquenoticioso.com\/index.php?rest_route=\/wp\/v2\/types\/post"}],"author":[{"embeddable":true,"href":"https:\/\/enfoquenoticioso.com\/index.php?rest_route=\/wp\/v2\/users\/2"}],"replies":[{"embeddable":true,"href":"https:\/\/enfoquenoticioso.com\/index.php?rest_route=%2Fwp%2Fv2%2Fcomments&post=129384"}],"version-history":[{"count":0,"href":"https:\/\/enfoquenoticioso.com\/index.php?rest_route=\/wp\/v2\/posts\/129384\/revisions"}],"wp:featuredmedia":[{"embeddable":true,"href":"https:\/\/enfoquenoticioso.com\/index.php?rest_route=\/wp\/v2\/media\/129385"}],"wp:attachment":[{"href":"https:\/\/enfoquenoticioso.com\/index.php?rest_route=%2Fwp%2Fv2%2Fmedia&parent=129384"}],"wp:term":[{"taxonomy":"category","embeddable":true,"href":"https:\/\/enfoquenoticioso.com\/index.php?rest_route=%2Fwp%2Fv2%2Fcategories&post=129384"},{"taxonomy":"post_tag","embeddable":true,"href":"https:\/\/enfoquenoticioso.com\/index.php?rest_route=%2Fwp%2Fv2%2Ftags&post=129384"}],"curies":[{"name":"wp","href":"https:\/\/api.w.org\/{rel}","templated":true}]}}