{"id":129386,"date":"2026-05-01T19:10:04","date_gmt":"2026-05-01T19:10:04","guid":{"rendered":"https:\/\/enfoquenoticioso.com\/?p=129386"},"modified":"2026-05-01T19:10:04","modified_gmt":"2026-05-01T19:10:04","slug":"los-mets-no-tienen-pensado-sacar-a-carlos-mendoza","status":"publish","type":"post","link":"https:\/\/enfoquenoticioso.com\/?p=129386","title":{"rendered":"Los Mets no tienen pensado sacar a Carlos Mendoza"},"content":{"rendered":"<div data-td-block-uid=\"tdi_72\">\n<div class=\"tdb-block-inner td-fix-index\">\n<p>Los Mets de Nueva York han registrado una muy mala temporada 2026 de las Grandes Ligas al sumar apens 10 victorias en 31 partidos, situaci\u00f3n que los mantiene en el \u00faltimo lugar de su divisi\u00f3n.<\/p>\n<p>Mucho se ha especulado sobre el futuro del equipo y especialmente del manager Carlos Mendoza. Sin embargo, su cargo dentro del club parece estar bastante protegido por la confianza que tienen en \u00e9l.<\/p>\n<p>El presidente de operaciones de b\u00e9isbol del equipo, David Stearns, asegur\u00f3 este viernes a diversos medios de comunicaci\u00f3n que no tienen pensado retirar del cargo al venezolano y afirm\u00f3 que esperan poder salir de este bache.<\/p>\n<p>\u201cSabemos que nuestro r\u00e9cord no es el que queremos, y sabemos que somos capaces de m\u00e1s. No vemos esto como un problema del manager, y no tenemos la intenci\u00f3n de hacer un cambio\u201d, dijo Stearns para MLB.com.<\/p>\n<p><strong>Lee tambi\u00e9n: <a href=\"https:\/\/www.liderendeportes.com\/wp-admin\/post.php?post=2321934&amp;action=edit\" target=\"_blank\" rel=\"noopener\">Samanes acab\u00f3 con la racha de Guerreros<\/a><\/strong><\/p>\n<p>\u00abCreo que Mendy est\u00e1 haciendo un trabajo excelente. Creo que est\u00e1 poniendo a nuestros jugadores en la posici\u00f3n ideal para triunfar. Es sumamente constante. As\u00ed que no, no estoy de acuerdo con eso\u00bb, agreg\u00f3 el directivo.<\/p>\n<p>La racha de 10-21 de los Mets es la tercera peor en la historia de la franquicia, aunque esto no baja la cabeza del equipo y esperan mejorar conforme vaya avanzando el torneo.<\/p>\n<p>\u00abCreo que, tanto en lo que respecta a c\u00f3mo dirige en el vestuario como a c\u00f3mo coloca a los jugadores en las posiciones correctas, ya sean enfrentamientos desde el bullpen o los enfrentamientos adecuados en los partidos. est\u00e1 haciendo un buen trabajo\u00bb, conclu\u00fdo.<\/p>\n<p>Es importante resaltar que el equipo sufri\u00f3 recientemente la lesi\u00f3n de Francisco Lindor, quien se ha consagrado como uno de los pilares m\u00e1s importantes en el diamante.<\/p>\n<\/div>\n<\/div>\n<p><a href=\"https:\/\/www.liderendeportes.com\/noticias\/baseball\/baseball-grandes-ligas\/los-mets-no-tienen-pensado-sacar-a-carlos-mendoza\/\" class=\" target=\" title=\"Los Mets no tienen pensado sacar a Carlos Mendoza\" target=\"_blank\" rel=\"noopener\">Ver fuente<\/a><\/p>\n","protected":false},"excerpt":{"rendered":"<p>Los Mets de Nueva York han registrado una muy mala temporada 2026 de las Grandes Ligas al sumar apens 10 victorias en 31 partidos, situaci\u00f3n que los mantiene en el \u00faltimo lugar de su divisi\u00f3n. Mucho se ha especulado sobre el futuro del equipo y especialmente del manager Carlos Mendoza. Sin embargo, su cargo dentro [&hellip;]<\/p>\n","protected":false},"author":2,"featured_media":129387,"comment_status":"open","ping_status":"closed","sticky":false,"template":"","format":"standard","meta":{"footnotes":""},"categories":[7],"tags":[],"class_list":["post-129386","post","type-post","status-publish","format-standard","has-post-thumbnail","hentry","category-deporte"],"_links":{"self":[{"href":"https:\/\/enfoquenoticioso.com\/index.php?rest_route=\/wp\/v2\/posts\/129386","targetHints":{"allow":["GET"]}}],"collection":[{"href":"https:\/\/enfoquenoticioso.com\/index.php?rest_route=\/wp\/v2\/posts"}],"about":[{"href":"https:\/\/enfoquenoticioso.com\/index.php?rest_route=\/wp\/v2\/types\/post"}],"author":[{"embeddable":true,"href":"https:\/\/enfoquenoticioso.com\/index.php?rest_route=\/wp\/v2\/users\/2"}],"replies":[{"embeddable":true,"href":"https:\/\/enfoquenoticioso.com\/index.php?rest_route=%2Fwp%2Fv2%2Fcomments&post=129386"}],"version-history":[{"count":0,"href":"https:\/\/enfoquenoticioso.com\/index.php?rest_route=\/wp\/v2\/posts\/129386\/revisions"}],"wp:featuredmedia":[{"embeddable":true,"href":"https:\/\/enfoquenoticioso.com\/index.php?rest_route=\/wp\/v2\/media\/129387"}],"wp:attachment":[{"href":"https:\/\/enfoquenoticioso.com\/index.php?rest_route=%2Fwp%2Fv2%2Fmedia&parent=129386"}],"wp:term":[{"taxonomy":"category","embeddable":true,"href":"https:\/\/enfoquenoticioso.com\/index.php?rest_route=%2Fwp%2Fv2%2Fcategories&post=129386"},{"taxonomy":"post_tag","embeddable":true,"href":"https:\/\/enfoquenoticioso.com\/index.php?rest_route=%2Fwp%2Fv2%2Ftags&post=129386"}],"curies":[{"name":"wp","href":"https:\/\/api.w.org\/{rel}","templated":true}]}}