{"id":129392,"date":"2026-05-01T20:43:04","date_gmt":"2026-05-01T20:43:04","guid":{"rendered":"https:\/\/enfoquenoticioso.com\/?p=129392"},"modified":"2026-05-01T20:43:04","modified_gmt":"2026-05-01T20:43:04","slug":"nadie-del-real-madrid-ha-hablado-conmigo","status":"publish","type":"post","link":"https:\/\/enfoquenoticioso.com\/?p=129392","title":{"rendered":"Nadie del Real Madrid ha hablado conmigo"},"content":{"rendered":"<div data-td-block-uid=\"tdi_72\">\n<div class=\"tdb-block-inner td-fix-index\">\n<p>El entrenador del Benfica, Jos\u00e9 Mourinho, asegur\u00f3 este viernes que no ha sido contactado por ning\u00fan representante del Real Madrid para tocar la opci\u00f3n de su regreso como estratega del club espa\u00f1ol.<\/p>\n<p>Estas declaraciones las realiz\u00f3 el portugu\u00e9s durante la rueda de prensa previa al partido que tendr\u00e1n este s\u00e1bado contra el Famalic\u00e3o por la Liga de Portugal.<\/p>\n<p>\u00abDel Real Madrid nadie habl\u00f3 conmigo, puedo garantizarlo. Ya llevo tantos a\u00f1os en el f\u00fatbol como t\u00fa en el periodismo, y ya estamos acostumbrados a estas cosas, pero nada del Real Madrid\u00bb, expres\u00f3.<\/p>\n<p><strong>Lee tambi\u00e9n: <a href=\"https:\/\/www.liderendeportes.com\/wp-admin\/post.php?post=2321878&amp;action=edit\" target=\"_blank\" rel=\"noopener\">Real Madrid, con \u00absorpresas\u00bb para el banquillo y una negativa<\/a><\/strong><\/p>\n<p>Estas palabras acaban con los presuntos rumores sobre una posible negociaci\u00f3n entre \u00e9l y el conjunto merengue para tomar el mando de cara a la pr\u00f3xima temporada de LaLiga.<\/p>\n<p>Con respecto a su renovaci\u00f3n con el Benfica, el entrenador destac\u00f3 que todav\u00eda le queda con a\u00f1o con el club y no puede adelantar nada sobre el futuro.<\/p>\n<p>\u00abNo puedo adelantar nada. Ya le dije a su colega que sobre el Real Madrid nada y sobre el Benfica ustedes conocen la situaci\u00f3n. Tengo un a\u00f1o m\u00e1s de contrato con el Benfica y ya est\u00e1\u00bb, dijo.<\/p>\n<p>Recordemos que Mourinho estuvo al mando del Real Madrid de 2010 al 2013, donde logr\u00f3 varios t\u00edtulos de campe\u00f3n.<\/p>\n<\/div>\n<\/div>\n<p><a href=\"https:\/\/www.liderendeportes.com\/noticias\/futbol\/futbol-europeo\/mourinho-nadie-del-real-madrid-ha-hablado-conmigo\/\" class=\" target=\" title=\"\" Nadie del Real Madrid ha hablado target=\"_blank\" rel=\"noopener\">Ver fuente<\/a><\/p>\n","protected":false},"excerpt":{"rendered":"<p>El entrenador del Benfica, Jos\u00e9 Mourinho, asegur\u00f3 este viernes que no ha sido contactado por ning\u00fan representante del Real Madrid para tocar la opci\u00f3n de su regreso como estratega del club espa\u00f1ol. Estas declaraciones las realiz\u00f3 el portugu\u00e9s durante la rueda de prensa previa al partido que tendr\u00e1n este s\u00e1bado contra el Famalic\u00e3o por la [&hellip;]<\/p>\n","protected":false},"author":2,"featured_media":129393,"comment_status":"open","ping_status":"closed","sticky":false,"template":"","format":"standard","meta":{"footnotes":""},"categories":[7],"tags":[],"class_list":["post-129392","post","type-post","status-publish","format-standard","has-post-thumbnail","hentry","category-deporte"],"_links":{"self":[{"href":"https:\/\/enfoquenoticioso.com\/index.php?rest_route=\/wp\/v2\/posts\/129392","targetHints":{"allow":["GET"]}}],"collection":[{"href":"https:\/\/enfoquenoticioso.com\/index.php?rest_route=\/wp\/v2\/posts"}],"about":[{"href":"https:\/\/enfoquenoticioso.com\/index.php?rest_route=\/wp\/v2\/types\/post"}],"author":[{"embeddable":true,"href":"https:\/\/enfoquenoticioso.com\/index.php?rest_route=\/wp\/v2\/users\/2"}],"replies":[{"embeddable":true,"href":"https:\/\/enfoquenoticioso.com\/index.php?rest_route=%2Fwp%2Fv2%2Fcomments&post=129392"}],"version-history":[{"count":0,"href":"https:\/\/enfoquenoticioso.com\/index.php?rest_route=\/wp\/v2\/posts\/129392\/revisions"}],"wp:featuredmedia":[{"embeddable":true,"href":"https:\/\/enfoquenoticioso.com\/index.php?rest_route=\/wp\/v2\/media\/129393"}],"wp:attachment":[{"href":"https:\/\/enfoquenoticioso.com\/index.php?rest_route=%2Fwp%2Fv2%2Fmedia&parent=129392"}],"wp:term":[{"taxonomy":"category","embeddable":true,"href":"https:\/\/enfoquenoticioso.com\/index.php?rest_route=%2Fwp%2Fv2%2Fcategories&post=129392"},{"taxonomy":"post_tag","embeddable":true,"href":"https:\/\/enfoquenoticioso.com\/index.php?rest_route=%2Fwp%2Fv2%2Ftags&post=129392"}],"curies":[{"name":"wp","href":"https:\/\/api.w.org\/{rel}","templated":true}]}}